{"id":360203,"date":"2025-08-06T00:00:36","date_gmt":"2025-08-06T03:00:36","guid":{"rendered":"https:\/\/www.notibras.com\/site\/?p=360203"},"modified":"2025-08-06T07:43:14","modified_gmt":"2025-08-06T10:43:14","slug":"festival-curicaca-premiara-solucoes-em-transformacao-digital-e-ia","status":"publish","type":"post","link":"https:\/\/www.notibras.com\/site\/festival-curicaca-premiara-solucoes-em-transformacao-digital-e-ia\/","title":{"rendered":"Festival Curicaca premiar\u00e1 solu\u00e7\u00f5es em transforma\u00e7\u00e3o digital e IA"},"content":{"rendered":"<p>Est\u00e3o abertas, at\u00e9 22 de agosto, as inscri\u00e7\u00f5es para o desafio nacional de inova\u00e7\u00e3o do Festival Curicaca. O edital lan\u00e7ado hoje (5) pela Ag\u00eancia Brasileira de Desenvolvimento Industrial (ABDI) \u00e9 destinado a solu\u00e7\u00f5es tecnol\u00f3gicas inovadoras voltadas ao enfrentamento de desafios produtivos e territoriais do pa\u00eds desenvolvidos por pessoas f\u00edsicas e jur\u00eddicas. O objetivo do concurso \u00e9 fomentar o desenvolvimento de tecnologias voltadas \u00e0 transforma\u00e7\u00e3o digital e \u00e0 intelig\u00eancia artificial, contribuindo para o fortalecimento da Nova Ind\u00fastria Brasil (NIB).<\/p>\n<p>Podem participar startups, empreendedores, pesquisadores e cidad\u00e3os inovadores. O concurso est\u00e1 estruturado em duas categorias: idea\u00e7\u00e3o, voltada a pessoas f\u00edsicas com ideias inovadoras ainda em fase inicial, e valida\u00e7\u00e3o, para solu\u00e7\u00f5es j\u00e1 testadas e desenvolvidas por startups e empresas. Os projetos poder\u00e3o ser inscritos em um dos cinco eixos tem\u00e1ticos: agricultura familiar digital e sustent\u00e1vel; sa\u00fade para todos; transforma\u00e7\u00e3o digital na ind\u00fastria e cadeias produtivas; economia circular e cidades inteligentes, sustent\u00e1veis e resilientes.<\/p>\n<p>Ao todo, ser\u00e3o premiados at\u00e9 20 projetos; 10 em cada uma das duas categorias. Os valores das premia\u00e7\u00f5es variam entre R$ 5 mil e R$ 15 mil, conforme a categoria e o eixo tem\u00e1tico. O valor total distribu\u00eddo ser\u00e1 de at\u00e9 R$ 200 mil.<\/p>\n<p>A Universidade de Bras\u00edlia (UNB), o Instituto Federal de Bras\u00edlia (IFB), a Universidade Cat\u00f3lica de Bras\u00edlia (UCB) e a Secretaria de Educa\u00e7\u00e3o Profissional e Tecnol\u00f3gica do Minist\u00e9rio da Educa\u00e7\u00e3o (MEC) s\u00e3o alguns dos apoiadores da iniciativa.<\/p>\n<p>Organizado pela Ag\u00eancia Brasileira de Desenvolvimento Industrial (ABDI), vinculada ao Minist\u00e9rio do Desenvolvimento, Ind\u00fastria, Com\u00e9rcio e Servi\u00e7os (MDIC), o Festival Curicaca ser\u00e1 realizado entre os dias 7 e 11 de outubro no Est\u00e1dio Man\u00e9 Garrincha, em Bras\u00edlia, e pretende atrair 100 mil pessoas. Inspirado em modelos internacionais como o South by Southwest (SXSW), o evento reunir\u00e1 iniciativas p\u00fablicas e privadas, palestras, experi\u00eancias imersivas e apresenta\u00e7\u00f5es culturais. Outras informa\u00e7\u00f5es podem ser obtidas pelo e-mail licitacao@abdi.com.br.<\/p>\n","protected":false},"excerpt":{"rendered":"<p>Est\u00e3o abertas, at\u00e9 22 de agosto, as inscri\u00e7\u00f5es para o desafio nacional de inova\u00e7\u00e3o do Festival Curicaca. O edital lan\u00e7ado hoje (5) pela Ag\u00eancia Brasileira de Desenvolvimento Industrial (ABDI) \u00e9 destinado a solu\u00e7\u00f5es tecnol\u00f3gicas inovadoras voltadas ao enfrentamento de desafios produtivos e territoriais do pa\u00eds desenvolvidos por pessoas f\u00edsicas e jur\u00eddicas. O objetivo do concurso [&hellip;]<\/p>\n","protected":false},"author":2,"featured_media":323709,"comment_status":"closed","ping_status":"closed","sticky":false,"template":"","format":"standard","meta":{"_acf_changed":false,"footnotes":""},"categories":[161],"tags":[],"class_list":["post-360203","post","type-post","status-publish","format-standard","has-post-thumbnail","hentry","category-quadradinho-em-foco"],"acf":[],"_links":{"self":[{"href":"https:\/\/www.notibras.com\/site\/wp-json\/wp\/v2\/posts\/360203","targetHints":{"allow":["GET"]}}],"collection":[{"href":"https:\/\/www.notibras.com\/site\/wp-json\/wp\/v2\/posts"}],"about":[{"href":"https:\/\/www.notibras.com\/site\/wp-json\/wp\/v2\/types\/post"}],"author":[{"embeddable":true,"href":"https:\/\/www.notibras.com\/site\/wp-json\/wp\/v2\/users\/2"}],"replies":[{"embeddable":true,"href":"https:\/\/www.notibras.com\/site\/wp-json\/wp\/v2\/comments?post=360203"}],"version-history":[{"count":1,"href":"https:\/\/www.notibras.com\/site\/wp-json\/wp\/v2\/posts\/360203\/revisions"}],"predecessor-version":[{"id":360204,"href":"https:\/\/www.notibras.com\/site\/wp-json\/wp\/v2\/posts\/360203\/revisions\/360204"}],"wp:featuredmedia":[{"embeddable":true,"href":"https:\/\/www.notibras.com\/site\/wp-json\/wp\/v2\/media\/323709"}],"wp:attachment":[{"href":"https:\/\/www.notibras.com\/site\/wp-json\/wp\/v2\/media?parent=360203"}],"wp:term":[{"taxonomy":"category","embeddable":true,"href":"https:\/\/www.notibras.com\/site\/wp-json\/wp\/v2\/categories?post=360203"},{"taxonomy":"post_tag","embeddable":true,"href":"https:\/\/www.notibras.com\/site\/wp-json\/wp\/v2\/tags?post=360203"}],"curies":[{"name":"wp","href":"https:\/\/api.w.org\/{rel}","templated":true}]}}