{"id":360205,"date":"2025-08-06T00:00:09","date_gmt":"2025-08-06T03:00:09","guid":{"rendered":"https:\/\/www.notibras.com\/site\/?p=360205"},"modified":"2025-08-06T07:48:58","modified_gmt":"2025-08-06T10:48:58","slug":"ministro-vota-por-anular-condenacao-de-adriana-villela","status":"publish","type":"post","link":"https:\/\/www.notibras.com\/site\/ministro-vota-por-anular-condenacao-de-adriana-villela\/","title":{"rendered":"Ministro vota por anular condena\u00e7\u00e3o de Adriana Villela"},"content":{"rendered":"<p>O ministro Sebasti\u00e3o Reis J\u00fanior, do Superior Tribunal de Justi\u00e7a (STJ), votou nesta ter\u00e7a-feira (5) pela anula\u00e7\u00e3o da condena\u00e7\u00e3o da arquiteta Adriana Villela a 61 anos de pris\u00e3o no caso que ficou conhecido como &#8220;Crime da 113 Sul&#8221;, em Bras\u00edlia.<\/p>\n<p>Apesar da manifesta\u00e7\u00e3o, o julgamento foi suspenso por um pedido de vista do ministro Og Fernandes e n\u00e3o tem data para ser retomado.<\/p>\n<p>Em 2009, o advogado e ex-ministro do Tribunal Superior Eleitoral (TSE) Jos\u00e9 Guilherme Villela, a esposa dele, Maria Carvalho Villela, e a empregada da fam\u00edlia, Francisca Nascimento da Silva, foram mortos a facadas no apartamento em que moravam na quadra 113 da Asa Sul, bairro de Bras\u00edlia.<\/p>\n<p>Ap\u00f3s a investiga\u00e7\u00e3o, Adriana Villela, filha do casal, foi acusada de ser a mandante do crime, que, segundo o processo, foi executado por um ex-porteiro do pr\u00e9dio, seu sobrinho e outro comparsa.<\/p>\n<p>O voto de Sebasti\u00e3o Reis foi proferido durante o julgamento no qual a Sexta Turma do STJ julga um pedido da defesa da arquiteta para anular a condena\u00e7\u00e3o e outro pedido do Minist\u00e9rio P\u00fablico para que a pris\u00e3o de Adriana seja determinada imediatamente.<\/p>\n<p>Ao votar sobre a quest\u00e3o, o ministro entendeu que a condena\u00e7\u00e3o deve ser anulada pela falta de acesso da defesa aos depoimentos extrajudiciais dos r\u00e9us que imputaram a Adriana a autoria do assassinato. \u201cO acesso \u00e0s provas pela defesa, antes da aprecia\u00e7\u00e3o do processo, \u00e9 condi\u00e7\u00e3o para assegurar o contradit\u00f3rio e a ampla defesa, permitindo a sua instrumentaliza\u00e7\u00e3o de forma eficaz&#8221;, afirmou o ministro.<\/p>\n<p>At\u00e9 o momento, o placar do julgamento est\u00e1 empatado em 1 a 1. Em mar\u00e7o deste ano, o ministro Rog\u00e9rio Schietti, relator do processo, votou pela pris\u00e3o imediata de Adriana Villela. Em seguida, o julgamento foi suspenso por um pedido de vista do ministro Sebasti\u00e3o Reis, que proferiu sua manifesta\u00e7\u00e3o na sess\u00e3o de hoje.<\/p>\n<p>Em 2019, Adriana Vilela foi condenada a 61 anos de pris\u00e3o pelo Tribunal do J\u00fari de Bras\u00edlia. Desde a senten\u00e7a, a acusada recorre em liberdade.<\/p>\n","protected":false},"excerpt":{"rendered":"<p>O ministro Sebasti\u00e3o Reis J\u00fanior, do Superior Tribunal de Justi\u00e7a (STJ), votou nesta ter\u00e7a-feira (5) pela anula\u00e7\u00e3o da condena\u00e7\u00e3o da arquiteta Adriana Villela a 61 anos de pris\u00e3o no caso que ficou conhecido como &#8220;Crime da 113 Sul&#8221;, em Bras\u00edlia. Apesar da manifesta\u00e7\u00e3o, o julgamento foi suspenso por um pedido de vista do ministro Og [&hellip;]<\/p>\n","protected":false},"author":2,"featured_media":360206,"comment_status":"closed","ping_status":"closed","sticky":false,"template":"","format":"standard","meta":{"_acf_changed":false,"footnotes":""},"categories":[161],"tags":[],"class_list":["post-360205","post","type-post","status-publish","format-standard","has-post-thumbnail","hentry","category-quadradinho-em-foco"],"acf":[],"_links":{"self":[{"href":"https:\/\/www.notibras.com\/site\/wp-json\/wp\/v2\/posts\/360205","targetHints":{"allow":["GET"]}}],"collection":[{"href":"https:\/\/www.notibras.com\/site\/wp-json\/wp\/v2\/posts"}],"about":[{"href":"https:\/\/www.notibras.com\/site\/wp-json\/wp\/v2\/types\/post"}],"author":[{"embeddable":true,"href":"https:\/\/www.notibras.com\/site\/wp-json\/wp\/v2\/users\/2"}],"replies":[{"embeddable":true,"href":"https:\/\/www.notibras.com\/site\/wp-json\/wp\/v2\/comments?post=360205"}],"version-history":[{"count":1,"href":"https:\/\/www.notibras.com\/site\/wp-json\/wp\/v2\/posts\/360205\/revisions"}],"predecessor-version":[{"id":360207,"href":"https:\/\/www.notibras.com\/site\/wp-json\/wp\/v2\/posts\/360205\/revisions\/360207"}],"wp:featuredmedia":[{"embeddable":true,"href":"https:\/\/www.notibras.com\/site\/wp-json\/wp\/v2\/media\/360206"}],"wp:attachment":[{"href":"https:\/\/www.notibras.com\/site\/wp-json\/wp\/v2\/media?parent=360205"}],"wp:term":[{"taxonomy":"category","embeddable":true,"href":"https:\/\/www.notibras.com\/site\/wp-json\/wp\/v2\/categories?post=360205"},{"taxonomy":"post_tag","embeddable":true,"href":"https:\/\/www.notibras.com\/site\/wp-json\/wp\/v2\/tags?post=360205"}],"curies":[{"name":"wp","href":"https:\/\/api.w.org\/{rel}","templated":true}]}}