{"id":360212,"date":"2025-08-06T00:00:06","date_gmt":"2025-08-06T03:00:06","guid":{"rendered":"https:\/\/www.notibras.com\/site\/?p=360212"},"modified":"2025-08-06T08:06:24","modified_gmt":"2025-08-06T11:06:24","slug":"combate-a-fome-precisa-de-sensibilidade-e-politica-de-estado","status":"publish","type":"post","link":"https:\/\/www.notibras.com\/site\/combate-a-fome-precisa-de-sensibilidade-e-politica-de-estado\/","title":{"rendered":"Combate \u00e0 fome precisa de sensibilidade e pol\u00edtica de Estado"},"content":{"rendered":"<p>Ao comemorar nesta ter\u00e7a-feira (5) a sa\u00edda do Brasil do Mapa da Fome, o presidente Luiz In\u00e1cio Lula da Silva destacou a necessidade de comprometimento dos governos e de pol\u00edticas p\u00fablicas integradas para o combate \u00e0 fome. Segundo ele, \u00e9 preciso envolver a sociedade nesse processo.<\/p>\n<p>\u201cN\u00e3o d\u00e1 para ter pol\u00edtica \u2018quebra-galho\u2019 para resolver o problema da fome. A gente est\u00e1 provando que n\u00e3o se resolve isso se n\u00e3o tiver pol\u00edtica p\u00fablica de estado\u201d, disse Lula no encerramento da reuni\u00e3o plen\u00e1ria do Conselho Nacional de Seguran\u00e7a Alimentar e Nutricional (Consea).<\/p>\n<p>A sa\u00edda do Brasil do Mapa da Fome foi anunciada na semana passada pela Organiza\u00e7\u00e3o das Na\u00e7\u00f5es Unidas para a Alimenta\u00e7\u00e3o e a Agricultura (FAO\/ONU). O indicador global identifica pa\u00edses em que mais de 2,5% da popula\u00e7\u00e3o sofrem de subalimenta\u00e7\u00e3o grave (inseguran\u00e7a alimentar cr\u00f4nica). O Brasil havia alcan\u00e7ado esse patamar em 2014, mas retornou ao Mapa da Fome no tri\u00eanio 2018\/2020. Agora, no tri\u00eanio 2022\/2024, voltou a ficar abaixo de 2,5%.<\/p>\n<p>Lula criticou a falta de sensibilidade dos governantes do mundo com o assunto e destacou a import\u00e2ncia do Consea e da sociedade civil para o resultado<\/p>\n<p>\u201c\u00c9 muito f\u00e1cil fazer discursos, mas cuidar do pobre de verdade, voc\u00ea n\u00e3o cuida com a consci\u00eancia da cabe\u00e7a, \u00e9 com o cora\u00e7\u00e3o. Voc\u00ea tem que ter sentido aquilo, ou ter vivido ou conhecer algu\u00e9m que tenha vivido aquilo. A fome n\u00e3o d\u00f3i, ela vai corroendo voc\u00ea por dentro. E o mais grave \u00e9 que as pessoas t\u00eam vergonha de dizer que est\u00e3o com fome\u201d.<\/p>\n<p>O presidente se emocionou e chorou ao contar que muitas vezes ficou sem almo\u00e7ar no emprego, pois n\u00e3o tinha condi\u00e7\u00f5es de levar marmita nem de comprar um lanche.<\/p>\n<p>\u201cOs companheiros ficavam perguntando se eu n\u00e3o ia comer, e dizia que n\u00e3o estava com fome. E cada vez que eles colocavam um sandu\u00edche de mortadela na boca, eu imaginava que era eu que estava mordendo aquele sandu\u00edche. E ficava l\u00e1 com vergonha de dizer que estava com fome e voltava para trabalhar. E isso aconteceu v\u00e1rias vezes\u201d, lamentou Lula.<\/p>\n<p>O Consea \u00e9 o \u00f3rg\u00e3o de assessoramento da Presid\u00eancia da Rep\u00fablica que atua na formula\u00e7\u00e3o, monitoramento e avalia\u00e7\u00e3o de pol\u00edticas p\u00fablicas de seguran\u00e7a alimentar e nutricional. O Conselho foi desativado em 2019 e reinstalado pelo presidente Lula em 2023.<\/p>\n<p>Durante o evento, a presidenta do Consea, Elisabetta Recine, destacou a rapidez com que o Brasil conseguiu sair novamente do Mapa da Fome.<\/p>\n<p>\u201cVoltamos a sair do Mapa da Fome em dois anos, e isso mostra que por mais que n\u00f3s tenhamos chegado a uma situa\u00e7\u00e3o dram\u00e1tica no nosso pa\u00eds, n\u00f3s n\u00e3o esquecemos a li\u00e7\u00e3o. N\u00e3o esquecemos como fazer pol\u00edticas p\u00fablicas integradas, focadas, dirigidas aos principais problemas que esse pa\u00eds tem\u201d, disse.<\/p>\n<p>Segundo ela, atualmente o pa\u00eds tem 7 milh\u00f5es de pessoas em situa\u00e7\u00e3o de inseguran\u00e7a alimentar grave. \u201c\u00c9 nessas pessoas que os nossos programas precisam chegar, de maneira integrada\u201d, concluiu.<\/p>\n","protected":false},"excerpt":{"rendered":"<p>Ao comemorar nesta ter\u00e7a-feira (5) a sa\u00edda do Brasil do Mapa da Fome, o presidente Luiz In\u00e1cio Lula da Silva destacou a necessidade de comprometimento dos governos e de pol\u00edticas p\u00fablicas integradas para o combate \u00e0 fome. Segundo ele, \u00e9 preciso envolver a sociedade nesse processo. \u201cN\u00e3o d\u00e1 para ter pol\u00edtica \u2018quebra-galho\u2019 para resolver o [&hellip;]<\/p>\n","protected":false},"author":2,"featured_media":360215,"comment_status":"closed","ping_status":"closed","sticky":false,"template":"","format":"standard","meta":{"_acf_changed":false,"footnotes":""},"categories":[165],"tags":[],"class_list":["post-360212","post","type-post","status-publish","format-standard","has-post-thumbnail","hentry","category-nordeste"],"acf":[],"_links":{"self":[{"href":"https:\/\/www.notibras.com\/site\/wp-json\/wp\/v2\/posts\/360212","targetHints":{"allow":["GET"]}}],"collection":[{"href":"https:\/\/www.notibras.com\/site\/wp-json\/wp\/v2\/posts"}],"about":[{"href":"https:\/\/www.notibras.com\/site\/wp-json\/wp\/v2\/types\/post"}],"author":[{"embeddable":true,"href":"https:\/\/www.notibras.com\/site\/wp-json\/wp\/v2\/users\/2"}],"replies":[{"embeddable":true,"href":"https:\/\/www.notibras.com\/site\/wp-json\/wp\/v2\/comments?post=360212"}],"version-history":[{"count":1,"href":"https:\/\/www.notibras.com\/site\/wp-json\/wp\/v2\/posts\/360212\/revisions"}],"predecessor-version":[{"id":360216,"href":"https:\/\/www.notibras.com\/site\/wp-json\/wp\/v2\/posts\/360212\/revisions\/360216"}],"wp:featuredmedia":[{"embeddable":true,"href":"https:\/\/www.notibras.com\/site\/wp-json\/wp\/v2\/media\/360215"}],"wp:attachment":[{"href":"https:\/\/www.notibras.com\/site\/wp-json\/wp\/v2\/media?parent=360212"}],"wp:term":[{"taxonomy":"category","embeddable":true,"href":"https:\/\/www.notibras.com\/site\/wp-json\/wp\/v2\/categories?post=360212"},{"taxonomy":"post_tag","embeddable":true,"href":"https:\/\/www.notibras.com\/site\/wp-json\/wp\/v2\/tags?post=360212"}],"curies":[{"name":"wp","href":"https:\/\/api.w.org\/{rel}","templated":true}]}}