{"id":360227,"date":"2025-08-06T00:00:50","date_gmt":"2025-08-06T03:00:50","guid":{"rendered":"https:\/\/www.notibras.com\/site\/?p=360227"},"modified":"2025-08-06T08:33:38","modified_gmt":"2025-08-06T11:33:38","slug":"condominios-recebem-acoes-de-prevencao-a-violencia-domestica","status":"publish","type":"post","link":"https:\/\/www.notibras.com\/site\/condominios-recebem-acoes-de-prevencao-a-violencia-domestica\/","title":{"rendered":"Condom\u00ednios recebem a\u00e7\u00f5es de preven\u00e7\u00e3o \u00e0 viol\u00eancia dom\u00e9stica"},"content":{"rendered":"<p>Como parte das atividades do Agosto Lil\u00e1s \u2013 m\u00eas de conscientiza\u00e7\u00e3o pelo fim da viol\u00eancia contra a mulher \u2013, a Secretaria de Justi\u00e7a e Cidadania do Distrito Federal (Sejus-DF), em parceria com a Associa\u00e7\u00e3o de Moradores e Amigos de \u00c1guas Claras (Amaac) e o Instituto Bem IA, iniciar\u00e1 um ciclo de a\u00e7\u00f5es voltadas \u00e0 preven\u00e7\u00e3o e ao enfrentamento da viol\u00eancia de g\u00eanero, ao fortalecimento da autonomia feminina e \u00e0 promo\u00e7\u00e3o do bem-estar emocional.<\/p>\n<p>A mobiliza\u00e7\u00e3o, que ser\u00e1 organizada neste m\u00eas, marca um passo in\u00e9dito em \u00c1guas Claras: pela primeira vez, as iniciativas chegar\u00e3o diretamente aos condom\u00ednios residenciais, com apoio dos s\u00edndicos e da comunidade local. Oficinas de empreendedorismo, bate-papos, apoio psicossocial e atividades voltadas \u00e0 autoestima e \u00e0 sa\u00fade emocional das mulheres est\u00e3o entre as a\u00e7\u00f5es que ser\u00e3o oferecidas.<\/p>\n<p>\u201cA escolha de \u00c1guas Claras foi estrat\u00e9gica. \u00c9 uma regi\u00e3o com alto \u00edndice de subnotifica\u00e7\u00e3o de viol\u00eancia dom\u00e9stica. Sabemos que muitas mulheres n\u00e3o se sentem seguras para denunciar e n\u00e3o acessam os canais de apoio. Por isso, nossa proposta \u00e9 levar a pol\u00edtica p\u00fablica at\u00e9 onde elas est\u00e3o, dentro dos espa\u00e7os onde vivem\u201d, explica a secret\u00e1ria de Justi\u00e7a e Cidadania, Marcela Passamani.<\/p>\n<p>A a\u00e7\u00e3o come\u00e7ou a se desenhar no evento \u201c\u00c9 Direito Dela Ser Feliz\u201d, realizado no dia 6 de julho, no Parque de \u00c1guas Claras, que reuniu mais de 3 mil pessoas. Agora, o foco \u00e9 aprofundar essa presen\u00e7a com a\u00e7\u00f5es regulares nos condom\u00ednios e em espa\u00e7os cedidos por parceiros, como audit\u00f3rios de escolas particulares e shopping centers da regi\u00e3o, al\u00e9m do 17\u00ba Batalh\u00e3o de Pol\u00edcia Militar (17\u00ba BPM).<\/p>\n<p>A iniciativa vai al\u00e9m do enfrentamento \u00e0 viol\u00eancia, trata-se tamb\u00e9m de reconstruir vidas e prevenir novos ciclos de abuso. O objetivo \u00e9 promover o acesso \u00e0 informa\u00e7\u00e3o, oferecer apoio emocional, garantir o conhecimento dos direitos e incentivar a gera\u00e7\u00e3o de renda, fortalecendo a autonomia das mulheres. Durante as atividades, ser\u00e3o distribu\u00eddos folders informativos sobre as pol\u00edticas p\u00fablicas de enfrentamento \u00e0 viol\u00eancia contra as mulheres e os canais oficiais de den\u00fancia.<\/p>\n<p>Segundo a Subsecretaria de Apoio a V\u00edtimas de Viol\u00eancia (Subav), da Sejus, a ideia \u00e9 expandir o modelo para outras regi\u00f5es administrativas do DF, especialmente aquelas com grande concentra\u00e7\u00e3o de pr\u00e9dios e condom\u00ednios, como a Asa Norte, Asa Sul, Sudoeste, Noroeste, Samambaia e Ceil\u00e2ndia.<\/p>\n","protected":false},"excerpt":{"rendered":"<p>Como parte das atividades do Agosto Lil\u00e1s \u2013 m\u00eas de conscientiza\u00e7\u00e3o pelo fim da viol\u00eancia contra a mulher \u2013, a Secretaria de Justi\u00e7a e Cidadania do Distrito Federal (Sejus-DF), em parceria com a Associa\u00e7\u00e3o de Moradores e Amigos de \u00c1guas Claras (Amaac) e o Instituto Bem IA, iniciar\u00e1 um ciclo de a\u00e7\u00f5es voltadas \u00e0 preven\u00e7\u00e3o [&hellip;]<\/p>\n","protected":false},"author":2,"featured_media":360228,"comment_status":"closed","ping_status":"closed","sticky":false,"template":"","format":"standard","meta":{"_acf_changed":false,"footnotes":""},"categories":[161],"tags":[],"class_list":["post-360227","post","type-post","status-publish","format-standard","has-post-thumbnail","hentry","category-quadradinho-em-foco"],"acf":[],"_links":{"self":[{"href":"https:\/\/www.notibras.com\/site\/wp-json\/wp\/v2\/posts\/360227","targetHints":{"allow":["GET"]}}],"collection":[{"href":"https:\/\/www.notibras.com\/site\/wp-json\/wp\/v2\/posts"}],"about":[{"href":"https:\/\/www.notibras.com\/site\/wp-json\/wp\/v2\/types\/post"}],"author":[{"embeddable":true,"href":"https:\/\/www.notibras.com\/site\/wp-json\/wp\/v2\/users\/2"}],"replies":[{"embeddable":true,"href":"https:\/\/www.notibras.com\/site\/wp-json\/wp\/v2\/comments?post=360227"}],"version-history":[{"count":1,"href":"https:\/\/www.notibras.com\/site\/wp-json\/wp\/v2\/posts\/360227\/revisions"}],"predecessor-version":[{"id":360229,"href":"https:\/\/www.notibras.com\/site\/wp-json\/wp\/v2\/posts\/360227\/revisions\/360229"}],"wp:featuredmedia":[{"embeddable":true,"href":"https:\/\/www.notibras.com\/site\/wp-json\/wp\/v2\/media\/360228"}],"wp:attachment":[{"href":"https:\/\/www.notibras.com\/site\/wp-json\/wp\/v2\/media?parent=360227"}],"wp:term":[{"taxonomy":"category","embeddable":true,"href":"https:\/\/www.notibras.com\/site\/wp-json\/wp\/v2\/categories?post=360227"},{"taxonomy":"post_tag","embeddable":true,"href":"https:\/\/www.notibras.com\/site\/wp-json\/wp\/v2\/tags?post=360227"}],"curies":[{"name":"wp","href":"https:\/\/api.w.org\/{rel}","templated":true}]}}