{"id":360230,"date":"2025-08-06T00:00:49","date_gmt":"2025-08-06T03:00:49","guid":{"rendered":"https:\/\/www.notibras.com\/site\/?p=360230"},"modified":"2025-08-06T08:48:15","modified_gmt":"2025-08-06T11:48:15","slug":"floracao-dos-ipes-que-colorem-a-cidade-inspira-artesaos","status":"publish","type":"post","link":"https:\/\/www.notibras.com\/site\/floracao-dos-ipes-que-colorem-a-cidade-inspira-artesaos\/","title":{"rendered":"Flora\u00e7\u00e3o dos ip\u00eas que colorem a cidade inspira artes\u00e3os"},"content":{"rendered":"<p>Com o in\u00edcio da seca, Bras\u00edlia se transforma em um jardim a c\u00e9u aberto. Os ip\u00eas \u2014 em tons de roxo, amarelo, rosa e branco \u2014 pintam a capital com cores vivas, atraem olhares e inspiram setores que v\u00e3o do artesanato \u00e0 tecnologia. S\u00edmbolo do DF, a \u00e1rvore \u00e9 aguardada ansiosamente por moradores, movimenta o turismo e se torna fonte de inspira\u00e7\u00e3o para artistas como Felipe Andrade dos Santos, conhecido como Felipe Andra ou o \u201cjardineiro dos metais\u201d, que transforma a beleza dos ip\u00eas em obras \u00fanicas.<\/p>\n<p>Natural de Bras\u00edlia, o profissional transforma fios de arame e cordas n\u00e1uticas em esculturas delicadas que retratam ip\u00eas em flor, galhos tran\u00e7ados e formas org\u00e2nicas do cerrado. A inspira\u00e7\u00e3o surgiu durante a pandemia, ap\u00f3s ver um v\u00eddeo no TikTok de um artes\u00e3o do Jap\u00e3o elaborando uma pe\u00e7a em arame no formato de uma \u00e1rvore.<\/p>\n<p>Na \u00e9poca, ainda atuando em Educa\u00e7\u00e3o F\u00edsica, Felipe decidiu tentar o artesanato e encontrou no hobby uma nova fonte de renda e realiza\u00e7\u00e3o pessoal. Ele associa a capacidade dos ip\u00eas de surgirem no per\u00edodo da seca com a possibilidade de germinar em qualquer intemp\u00e9rie da vida. \u201cQuando a gente pensa que a \u00e1rvore est\u00e1 seca e morreu, ela brota e mostra aquela cor maravilhosa. Isso me inspira, porque eu botei na cabe\u00e7a que tentaria fazer at\u00e9 dar conta&#8221;, narra o artes\u00e3o.<\/p>\n<p>Em mar\u00e7o deste ano, o profissional esteve entre os 462 trabalhadores que receberam o Trof\u00e9u M\u00e9rito Artes\u00e3s e Artes\u00e3os do DF das m\u00e3os da vice-governadora Celina Le\u00e3o. Em sua primeira edi\u00e7\u00e3o, a iniciativa busca valorizar o trabalho das artes\u00e3s e artes\u00e3os da cidade, que tiveram seus trabalhos reconhecidos pela import\u00e2ncia que t\u00eam para a cultura, a tradi\u00e7\u00e3o e a gera\u00e7\u00e3o de renda no DF.<\/p>\n<p>O Projeto Artesanato de Bras\u00edlia, da Setur-DF, conta com lojas no P\u00e1tio Brasil, no Alameda Shopping e na Feira do Guar\u00e1<br \/>\nNa primeira participa\u00e7\u00e3o de Felipe no Pr\u00eamio Sebrae de Artesanato, ele conquistou o primeiro lugar na categoria iniciante. Desde ent\u00e3o, aprimorou t\u00e9cnicas, abandonou o cobre \u2014 que oxidava e mudava de cor \u2014 e passou a trabalhar com alum\u00ednio esmaltado, que garante durabilidade \u00e0s pe\u00e7as.<\/p>\n<p>Atualmente, Felipe exp\u00f5e e vende suas cria\u00e7\u00f5es na loja do Projeto Artesanato de Bras\u00edlia, da Secretaria de Turismo (Setur-DF), no P\u00e1tio Brasil Shopping. A iniciativa, criada em 2019, tamb\u00e9m tem papel fundamental na valoriza\u00e7\u00e3o da cultura local, tendo registrado mais de mil novos cadastros em 2024, al\u00e9m de ampliar a rede de lojas, que j\u00e1 conta com unidades no P\u00e1tio Brasil, no Alameda Shopping e na Feira do Guar\u00e1. Com aumento de 33% nas vendas, o setor arrecadou mais de R$ 2 milh\u00f5es no \u00faltimo ano, beneficiando 1,5 mil fam\u00edlias.<\/p>\n<p>Felipe ressalta que o apoio da Setur e a visibilidade das lojas foram decisivos para transformar seu trabalho em profiss\u00e3o. \u201cQuando voc\u00ea se encontra no que faz, \u00e9 outra coisa. O apoio do GDF para o artes\u00e3o em Bras\u00edlia \u00e9 total, existem profissionais com pe\u00e7as maravilhosas que ainda n\u00e3o t\u00eam o conhecimento da loja. Esse espa\u00e7o leva os profissionais manuais para dentro do shopping, isso muda tudo para a gente. Com o apoio da Secretaria de Turismo, n\u00f3s estamos indo para todos os estados, para eventos como a Feira Nacional de Neg\u00f3cios de Artesanato (Fenearte)\u201d, destaca.<\/p>\n<p>Cada loja de artesanato do projeto abriga o trabalho de 30 artes\u00e3os selecionados por edital p\u00fablico e funciona de acordo com os hor\u00e1rios dos centros comerciais. No P\u00e1tio Brasil, a unidade funciona de segunda a s\u00e1bado, das 10h \u00e0s 22h; e domingos, das 12h \u00e0s 20h. No Alameda Shopping o atendimento \u00e9 de segunda a s\u00e1bado, das 9h \u00e0s 21h; e domingos, das 11h \u00e0s 18h. J\u00e1 a loja que fica na Feira do Guar\u00e1 abre de quarta a domingo, das 9h \u00e0s 18h.<\/p>\n<p><strong>S\u00edmbolo da cidade<\/strong><br \/>\nIp\u00eas-amarelos florescem entre julho e setembro; aplicativo Ip\u00eas App mapeia \u00e1rvores floridas por tipo e est\u00e1gio de flora\u00e7\u00e3o<br \/>\nA sequ\u00eancia de florada dos ip\u00eas, que come\u00e7a no segundo semestre do ano, j\u00e1 se tornou um calend\u00e1rio afetivo da cidade. Entre junho e agosto, florescem os ip\u00eas-roxos; de julho a setembro, os amarelos; e entre agosto e setembro, \u00e9 a vez dos rosa e dos brancos. Para o secret\u00e1rio de Turismo em exerc\u00edcio, Bernardo Antunes, a temporada dos ip\u00eas vai muito al\u00e9m da beleza.<\/p>\n<p>\u201cOs ip\u00eas, com suas cores vibrantes, j\u00e1 se consolidaram como um dos s\u00edmbolos da nossa capital e s\u00e3o um convite irresist\u00edvel para moradores e turistas explorarem a cidade com um novo olhar. Al\u00e9m de embelezar o cen\u00e1rio urbano, essas \u00e1rvores fortalecem o turismo ecol\u00f3gico e fotogr\u00e1fico, al\u00e9m de valorizar o nosso artesanato, refor\u00e7ando a identidade \u00fanica de Bras\u00edlia como um destino que une natureza, arquitetura e cultura\u201d, declara o secret\u00e1rio.<\/p>\n<p>A liga\u00e7\u00e3o afetiva da popula\u00e7\u00e3o com os ip\u00eas tamb\u00e9m se reflete em iniciativas tecnol\u00f3gicas. A bi\u00f3loga Paula Ramos Sics\u00fa, por exemplo, criou o aplicativo Ip\u00eas App para mapear \u00e1rvores floridas por tipo e est\u00e1gio de flora\u00e7\u00e3o. Gratuita e colaborativa, a ferramenta j\u00e1 re\u00fane fotos, informa\u00e7\u00f5es e at\u00e9 pontos de apoio pr\u00f3ximos, como banheiros e bebedouros. O cuidado com a arboriza\u00e7\u00e3o \u00e9 responsabilidade da Companhia Urbanizadora da Nova Capital do Brasil (Novacap), que de 2016 a 2023 plantou 93.813 mudas de ip\u00eas. Atualmente a capital contabiliza cerca de 270 mil \u00e1rvores da esp\u00e9cie.<\/p>\n","protected":false},"excerpt":{"rendered":"<p>Com o in\u00edcio da seca, Bras\u00edlia se transforma em um jardim a c\u00e9u aberto. Os ip\u00eas \u2014 em tons de roxo, amarelo, rosa e branco \u2014 pintam a capital com cores vivas, atraem olhares e inspiram setores que v\u00e3o do artesanato \u00e0 tecnologia. S\u00edmbolo do DF, a \u00e1rvore \u00e9 aguardada ansiosamente por moradores, movimenta o [&hellip;]<\/p>\n","protected":false},"author":2,"featured_media":360231,"comment_status":"closed","ping_status":"closed","sticky":false,"template":"","format":"standard","meta":{"_acf_changed":false,"footnotes":""},"categories":[161],"tags":[],"class_list":["post-360230","post","type-post","status-publish","format-standard","has-post-thumbnail","hentry","category-quadradinho-em-foco"],"acf":[],"_links":{"self":[{"href":"https:\/\/www.notibras.com\/site\/wp-json\/wp\/v2\/posts\/360230","targetHints":{"allow":["GET"]}}],"collection":[{"href":"https:\/\/www.notibras.com\/site\/wp-json\/wp\/v2\/posts"}],"about":[{"href":"https:\/\/www.notibras.com\/site\/wp-json\/wp\/v2\/types\/post"}],"author":[{"embeddable":true,"href":"https:\/\/www.notibras.com\/site\/wp-json\/wp\/v2\/users\/2"}],"replies":[{"embeddable":true,"href":"https:\/\/www.notibras.com\/site\/wp-json\/wp\/v2\/comments?post=360230"}],"version-history":[{"count":1,"href":"https:\/\/www.notibras.com\/site\/wp-json\/wp\/v2\/posts\/360230\/revisions"}],"predecessor-version":[{"id":360232,"href":"https:\/\/www.notibras.com\/site\/wp-json\/wp\/v2\/posts\/360230\/revisions\/360232"}],"wp:featuredmedia":[{"embeddable":true,"href":"https:\/\/www.notibras.com\/site\/wp-json\/wp\/v2\/media\/360231"}],"wp:attachment":[{"href":"https:\/\/www.notibras.com\/site\/wp-json\/wp\/v2\/media?parent=360230"}],"wp:term":[{"taxonomy":"category","embeddable":true,"href":"https:\/\/www.notibras.com\/site\/wp-json\/wp\/v2\/categories?post=360230"},{"taxonomy":"post_tag","embeddable":true,"href":"https:\/\/www.notibras.com\/site\/wp-json\/wp\/v2\/tags?post=360230"}],"curies":[{"name":"wp","href":"https:\/\/api.w.org\/{rel}","templated":true}]}}