{"id":360278,"date":"2025-08-08T02:00:46","date_gmt":"2025-08-08T05:00:46","guid":{"rendered":"https:\/\/www.notibras.com\/site\/?p=360278"},"modified":"2025-08-07T05:55:10","modified_gmt":"2025-08-07T08:55:10","slug":"desavencas-no-salao-de-beleza","status":"publish","type":"post","link":"https:\/\/www.notibras.com\/site\/desavencas-no-salao-de-beleza\/","title":{"rendered":"Desaven\u00e7as no sal\u00e3o de beleza"},"content":{"rendered":"<p>Marilene gostava de falar que a inveja era abstrata. N\u00e3o que levasse isso ao p\u00e9 da letra, mesmo porque, n\u00e3o raro, perdia as estribeiras diante do sucesso alheio, ainda mais se fosse de um desafeto. E o pior deles era Sandro, cabeleireiro de talento inquestion\u00e1vel e l\u00edngua inexor\u00e1vel.<\/p>\n<p>A mulher tamb\u00e9m era do of\u00edcio de Sandro e, pasmem, trabalhava no mesmo sal\u00e3o de beleza. Por conta disso, os dois precisavam manter a linha, apesar das farpas trocadas a todo instante.<\/p>\n<p>\u2014 Amigo, adorei o corte que voc\u00ea fez naquela velhinha.<\/p>\n<p>\u2014 Que velhinha, Marilene?<\/p>\n<p>\u2014 U\u00e9, aquela que voc\u00ea meteu um chanel.<\/p>\n<p>\u2014 A Luciana nem chegou aos 40 ainda.<\/p>\n<p>\u2014 N\u00e3o?<\/p>\n<p>\u2014 N\u00e3o!<\/p>\n<p>\u2014 Pois \u00e9, Sandro, mulher, quando n\u00e3o gosta do corte, envelhece, n\u00e9?<\/p>\n<p>\u2014 Envelhece mesmo quando resolve pintar o cabelo de verde, n\u00e9, amiga?<\/p>\n<p>\u2014 T\u00e1 falando do qu\u00ea?<\/p>\n<p>\u2014 U\u00e9, da sua cliente que acabou de sair.<\/p>\n<p>\u2014 Loira! A Flavinha \u00e9 loira!<\/p>\n<p>\u2014 Jura? Ah, ent\u00e3o, sou eu que t\u00f4 precisando de \u00f3culos.<\/p>\n<p>Nunca chegaram a sair no tapa, mesmo porque sabiam que a \u00e9tica n\u00e3o poderia ser descartada por completo. Sem contar que a clientela parecia se divertir com aquelas cenas histri\u00f4nicas. Tanto \u00e9 que Eul\u00e1lia e Gertrudes, duas das mais tradicionais frequentadoras, fingiam-se inimigas apenas para causar ainda mais intriga, mesmo que fossem vistas conversando animadamente embaixo do pr\u00e9dio que moravam, ali mesmo na Asa Norte.<\/p>\n<p>Eul\u00e1lia, que s\u00f3 aceitava ser atendida por Marilene, n\u00e3o desgostava do trabalho do Sandro, mas era adepta do pensamento de que n\u00e3o se mexe em time que est\u00e1 ganhando. J\u00e1 Gertrudes fazia quest\u00e3o de aparar e tingir as madeixas sempre com Sandro. E as duas faziam quest\u00e3o de marcar exatamente no mesmo hor\u00e1rio para, assim, terem a oportunidade de entrar no jogo de disputas dos profissionais.<\/p>\n<p>\u2014 Ih, Gertrudes, voc\u00ea n\u00e3o acha que j\u00e1 t\u00e1 na hora de deixar de pintar os cabelos de rosa?<\/p>\n<p>\u2014 Que rosa o qu\u00ea? Sou ruiva natural! N\u00e3o \u00e9 mesmo, Sandro?<\/p>\n<p>\u2014 Certamente que \u00e9, dona Gertrudes. N\u00e3o liga, n\u00e3o, que a Eul\u00e1lia \u00e9 uma despeitada s\u00f3 porque eu n\u00e3o quero atend\u00ea-la.<\/p>\n<p>\u2014 Pois, sim, Sandro! Eu n\u00e3o troco a Marilene nem se voc\u00ea viesse pintado de ouro.<\/p>\n<p>\u2014 Obrigada, Eul\u00e1lia. Vamos deixar esses dois pra l\u00e1, que, de gente infeliz, o mundo t\u00e1 cheio.<\/p>\n<p>E assim eram os dias daqueles dois cabeleireiros, at\u00e9 que, por um desses acasos, eles se encontraram em uma roda de samba na casa de um amigo comum. Trocaram olhares repletos de surpresa e desconfian\u00e7a, at\u00e9 que se deixaram levar pela voz da Alcione. Desde ent\u00e3o, parece que Marilene virou a cabe\u00e7a do Sandro, enquanto este tirou a colega do s\u00e9rio.<\/p>\n<p>Loucos um pelo outro desde ent\u00e3o, Marilene e Sandro mant\u00eam o romance em segredo. Afinal, eles sabem que amor, amor, neg\u00f3cios \u00e0 parte. E a clientela, que adora aqueles imbr\u00f3glios, n\u00e3o pode ser deixada na m\u00e3o.<\/p>\n<p>\u2026\u2026\u2026\u2026\u2026\u2026\u2026\u2026<\/p>\n<p><strong>Eduardo Mart\u00ednez \u00e9 autor do livro \u201957 Contos e Cr\u00f4nicas por um Autor Muito Velho\u2019<\/strong><\/p>\n<p><strong>Compre aqui<\/strong>\u00a0<img decoding=\"async\" class=\"emoji\" role=\"img\" draggable=\"false\" src=\"https:\/\/s.w.org\/images\/core\/emoji\/16.0.1\/svg\/1f447-1f3ff.svg\" alt=\"\" \/><\/p>\n<p><a href=\"https:\/\/www.joanineditora.com.br\/57-contos-e-cronicas-por-um-autor-muito-velho\">https:\/\/www.joanineditora.com.br\/57-contos-e-cronicas-por-um-autor-muito-velho<\/a><\/p>\n","protected":false},"excerpt":{"rendered":"<p>Marilene gostava de falar que a inveja era abstrata. N\u00e3o que levasse isso ao p\u00e9 da letra, mesmo porque, n\u00e3o raro, perdia as estribeiras diante do sucesso alheio, ainda mais se fosse de um desafeto. E o pior deles era Sandro, cabeleireiro de talento inquestion\u00e1vel e l\u00edngua inexor\u00e1vel. A mulher tamb\u00e9m era do of\u00edcio de [&hellip;]<\/p>\n","protected":false},"author":21,"featured_media":360279,"comment_status":"closed","ping_status":"closed","sticky":false,"template":"","format":"standard","meta":{"_acf_changed":false,"footnotes":""},"categories":[161],"tags":[],"class_list":["post-360278","post","type-post","status-publish","format-standard","has-post-thumbnail","hentry","category-quadradinho-em-foco"],"acf":[],"_links":{"self":[{"href":"https:\/\/www.notibras.com\/site\/wp-json\/wp\/v2\/posts\/360278","targetHints":{"allow":["GET"]}}],"collection":[{"href":"https:\/\/www.notibras.com\/site\/wp-json\/wp\/v2\/posts"}],"about":[{"href":"https:\/\/www.notibras.com\/site\/wp-json\/wp\/v2\/types\/post"}],"author":[{"embeddable":true,"href":"https:\/\/www.notibras.com\/site\/wp-json\/wp\/v2\/users\/21"}],"replies":[{"embeddable":true,"href":"https:\/\/www.notibras.com\/site\/wp-json\/wp\/v2\/comments?post=360278"}],"version-history":[{"count":2,"href":"https:\/\/www.notibras.com\/site\/wp-json\/wp\/v2\/posts\/360278\/revisions"}],"predecessor-version":[{"id":360281,"href":"https:\/\/www.notibras.com\/site\/wp-json\/wp\/v2\/posts\/360278\/revisions\/360281"}],"wp:featuredmedia":[{"embeddable":true,"href":"https:\/\/www.notibras.com\/site\/wp-json\/wp\/v2\/media\/360279"}],"wp:attachment":[{"href":"https:\/\/www.notibras.com\/site\/wp-json\/wp\/v2\/media?parent=360278"}],"wp:term":[{"taxonomy":"category","embeddable":true,"href":"https:\/\/www.notibras.com\/site\/wp-json\/wp\/v2\/categories?post=360278"},{"taxonomy":"post_tag","embeddable":true,"href":"https:\/\/www.notibras.com\/site\/wp-json\/wp\/v2\/tags?post=360278"}],"curies":[{"name":"wp","href":"https:\/\/api.w.org\/{rel}","templated":true}]}}