{"id":36030,"date":"2015-02-04T20:48:17","date_gmt":"2015-02-04T23:48:17","guid":{"rendered":"http:\/\/www.notibras.com\/site\/?p=36030"},"modified":"2015-02-05T00:42:52","modified_gmt":"2015-02-05T03:42:52","slug":"nova-camara-de-cunha-atropela-pt-e-acelera-velha-proposta-de-reforma-politica","status":"publish","type":"post","link":"https:\/\/www.notibras.com\/site\/nova-camara-de-cunha-atropela-pt-e-acelera-velha-proposta-de-reforma-politica\/","title":{"rendered":"C\u00e2mara de Cunha atropela PT e acelera a reforma pol\u00edtica"},"content":{"rendered":"<p class=\"text\">A Proposta de Emenda \u00e0 Constitui\u00e7\u00e3o (PEC) 352\/13, que trata da reforma pol\u00edtica e eleitoral, promete andar a passos largos na C\u00e2mara dos Deputados. \u00c9 isso que sinaliza o presidente Eduardo Cunha (PMDB-RJ), ao impor derrotar ao PT e fazer aprovar, no plen\u00e1rio, a tramita\u00e7\u00e3o do projeto elaborado por um grupo de trabalho.<\/p>\n<p class=\"text\">A mat\u00e9ria prev\u00ea, entre outras coisas, o voto facultativo, o fim da reelei\u00e7\u00e3o para cargos executivos e a coincid\u00eancia das datas das elei\u00e7\u00f5es, al\u00e9m de um sistema misto de financiamento das campanhas.<\/p>\n<p class=\"text\">A PEC estava tramitando na Comiss\u00e3o de Constitui\u00e7\u00e3o e Justi\u00e7a da C\u00e2mara, onde deveria\u00a0ter\u00a0sua admissibilidade aprovada no ano passado. Como isso n\u00e3o ocorreu, Eduardo Cunha decidiu avocar a decis\u00e3o para o plen\u00e1rio visando a acelerar o processo de discuss\u00e3o e vota\u00e7\u00e3o da reforma pol\u00edtica.<\/p>\n<blockquote>\n<p class=\"text\">Muitos questionamentos foram feitos em rela\u00e7\u00e3o \u00e0 decis\u00e3o de Eduardo Cunha, mas ele argumentou que isso \u00e9 regimental e que a medida tem o objetivo de acelerar a discuss\u00e3o e vota\u00e7\u00e3o da reforma.<\/p>\n<\/blockquote>\n<p class=\"text\">Com a aprova\u00e7\u00e3o da admissibilidade, o presidente da C\u00e2mara vai criar uma comiss\u00e3o especial que analisar\u00e1 o m\u00e9rito da PEC. A comiss\u00e3o poder\u00e1 apensar \u00e0 PEC do grupo de trabalho todas as outras que tramitam na Casa e que tratam da reforma pol\u00edtica e eleitoral.<\/p>\n","protected":false},"excerpt":{"rendered":"<p>A Proposta de Emenda \u00e0 Constitui\u00e7\u00e3o (PEC) 352\/13, que trata da reforma pol\u00edtica e eleitoral, promete andar a passos largos na C\u00e2mara dos Deputados. \u00c9 isso que sinaliza o presidente Eduardo Cunha (PMDB-RJ), ao impor derrotar ao PT e fazer aprovar, no plen\u00e1rio, a tramita\u00e7\u00e3o do projeto elaborado por um grupo de trabalho. A mat\u00e9ria [&hellip;]<\/p>\n","protected":false},"author":2,"featured_media":36031,"comment_status":"open","ping_status":"closed","sticky":false,"template":"","format":"standard","meta":{"_acf_changed":false,"footnotes":""},"categories":[16],"tags":[],"class_list":["post-36030","post","type-post","status-publish","format-standard","has-post-thumbnail","hentry","category-brasil"],"acf":[],"yoast_head":"<!-- This site is optimized with the Yoast SEO plugin v27.2 - https:\/\/yoast.com\/product\/yoast-seo-wordpress\/ -->\n<title>C\u00e2mara de Cunha atropela PT e acelera a reforma pol\u00edtica - Notibras<\/title>\n<meta name=\"robots\" content=\"index, follow, max-snippet:-1, max-image-preview:large, max-video-preview:-1\" \/>\n<link rel=\"canonical\" href=\"https:\/\/www.notibras.com\/site\/nova-camara-de-cunha-atropela-pt-e-acelera-velha-proposta-de-reforma-politica\/\" \/>\n<meta property=\"og:locale\" content=\"pt_BR\" \/>\n<meta property=\"og:type\" content=\"article\" \/>\n<meta property=\"og:title\" content=\"C\u00e2mara de Cunha atropela PT e acelera a reforma pol\u00edtica - Notibras\" \/>\n<meta property=\"og:description\" content=\"A Proposta de Emenda \u00e0 Constitui\u00e7\u00e3o (PEC) 352\/13, que trata da reforma pol\u00edtica e eleitoral, promete andar a passos largos na C\u00e2mara dos Deputados. \u00c9 isso que sinaliza o presidente Eduardo Cunha (PMDB-RJ), ao impor derrotar ao PT e fazer aprovar, no plen\u00e1rio, a tramita\u00e7\u00e3o do projeto elaborado por um grupo de trabalho. A mat\u00e9ria [&hellip;]\" \/>\n<meta property=\"og:url\" content=\"https:\/\/www.notibras.com\/site\/nova-camara-de-cunha-atropela-pt-e-acelera-velha-proposta-de-reforma-politica\/\" \/>\n<meta property=\"og:site_name\" content=\"Notibras\" \/>\n<meta property=\"article:publisher\" content=\"https:\/\/www.facebook.com\/notibras\/\" \/>\n<meta property=\"article:published_time\" content=\"2015-02-04T23:48:17+00:00\" \/>\n<meta property=\"article:modified_time\" content=\"2015-02-05T03:42:52+00:00\" \/>\n<meta property=\"og:image\" content=\"https:\/\/www.notibras.com\/site\/wp-content\/uploads\/2015\/02\/cd.jpg\" \/>\n\t<meta property=\"og:image:width\" content=\"460\" \/>\n\t<meta property=\"og:image:height\" content=\"306\" \/>\n\t<meta property=\"og:image:type\" content=\"image\/jpeg\" \/>\n<meta name=\"author\" content=\"Reda\u00e7\u00e3o\" \/>\n<meta name=\"twitter:card\" content=\"summary_large_image\" \/>\n<meta name=\"twitter:creator\" content=\"@Notibras\" \/>\n<meta name=\"twitter:site\" content=\"@Notibras\" \/>\n<meta name=\"twitter:label1\" content=\"Escrito por\" \/>\n\t<meta name=\"twitter:data1\" content=\"Reda\u00e7\u00e3o\" \/>\n\t<meta name=\"twitter:label2\" content=\"Est. tempo de leitura\" \/>\n\t<meta name=\"twitter:data2\" content=\"1 minuto\" \/>\n<script type=\"application\/ld+json\" class=\"yoast-schema-graph\">{\"@context\":\"https:\/\/schema.org\",\"@graph\":[{\"@type\":\"Article\",\"@id\":\"https:\/\/www.notibras.com\/site\/nova-camara-de-cunha-atropela-pt-e-acelera-velha-proposta-de-reforma-politica\/#article\",\"isPartOf\":{\"@id\":\"https:\/\/www.notibras.com\/site\/nova-camara-de-cunha-atropela-pt-e-acelera-velha-proposta-de-reforma-politica\/\"},\"author\":{\"name\":\"Reda\u00e7\u00e3o\",\"@id\":\"https:\/\/www.notibras.com\/site\/#\/schema\/person\/36ab0979449956132d3e5b517ea76ac8\"},\"headline\":\"C\u00e2mara de Cunha atropela PT e acelera a reforma pol\u00edtica\",\"datePublished\":\"2015-02-04T23:48:17+00:00\",\"dateModified\":\"2015-02-05T03:42:52+00:00\",\"mainEntityOfPage\":{\"@id\":\"https:\/\/www.notibras.com\/site\/nova-camara-de-cunha-atropela-pt-e-acelera-velha-proposta-de-reforma-politica\/\"},\"wordCount\":245,\"commentCount\":0,\"publisher\":{\"@id\":\"https:\/\/www.notibras.com\/site\/#organization\"},\"image\":{\"@id\":\"https:\/\/www.notibras.com\/site\/nova-camara-de-cunha-atropela-pt-e-acelera-velha-proposta-de-reforma-politica\/#primaryimage\"},\"thumbnailUrl\":\"https:\/\/www.notibras.com\/site\/wp-content\/uploads\/2015\/02\/cd.jpg\",\"articleSection\":[\"Brasil\"],\"inLanguage\":\"pt-BR\",\"potentialAction\":[{\"@type\":\"CommentAction\",\"name\":\"Comment\",\"target\":[\"https:\/\/www.notibras.com\/site\/nova-camara-de-cunha-atropela-pt-e-acelera-velha-proposta-de-reforma-politica\/#respond\"]}]},{\"@type\":\"WebPage\",\"@id\":\"https:\/\/www.notibras.com\/site\/nova-camara-de-cunha-atropela-pt-e-acelera-velha-proposta-de-reforma-politica\/\",\"url\":\"https:\/\/www.notibras.com\/site\/nova-camara-de-cunha-atropela-pt-e-acelera-velha-proposta-de-reforma-politica\/\",\"name\":\"C\u00e2mara de Cunha atropela PT e acelera a reforma pol\u00edtica - Notibras\",\"isPartOf\":{\"@id\":\"https:\/\/www.notibras.com\/site\/#website\"},\"primaryImageOfPage\":{\"@id\":\"https:\/\/www.notibras.com\/site\/nova-camara-de-cunha-atropela-pt-e-acelera-velha-proposta-de-reforma-politica\/#primaryimage\"},\"image\":{\"@id\":\"https:\/\/www.notibras.com\/site\/nova-camara-de-cunha-atropela-pt-e-acelera-velha-proposta-de-reforma-politica\/#primaryimage\"},\"thumbnailUrl\":\"https:\/\/www.notibras.com\/site\/wp-content\/uploads\/2015\/02\/cd.jpg\",\"datePublished\":\"2015-02-04T23:48:17+00:00\",\"dateModified\":\"2015-02-05T03:42:52+00:00\",\"breadcrumb\":{\"@id\":\"https:\/\/www.notibras.com\/site\/nova-camara-de-cunha-atropela-pt-e-acelera-velha-proposta-de-reforma-politica\/#breadcrumb\"},\"inLanguage\":\"pt-BR\",\"potentialAction\":[{\"@type\":\"ReadAction\",\"target\":[\"https:\/\/www.notibras.com\/site\/nova-camara-de-cunha-atropela-pt-e-acelera-velha-proposta-de-reforma-politica\/\"]}]},{\"@type\":\"ImageObject\",\"inLanguage\":\"pt-BR\",\"@id\":\"https:\/\/www.notibras.com\/site\/nova-camara-de-cunha-atropela-pt-e-acelera-velha-proposta-de-reforma-politica\/#primaryimage\",\"url\":\"https:\/\/www.notibras.com\/site\/wp-content\/uploads\/2015\/02\/cd.jpg\",\"contentUrl\":\"https:\/\/www.notibras.com\/site\/wp-content\/uploads\/2015\/02\/cd.jpg\",\"width\":460,\"height\":306},{\"@type\":\"BreadcrumbList\",\"@id\":\"https:\/\/www.notibras.com\/site\/nova-camara-de-cunha-atropela-pt-e-acelera-velha-proposta-de-reforma-politica\/#breadcrumb\",\"itemListElement\":[{\"@type\":\"ListItem\",\"position\":1,\"name\":\"In\u00edcio\",\"item\":\"https:\/\/www.notibras.com\/site\/\"},{\"@type\":\"ListItem\",\"position\":2,\"name\":\"C\u00e2mara de Cunha atropela PT e acelera a reforma pol\u00edtica\"}]},{\"@type\":\"WebSite\",\"@id\":\"https:\/\/www.notibras.com\/site\/#website\",\"url\":\"https:\/\/www.notibras.com\/site\/\",\"name\":\"Notibras\",\"description\":\"Not\u00edcias de Bras\u00edlia, do Brasil e do Mundo\",\"publisher\":{\"@id\":\"https:\/\/www.notibras.com\/site\/#organization\"},\"potentialAction\":[{\"@type\":\"SearchAction\",\"target\":{\"@type\":\"EntryPoint\",\"urlTemplate\":\"https:\/\/www.notibras.com\/site\/?s={search_term_string}\"},\"query-input\":{\"@type\":\"PropertyValueSpecification\",\"valueRequired\":true,\"valueName\":\"search_term_string\"}}],\"inLanguage\":\"pt-BR\"},{\"@type\":\"Organization\",\"@id\":\"https:\/\/www.notibras.com\/site\/#organization\",\"name\":\"Grupo Notibras de Comunica\u00e7\u00e3o\",\"url\":\"https:\/\/www.notibras.com\/site\/\",\"logo\":{\"@type\":\"ImageObject\",\"inLanguage\":\"pt-BR\",\"@id\":\"https:\/\/www.notibras.com\/site\/#\/schema\/logo\/image\/\",\"url\":\"https:\/\/www.notibras.com\/site\/wp-content\/uploads\/2023\/01\/notibras23.png\",\"contentUrl\":\"https:\/\/www.notibras.com\/site\/wp-content\/uploads\/2023\/01\/notibras23.png\",\"width\":350,\"height\":87,\"caption\":\"Grupo Notibras de Comunica\u00e7\u00e3o\"},\"image\":{\"@id\":\"https:\/\/www.notibras.com\/site\/#\/schema\/logo\/image\/\"},\"sameAs\":[\"https:\/\/www.facebook.com\/notibras\/\",\"https:\/\/x.com\/Notibras\",\"https:\/\/www.instagram.com\/notibras\/\"]},{\"@type\":\"Person\",\"@id\":\"https:\/\/www.notibras.com\/site\/#\/schema\/person\/36ab0979449956132d3e5b517ea76ac8\",\"name\":\"Reda\u00e7\u00e3o\",\"image\":{\"@type\":\"ImageObject\",\"inLanguage\":\"pt-BR\",\"@id\":\"https:\/\/secure.gravatar.com\/avatar\/e0a867bdedb85fd243eadf09663511f96fc81e0720a4a42581f334ad4303aa6b?s=96&d=mm&r=g\",\"url\":\"https:\/\/secure.gravatar.com\/avatar\/e0a867bdedb85fd243eadf09663511f96fc81e0720a4a42581f334ad4303aa6b?s=96&d=mm&r=g\",\"contentUrl\":\"https:\/\/secure.gravatar.com\/avatar\/e0a867bdedb85fd243eadf09663511f96fc81e0720a4a42581f334ad4303aa6b?s=96&d=mm&r=g\",\"caption\":\"Reda\u00e7\u00e3o\"}}]}<\/script>\n<!-- \/ Yoast SEO plugin. -->","yoast_head_json":{"title":"C\u00e2mara de Cunha atropela PT e acelera a reforma pol\u00edtica - Notibras","robots":{"index":"index","follow":"follow","max-snippet":"max-snippet:-1","max-image-preview":"max-image-preview:large","max-video-preview":"max-video-preview:-1"},"canonical":"https:\/\/www.notibras.com\/site\/nova-camara-de-cunha-atropela-pt-e-acelera-velha-proposta-de-reforma-politica\/","og_locale":"pt_BR","og_type":"article","og_title":"C\u00e2mara de Cunha atropela PT e acelera a reforma pol\u00edtica - Notibras","og_description":"A Proposta de Emenda \u00e0 Constitui\u00e7\u00e3o (PEC) 352\/13, que trata da reforma pol\u00edtica e eleitoral, promete andar a passos largos na C\u00e2mara dos Deputados. \u00c9 isso que sinaliza o presidente Eduardo Cunha (PMDB-RJ), ao impor derrotar ao PT e fazer aprovar, no plen\u00e1rio, a tramita\u00e7\u00e3o do projeto elaborado por um grupo de trabalho. A mat\u00e9ria [&hellip;]","og_url":"https:\/\/www.notibras.com\/site\/nova-camara-de-cunha-atropela-pt-e-acelera-velha-proposta-de-reforma-politica\/","og_site_name":"Notibras","article_publisher":"https:\/\/www.facebook.com\/notibras\/","article_published_time":"2015-02-04T23:48:17+00:00","article_modified_time":"2015-02-05T03:42:52+00:00","og_image":[{"width":460,"height":306,"url":"https:\/\/www.notibras.com\/site\/wp-content\/uploads\/2015\/02\/cd.jpg","type":"image\/jpeg"}],"author":"Reda\u00e7\u00e3o","twitter_card":"summary_large_image","twitter_creator":"@Notibras","twitter_site":"@Notibras","twitter_misc":{"Escrito por":"Reda\u00e7\u00e3o","Est. tempo de leitura":"1 minuto"},"schema":{"@context":"https:\/\/schema.org","@graph":[{"@type":"Article","@id":"https:\/\/www.notibras.com\/site\/nova-camara-de-cunha-atropela-pt-e-acelera-velha-proposta-de-reforma-politica\/#article","isPartOf":{"@id":"https:\/\/www.notibras.com\/site\/nova-camara-de-cunha-atropela-pt-e-acelera-velha-proposta-de-reforma-politica\/"},"author":{"name":"Reda\u00e7\u00e3o","@id":"https:\/\/www.notibras.com\/site\/#\/schema\/person\/36ab0979449956132d3e5b517ea76ac8"},"headline":"C\u00e2mara de Cunha atropela PT e acelera a reforma pol\u00edtica","datePublished":"2015-02-04T23:48:17+00:00","dateModified":"2015-02-05T03:42:52+00:00","mainEntityOfPage":{"@id":"https:\/\/www.notibras.com\/site\/nova-camara-de-cunha-atropela-pt-e-acelera-velha-proposta-de-reforma-politica\/"},"wordCount":245,"commentCount":0,"publisher":{"@id":"https:\/\/www.notibras.com\/site\/#organization"},"image":{"@id":"https:\/\/www.notibras.com\/site\/nova-camara-de-cunha-atropela-pt-e-acelera-velha-proposta-de-reforma-politica\/#primaryimage"},"thumbnailUrl":"https:\/\/www.notibras.com\/site\/wp-content\/uploads\/2015\/02\/cd.jpg","articleSection":["Brasil"],"inLanguage":"pt-BR","potentialAction":[{"@type":"CommentAction","name":"Comment","target":["https:\/\/www.notibras.com\/site\/nova-camara-de-cunha-atropela-pt-e-acelera-velha-proposta-de-reforma-politica\/#respond"]}]},{"@type":"WebPage","@id":"https:\/\/www.notibras.com\/site\/nova-camara-de-cunha-atropela-pt-e-acelera-velha-proposta-de-reforma-politica\/","url":"https:\/\/www.notibras.com\/site\/nova-camara-de-cunha-atropela-pt-e-acelera-velha-proposta-de-reforma-politica\/","name":"C\u00e2mara de Cunha atropela PT e acelera a reforma pol\u00edtica - Notibras","isPartOf":{"@id":"https:\/\/www.notibras.com\/site\/#website"},"primaryImageOfPage":{"@id":"https:\/\/www.notibras.com\/site\/nova-camara-de-cunha-atropela-pt-e-acelera-velha-proposta-de-reforma-politica\/#primaryimage"},"image":{"@id":"https:\/\/www.notibras.com\/site\/nova-camara-de-cunha-atropela-pt-e-acelera-velha-proposta-de-reforma-politica\/#primaryimage"},"thumbnailUrl":"https:\/\/www.notibras.com\/site\/wp-content\/uploads\/2015\/02\/cd.jpg","datePublished":"2015-02-04T23:48:17+00:00","dateModified":"2015-02-05T03:42:52+00:00","breadcrumb":{"@id":"https:\/\/www.notibras.com\/site\/nova-camara-de-cunha-atropela-pt-e-acelera-velha-proposta-de-reforma-politica\/#breadcrumb"},"inLanguage":"pt-BR","potentialAction":[{"@type":"ReadAction","target":["https:\/\/www.notibras.com\/site\/nova-camara-de-cunha-atropela-pt-e-acelera-velha-proposta-de-reforma-politica\/"]}]},{"@type":"ImageObject","inLanguage":"pt-BR","@id":"https:\/\/www.notibras.com\/site\/nova-camara-de-cunha-atropela-pt-e-acelera-velha-proposta-de-reforma-politica\/#primaryimage","url":"https:\/\/www.notibras.com\/site\/wp-content\/uploads\/2015\/02\/cd.jpg","contentUrl":"https:\/\/www.notibras.com\/site\/wp-content\/uploads\/2015\/02\/cd.jpg","width":460,"height":306},{"@type":"BreadcrumbList","@id":"https:\/\/www.notibras.com\/site\/nova-camara-de-cunha-atropela-pt-e-acelera-velha-proposta-de-reforma-politica\/#breadcrumb","itemListElement":[{"@type":"ListItem","position":1,"name":"In\u00edcio","item":"https:\/\/www.notibras.com\/site\/"},{"@type":"ListItem","position":2,"name":"C\u00e2mara de Cunha atropela PT e acelera a reforma pol\u00edtica"}]},{"@type":"WebSite","@id":"https:\/\/www.notibras.com\/site\/#website","url":"https:\/\/www.notibras.com\/site\/","name":"Notibras","description":"Not\u00edcias de Bras\u00edlia, do Brasil e do Mundo","publisher":{"@id":"https:\/\/www.notibras.com\/site\/#organization"},"potentialAction":[{"@type":"SearchAction","target":{"@type":"EntryPoint","urlTemplate":"https:\/\/www.notibras.com\/site\/?s={search_term_string}"},"query-input":{"@type":"PropertyValueSpecification","valueRequired":true,"valueName":"search_term_string"}}],"inLanguage":"pt-BR"},{"@type":"Organization","@id":"https:\/\/www.notibras.com\/site\/#organization","name":"Grupo Notibras de Comunica\u00e7\u00e3o","url":"https:\/\/www.notibras.com\/site\/","logo":{"@type":"ImageObject","inLanguage":"pt-BR","@id":"https:\/\/www.notibras.com\/site\/#\/schema\/logo\/image\/","url":"https:\/\/www.notibras.com\/site\/wp-content\/uploads\/2023\/01\/notibras23.png","contentUrl":"https:\/\/www.notibras.com\/site\/wp-content\/uploads\/2023\/01\/notibras23.png","width":350,"height":87,"caption":"Grupo Notibras de Comunica\u00e7\u00e3o"},"image":{"@id":"https:\/\/www.notibras.com\/site\/#\/schema\/logo\/image\/"},"sameAs":["https:\/\/www.facebook.com\/notibras\/","https:\/\/x.com\/Notibras","https:\/\/www.instagram.com\/notibras\/"]},{"@type":"Person","@id":"https:\/\/www.notibras.com\/site\/#\/schema\/person\/36ab0979449956132d3e5b517ea76ac8","name":"Reda\u00e7\u00e3o","image":{"@type":"ImageObject","inLanguage":"pt-BR","@id":"https:\/\/secure.gravatar.com\/avatar\/e0a867bdedb85fd243eadf09663511f96fc81e0720a4a42581f334ad4303aa6b?s=96&d=mm&r=g","url":"https:\/\/secure.gravatar.com\/avatar\/e0a867bdedb85fd243eadf09663511f96fc81e0720a4a42581f334ad4303aa6b?s=96&d=mm&r=g","contentUrl":"https:\/\/secure.gravatar.com\/avatar\/e0a867bdedb85fd243eadf09663511f96fc81e0720a4a42581f334ad4303aa6b?s=96&d=mm&r=g","caption":"Reda\u00e7\u00e3o"}}]}},"amp_enabled":true,"_links":{"self":[{"href":"https:\/\/www.notibras.com\/site\/wp-json\/wp\/v2\/posts\/36030","targetHints":{"allow":["GET"]}}],"collection":[{"href":"https:\/\/www.notibras.com\/site\/wp-json\/wp\/v2\/posts"}],"about":[{"href":"https:\/\/www.notibras.com\/site\/wp-json\/wp\/v2\/types\/post"}],"author":[{"embeddable":true,"href":"https:\/\/www.notibras.com\/site\/wp-json\/wp\/v2\/users\/2"}],"replies":[{"embeddable":true,"href":"https:\/\/www.notibras.com\/site\/wp-json\/wp\/v2\/comments?post=36030"}],"version-history":[{"count":0,"href":"https:\/\/www.notibras.com\/site\/wp-json\/wp\/v2\/posts\/36030\/revisions"}],"wp:featuredmedia":[{"embeddable":true,"href":"https:\/\/www.notibras.com\/site\/wp-json\/wp\/v2\/media\/36031"}],"wp:attachment":[{"href":"https:\/\/www.notibras.com\/site\/wp-json\/wp\/v2\/media?parent=36030"}],"wp:term":[{"taxonomy":"category","embeddable":true,"href":"https:\/\/www.notibras.com\/site\/wp-json\/wp\/v2\/categories?post=36030"},{"taxonomy":"post_tag","embeddable":true,"href":"https:\/\/www.notibras.com\/site\/wp-json\/wp\/v2\/tags?post=36030"}],"curies":[{"name":"wp","href":"https:\/\/api.w.org\/{rel}","templated":true}]}}