{"id":360306,"date":"2025-08-07T10:28:36","date_gmt":"2025-08-07T13:28:36","guid":{"rendered":"https:\/\/www.notibras.com\/site\/?p=360306"},"modified":"2025-08-07T10:28:36","modified_gmt":"2025-08-07T13:28:36","slug":"trump-recua-propoe-dialogo-com-putin-e-russia-vai-tomando-ucrania-pela-beirada","status":"publish","type":"post","link":"https:\/\/www.notibras.com\/site\/trump-recua-propoe-dialogo-com-putin-e-russia-vai-tomando-ucrania-pela-beirada\/","title":{"rendered":"Trump recua, prop\u00f5e di\u00e1logo com Putin e R\u00fassia vai tomando Ucr\u00e2nia pela beirada"},"content":{"rendered":"<p>O Kremlin disse na quinta-feira, 7, que o presidente russo, Vladimir Putin, concordou em se reunir com o presidente dos EUA, Donald Trump, embora uma data ou local espec\u00edfico ainda n\u00e3o tenha sido anunciado.<\/p>\n<p>O assessor de Putin, Yuri Ushakov, disse que uma &#8220;reuni\u00e3o entre Putin e Trump (ocorrer\u00e1) nos pr\u00f3ximos dias&#8221;, acrescentando que &#8220;o trabalho na c\u00fapula j\u00e1 come\u00e7ou&#8221;, disse o Kremlin.<\/p>\n<p>Ushakov disse que o enviado especial da Casa Branca, Steve Witkoff, levantou a ideia de uma reuni\u00e3o trilateral entre Putin, Trump e o presidente ucraniano Volodymyr Zelenskyy, mas que a pr\u00f3xima reuni\u00e3o seria apenas entre Trump e Putin, disse o Kremlin.<\/p>\n<p>O local do encontro entre os presidentes da Federa\u00e7\u00e3o Russa e dos Estados Unidos, Vladimir Putin e Donald Trump, foi acertado, e o Kremlin informar\u00e1 sobre isso mais tarde&#8221;, disse Ushakov.<\/p>\n<p>Embora nenhum local espec\u00edfico tenha sido divulgado, Ushakov sugeriu que a R\u00fassia tinha &#8220;muitos amigos prontos para nos ajudar a organizar tais eventos&#8221;.<\/p>\n<p>&#8220;Um deles \u00e9 o Presidente dos Emirados \u00c1rabes Unidos. Acho que decidiremos, mas seria um dos lugares mais adequados, bastante adequados&#8221;, disse Ushakov.<\/p>\n<p>Nenhuma data ou local foi confirmado pela R\u00fassia ou pelos Estados Unidos.<\/p>\n<p>Witkoff se encontrou com Putin na quarta-feira, antes do prazo de Trump, na sexta-feira, para que Moscou fa\u00e7a a paz com a Ucr\u00e2nia ou enfrente san\u00e7\u00f5es severas.<\/p>\n<p>Trump, nas redes sociais, sugeriu que o encontro entre Witkoff e Putin foi &#8220;altamente produtivo&#8221;.<\/p>\n<p>&#8220;Grande progresso foi feito! Depois, atualizei alguns dos nossos aliados europeus. Todos concordam que esta guerra precisa chegar ao fim, e trabalharemos para isso nos pr\u00f3ximos dias e semanas&#8221;, escreveu Trump.<\/p>\n<p>No m\u00eas passado, Trump disse que imporia medidas econ\u00f4micas adicionais \u2014 incluindo san\u00e7\u00f5es secund\u00e1rias aos clientes russos de exporta\u00e7\u00e3o de combust\u00edveis f\u00f3sseis, os maiores dos quais s\u00e3o a \u00cdndia e a China \u2014 se Putin n\u00e3o concordasse com um cessar-fogo at\u00e9 8 de agosto.<\/p>\n<p>Enquanto isso, sem temer o ultimato dos Estados Unidos para colocar fim \u00e0 guerra, as tropas russas v\u00e3o tomando posse da Ucr\u00e2nia, comendo pelas beiradas.<\/p>\n","protected":false},"excerpt":{"rendered":"<p>O Kremlin disse na quinta-feira, 7, que o presidente russo, Vladimir Putin, concordou em se reunir com o presidente dos EUA, Donald Trump, embora uma data ou local espec\u00edfico ainda n\u00e3o tenha sido anunciado. O assessor de Putin, Yuri Ushakov, disse que uma &#8220;reuni\u00e3o entre Putin e Trump (ocorrer\u00e1) nos pr\u00f3ximos dias&#8221;, acrescentando que &#8220;o [&hellip;]<\/p>\n","protected":false},"author":2,"featured_media":360307,"comment_status":"closed","ping_status":"closed","sticky":false,"template":"","format":"standard","meta":{"_acf_changed":false,"footnotes":""},"categories":[159],"tags":[95],"class_list":["post-360306","post","type-post","status-publish","format-standard","has-post-thumbnail","hentry","category-apocalipse","tag-capa"],"acf":[],"yoast_head":"<!-- This site is optimized with the Yoast SEO plugin v27.2 - https:\/\/yoast.com\/product\/yoast-seo-wordpress\/ -->\n<title>Trump recua, prop\u00f5e di\u00e1logo com Putin e R\u00fassia vai tomando Ucr\u00e2nia pela beirada - Notibras<\/title>\n<meta name=\"robots\" content=\"index, follow, max-snippet:-1, max-image-preview:large, max-video-preview:-1\" \/>\n<link rel=\"canonical\" href=\"https:\/\/www.notibras.com\/site\/trump-recua-propoe-dialogo-com-putin-e-russia-vai-tomando-ucrania-pela-beirada\/\" \/>\n<meta property=\"og:locale\" content=\"pt_BR\" \/>\n<meta property=\"og:type\" content=\"article\" \/>\n<meta property=\"og:title\" content=\"Trump recua, prop\u00f5e di\u00e1logo com Putin e R\u00fassia vai tomando Ucr\u00e2nia pela beirada - Notibras\" \/>\n<meta property=\"og:description\" content=\"O Kremlin disse na quinta-feira, 7, que o presidente russo, Vladimir Putin, concordou em se reunir com o presidente dos EUA, Donald Trump, embora uma data ou local espec\u00edfico ainda n\u00e3o tenha sido anunciado. O assessor de Putin, Yuri Ushakov, disse que uma &#8220;reuni\u00e3o entre Putin e Trump (ocorrer\u00e1) nos pr\u00f3ximos dias&#8221;, acrescentando que &#8220;o [&hellip;]\" \/>\n<meta property=\"og:url\" content=\"https:\/\/www.notibras.com\/site\/trump-recua-propoe-dialogo-com-putin-e-russia-vai-tomando-ucrania-pela-beirada\/\" \/>\n<meta property=\"og:site_name\" content=\"Notibras\" \/>\n<meta property=\"article:publisher\" content=\"https:\/\/www.facebook.com\/notibras\/\" \/>\n<meta property=\"article:published_time\" content=\"2025-08-07T13:28:36+00:00\" \/>\n<meta property=\"og:image\" content=\"https:\/\/www.notibras.com\/site\/wp-content\/uploads\/2025\/08\/AA1K4FQF.jpg\" \/>\n\t<meta property=\"og:image:width\" content=\"768\" \/>\n\t<meta property=\"og:image:height\" content=\"576\" \/>\n\t<meta property=\"og:image:type\" content=\"image\/jpeg\" \/>\n<meta name=\"author\" content=\"Reda\u00e7\u00e3o\" \/>\n<meta name=\"twitter:card\" content=\"summary_large_image\" \/>\n<meta name=\"twitter:creator\" content=\"@Notibras\" \/>\n<meta name=\"twitter:site\" content=\"@Notibras\" \/>\n<meta name=\"twitter:label1\" content=\"Escrito por\" \/>\n\t<meta name=\"twitter:data1\" content=\"Reda\u00e7\u00e3o\" \/>\n\t<meta name=\"twitter:label2\" content=\"Est. tempo de leitura\" \/>\n\t<meta name=\"twitter:data2\" content=\"3 minutos\" \/>\n<script type=\"application\/ld+json\" class=\"yoast-schema-graph\">{\"@context\":\"https:\/\/schema.org\",\"@graph\":[{\"@type\":\"Article\",\"@id\":\"https:\/\/www.notibras.com\/site\/trump-recua-propoe-dialogo-com-putin-e-russia-vai-tomando-ucrania-pela-beirada\/#article\",\"isPartOf\":{\"@id\":\"https:\/\/www.notibras.com\/site\/trump-recua-propoe-dialogo-com-putin-e-russia-vai-tomando-ucrania-pela-beirada\/\"},\"author\":{\"name\":\"Reda\u00e7\u00e3o\",\"@id\":\"https:\/\/www.notibras.com\/site\/#\/schema\/person\/36ab0979449956132d3e5b517ea76ac8\"},\"headline\":\"Trump recua, prop\u00f5e di\u00e1logo com Putin e R\u00fassia vai tomando Ucr\u00e2nia pela beirada\",\"datePublished\":\"2025-08-07T13:28:36+00:00\",\"mainEntityOfPage\":{\"@id\":\"https:\/\/www.notibras.com\/site\/trump-recua-propoe-dialogo-com-putin-e-russia-vai-tomando-ucrania-pela-beirada\/\"},\"wordCount\":374,\"publisher\":{\"@id\":\"https:\/\/www.notibras.com\/site\/#organization\"},\"image\":{\"@id\":\"https:\/\/www.notibras.com\/site\/trump-recua-propoe-dialogo-com-putin-e-russia-vai-tomando-ucrania-pela-beirada\/#primaryimage\"},\"thumbnailUrl\":\"https:\/\/www.notibras.com\/site\/wp-content\/uploads\/2025\/08\/AA1K4FQF.jpg\",\"keywords\":[\"capa\"],\"articleSection\":[\"Apocalipse\"],\"inLanguage\":\"pt-BR\"},{\"@type\":\"WebPage\",\"@id\":\"https:\/\/www.notibras.com\/site\/trump-recua-propoe-dialogo-com-putin-e-russia-vai-tomando-ucrania-pela-beirada\/\",\"url\":\"https:\/\/www.notibras.com\/site\/trump-recua-propoe-dialogo-com-putin-e-russia-vai-tomando-ucrania-pela-beirada\/\",\"name\":\"Trump recua, prop\u00f5e di\u00e1logo com Putin e R\u00fassia vai tomando Ucr\u00e2nia pela beirada - Notibras\",\"isPartOf\":{\"@id\":\"https:\/\/www.notibras.com\/site\/#website\"},\"primaryImageOfPage\":{\"@id\":\"https:\/\/www.notibras.com\/site\/trump-recua-propoe-dialogo-com-putin-e-russia-vai-tomando-ucrania-pela-beirada\/#primaryimage\"},\"image\":{\"@id\":\"https:\/\/www.notibras.com\/site\/trump-recua-propoe-dialogo-com-putin-e-russia-vai-tomando-ucrania-pela-beirada\/#primaryimage\"},\"thumbnailUrl\":\"https:\/\/www.notibras.com\/site\/wp-content\/uploads\/2025\/08\/AA1K4FQF.jpg\",\"datePublished\":\"2025-08-07T13:28:36+00:00\",\"breadcrumb\":{\"@id\":\"https:\/\/www.notibras.com\/site\/trump-recua-propoe-dialogo-com-putin-e-russia-vai-tomando-ucrania-pela-beirada\/#breadcrumb\"},\"inLanguage\":\"pt-BR\",\"potentialAction\":[{\"@type\":\"ReadAction\",\"target\":[\"https:\/\/www.notibras.com\/site\/trump-recua-propoe-dialogo-com-putin-e-russia-vai-tomando-ucrania-pela-beirada\/\"]}]},{\"@type\":\"ImageObject\",\"inLanguage\":\"pt-BR\",\"@id\":\"https:\/\/www.notibras.com\/site\/trump-recua-propoe-dialogo-com-putin-e-russia-vai-tomando-ucrania-pela-beirada\/#primaryimage\",\"url\":\"https:\/\/www.notibras.com\/site\/wp-content\/uploads\/2025\/08\/AA1K4FQF.jpg\",\"contentUrl\":\"https:\/\/www.notibras.com\/site\/wp-content\/uploads\/2025\/08\/AA1K4FQF.jpg\",\"width\":768,\"height\":576},{\"@type\":\"BreadcrumbList\",\"@id\":\"https:\/\/www.notibras.com\/site\/trump-recua-propoe-dialogo-com-putin-e-russia-vai-tomando-ucrania-pela-beirada\/#breadcrumb\",\"itemListElement\":[{\"@type\":\"ListItem\",\"position\":1,\"name\":\"In\u00edcio\",\"item\":\"https:\/\/www.notibras.com\/site\/\"},{\"@type\":\"ListItem\",\"position\":2,\"name\":\"Trump recua, prop\u00f5e di\u00e1logo com Putin e R\u00fassia vai tomando Ucr\u00e2nia pela beirada\"}]},{\"@type\":\"WebSite\",\"@id\":\"https:\/\/www.notibras.com\/site\/#website\",\"url\":\"https:\/\/www.notibras.com\/site\/\",\"name\":\"Notibras\",\"description\":\"Not\u00edcias de Bras\u00edlia, do Brasil e do Mundo\",\"publisher\":{\"@id\":\"https:\/\/www.notibras.com\/site\/#organization\"},\"potentialAction\":[{\"@type\":\"SearchAction\",\"target\":{\"@type\":\"EntryPoint\",\"urlTemplate\":\"https:\/\/www.notibras.com\/site\/?s={search_term_string}\"},\"query-input\":{\"@type\":\"PropertyValueSpecification\",\"valueRequired\":true,\"valueName\":\"search_term_string\"}}],\"inLanguage\":\"pt-BR\"},{\"@type\":\"Organization\",\"@id\":\"https:\/\/www.notibras.com\/site\/#organization\",\"name\":\"Grupo Notibras de Comunica\u00e7\u00e3o\",\"url\":\"https:\/\/www.notibras.com\/site\/\",\"logo\":{\"@type\":\"ImageObject\",\"inLanguage\":\"pt-BR\",\"@id\":\"https:\/\/www.notibras.com\/site\/#\/schema\/logo\/image\/\",\"url\":\"https:\/\/www.notibras.com\/site\/wp-content\/uploads\/2023\/01\/notibras23.png\",\"contentUrl\":\"https:\/\/www.notibras.com\/site\/wp-content\/uploads\/2023\/01\/notibras23.png\",\"width\":350,\"height\":87,\"caption\":\"Grupo Notibras de Comunica\u00e7\u00e3o\"},\"image\":{\"@id\":\"https:\/\/www.notibras.com\/site\/#\/schema\/logo\/image\/\"},\"sameAs\":[\"https:\/\/www.facebook.com\/notibras\/\",\"https:\/\/x.com\/Notibras\",\"https:\/\/www.instagram.com\/notibras\/\"]},{\"@type\":\"Person\",\"@id\":\"https:\/\/www.notibras.com\/site\/#\/schema\/person\/36ab0979449956132d3e5b517ea76ac8\",\"name\":\"Reda\u00e7\u00e3o\",\"image\":{\"@type\":\"ImageObject\",\"inLanguage\":\"pt-BR\",\"@id\":\"https:\/\/secure.gravatar.com\/avatar\/e0a867bdedb85fd243eadf09663511f96fc81e0720a4a42581f334ad4303aa6b?s=96&d=mm&r=g\",\"url\":\"https:\/\/secure.gravatar.com\/avatar\/e0a867bdedb85fd243eadf09663511f96fc81e0720a4a42581f334ad4303aa6b?s=96&d=mm&r=g\",\"contentUrl\":\"https:\/\/secure.gravatar.com\/avatar\/e0a867bdedb85fd243eadf09663511f96fc81e0720a4a42581f334ad4303aa6b?s=96&d=mm&r=g\",\"caption\":\"Reda\u00e7\u00e3o\"}}]}<\/script>\n<!-- \/ Yoast SEO plugin. -->","yoast_head_json":{"title":"Trump recua, prop\u00f5e di\u00e1logo com Putin e R\u00fassia vai tomando Ucr\u00e2nia pela beirada - Notibras","robots":{"index":"index","follow":"follow","max-snippet":"max-snippet:-1","max-image-preview":"max-image-preview:large","max-video-preview":"max-video-preview:-1"},"canonical":"https:\/\/www.notibras.com\/site\/trump-recua-propoe-dialogo-com-putin-e-russia-vai-tomando-ucrania-pela-beirada\/","og_locale":"pt_BR","og_type":"article","og_title":"Trump recua, prop\u00f5e di\u00e1logo com Putin e R\u00fassia vai tomando Ucr\u00e2nia pela beirada - Notibras","og_description":"O Kremlin disse na quinta-feira, 7, que o presidente russo, Vladimir Putin, concordou em se reunir com o presidente dos EUA, Donald Trump, embora uma data ou local espec\u00edfico ainda n\u00e3o tenha sido anunciado. O assessor de Putin, Yuri Ushakov, disse que uma &#8220;reuni\u00e3o entre Putin e Trump (ocorrer\u00e1) nos pr\u00f3ximos dias&#8221;, acrescentando que &#8220;o [&hellip;]","og_url":"https:\/\/www.notibras.com\/site\/trump-recua-propoe-dialogo-com-putin-e-russia-vai-tomando-ucrania-pela-beirada\/","og_site_name":"Notibras","article_publisher":"https:\/\/www.facebook.com\/notibras\/","article_published_time":"2025-08-07T13:28:36+00:00","og_image":[{"width":768,"height":576,"url":"https:\/\/www.notibras.com\/site\/wp-content\/uploads\/2025\/08\/AA1K4FQF.jpg","type":"image\/jpeg"}],"author":"Reda\u00e7\u00e3o","twitter_card":"summary_large_image","twitter_creator":"@Notibras","twitter_site":"@Notibras","twitter_misc":{"Escrito por":"Reda\u00e7\u00e3o","Est. tempo de leitura":"3 minutos"},"schema":{"@context":"https:\/\/schema.org","@graph":[{"@type":"Article","@id":"https:\/\/www.notibras.com\/site\/trump-recua-propoe-dialogo-com-putin-e-russia-vai-tomando-ucrania-pela-beirada\/#article","isPartOf":{"@id":"https:\/\/www.notibras.com\/site\/trump-recua-propoe-dialogo-com-putin-e-russia-vai-tomando-ucrania-pela-beirada\/"},"author":{"name":"Reda\u00e7\u00e3o","@id":"https:\/\/www.notibras.com\/site\/#\/schema\/person\/36ab0979449956132d3e5b517ea76ac8"},"headline":"Trump recua, prop\u00f5e di\u00e1logo com Putin e R\u00fassia vai tomando Ucr\u00e2nia pela beirada","datePublished":"2025-08-07T13:28:36+00:00","mainEntityOfPage":{"@id":"https:\/\/www.notibras.com\/site\/trump-recua-propoe-dialogo-com-putin-e-russia-vai-tomando-ucrania-pela-beirada\/"},"wordCount":374,"publisher":{"@id":"https:\/\/www.notibras.com\/site\/#organization"},"image":{"@id":"https:\/\/www.notibras.com\/site\/trump-recua-propoe-dialogo-com-putin-e-russia-vai-tomando-ucrania-pela-beirada\/#primaryimage"},"thumbnailUrl":"https:\/\/www.notibras.com\/site\/wp-content\/uploads\/2025\/08\/AA1K4FQF.jpg","keywords":["capa"],"articleSection":["Apocalipse"],"inLanguage":"pt-BR"},{"@type":"WebPage","@id":"https:\/\/www.notibras.com\/site\/trump-recua-propoe-dialogo-com-putin-e-russia-vai-tomando-ucrania-pela-beirada\/","url":"https:\/\/www.notibras.com\/site\/trump-recua-propoe-dialogo-com-putin-e-russia-vai-tomando-ucrania-pela-beirada\/","name":"Trump recua, prop\u00f5e di\u00e1logo com Putin e R\u00fassia vai tomando Ucr\u00e2nia pela beirada - Notibras","isPartOf":{"@id":"https:\/\/www.notibras.com\/site\/#website"},"primaryImageOfPage":{"@id":"https:\/\/www.notibras.com\/site\/trump-recua-propoe-dialogo-com-putin-e-russia-vai-tomando-ucrania-pela-beirada\/#primaryimage"},"image":{"@id":"https:\/\/www.notibras.com\/site\/trump-recua-propoe-dialogo-com-putin-e-russia-vai-tomando-ucrania-pela-beirada\/#primaryimage"},"thumbnailUrl":"https:\/\/www.notibras.com\/site\/wp-content\/uploads\/2025\/08\/AA1K4FQF.jpg","datePublished":"2025-08-07T13:28:36+00:00","breadcrumb":{"@id":"https:\/\/www.notibras.com\/site\/trump-recua-propoe-dialogo-com-putin-e-russia-vai-tomando-ucrania-pela-beirada\/#breadcrumb"},"inLanguage":"pt-BR","potentialAction":[{"@type":"ReadAction","target":["https:\/\/www.notibras.com\/site\/trump-recua-propoe-dialogo-com-putin-e-russia-vai-tomando-ucrania-pela-beirada\/"]}]},{"@type":"ImageObject","inLanguage":"pt-BR","@id":"https:\/\/www.notibras.com\/site\/trump-recua-propoe-dialogo-com-putin-e-russia-vai-tomando-ucrania-pela-beirada\/#primaryimage","url":"https:\/\/www.notibras.com\/site\/wp-content\/uploads\/2025\/08\/AA1K4FQF.jpg","contentUrl":"https:\/\/www.notibras.com\/site\/wp-content\/uploads\/2025\/08\/AA1K4FQF.jpg","width":768,"height":576},{"@type":"BreadcrumbList","@id":"https:\/\/www.notibras.com\/site\/trump-recua-propoe-dialogo-com-putin-e-russia-vai-tomando-ucrania-pela-beirada\/#breadcrumb","itemListElement":[{"@type":"ListItem","position":1,"name":"In\u00edcio","item":"https:\/\/www.notibras.com\/site\/"},{"@type":"ListItem","position":2,"name":"Trump recua, prop\u00f5e di\u00e1logo com Putin e R\u00fassia vai tomando Ucr\u00e2nia pela beirada"}]},{"@type":"WebSite","@id":"https:\/\/www.notibras.com\/site\/#website","url":"https:\/\/www.notibras.com\/site\/","name":"Notibras","description":"Not\u00edcias de Bras\u00edlia, do Brasil e do Mundo","publisher":{"@id":"https:\/\/www.notibras.com\/site\/#organization"},"potentialAction":[{"@type":"SearchAction","target":{"@type":"EntryPoint","urlTemplate":"https:\/\/www.notibras.com\/site\/?s={search_term_string}"},"query-input":{"@type":"PropertyValueSpecification","valueRequired":true,"valueName":"search_term_string"}}],"inLanguage":"pt-BR"},{"@type":"Organization","@id":"https:\/\/www.notibras.com\/site\/#organization","name":"Grupo Notibras de Comunica\u00e7\u00e3o","url":"https:\/\/www.notibras.com\/site\/","logo":{"@type":"ImageObject","inLanguage":"pt-BR","@id":"https:\/\/www.notibras.com\/site\/#\/schema\/logo\/image\/","url":"https:\/\/www.notibras.com\/site\/wp-content\/uploads\/2023\/01\/notibras23.png","contentUrl":"https:\/\/www.notibras.com\/site\/wp-content\/uploads\/2023\/01\/notibras23.png","width":350,"height":87,"caption":"Grupo Notibras de Comunica\u00e7\u00e3o"},"image":{"@id":"https:\/\/www.notibras.com\/site\/#\/schema\/logo\/image\/"},"sameAs":["https:\/\/www.facebook.com\/notibras\/","https:\/\/x.com\/Notibras","https:\/\/www.instagram.com\/notibras\/"]},{"@type":"Person","@id":"https:\/\/www.notibras.com\/site\/#\/schema\/person\/36ab0979449956132d3e5b517ea76ac8","name":"Reda\u00e7\u00e3o","image":{"@type":"ImageObject","inLanguage":"pt-BR","@id":"https:\/\/secure.gravatar.com\/avatar\/e0a867bdedb85fd243eadf09663511f96fc81e0720a4a42581f334ad4303aa6b?s=96&d=mm&r=g","url":"https:\/\/secure.gravatar.com\/avatar\/e0a867bdedb85fd243eadf09663511f96fc81e0720a4a42581f334ad4303aa6b?s=96&d=mm&r=g","contentUrl":"https:\/\/secure.gravatar.com\/avatar\/e0a867bdedb85fd243eadf09663511f96fc81e0720a4a42581f334ad4303aa6b?s=96&d=mm&r=g","caption":"Reda\u00e7\u00e3o"}}]}},"amp_enabled":true,"_links":{"self":[{"href":"https:\/\/www.notibras.com\/site\/wp-json\/wp\/v2\/posts\/360306","targetHints":{"allow":["GET"]}}],"collection":[{"href":"https:\/\/www.notibras.com\/site\/wp-json\/wp\/v2\/posts"}],"about":[{"href":"https:\/\/www.notibras.com\/site\/wp-json\/wp\/v2\/types\/post"}],"author":[{"embeddable":true,"href":"https:\/\/www.notibras.com\/site\/wp-json\/wp\/v2\/users\/2"}],"replies":[{"embeddable":true,"href":"https:\/\/www.notibras.com\/site\/wp-json\/wp\/v2\/comments?post=360306"}],"version-history":[{"count":1,"href":"https:\/\/www.notibras.com\/site\/wp-json\/wp\/v2\/posts\/360306\/revisions"}],"predecessor-version":[{"id":360308,"href":"https:\/\/www.notibras.com\/site\/wp-json\/wp\/v2\/posts\/360306\/revisions\/360308"}],"wp:featuredmedia":[{"embeddable":true,"href":"https:\/\/www.notibras.com\/site\/wp-json\/wp\/v2\/media\/360307"}],"wp:attachment":[{"href":"https:\/\/www.notibras.com\/site\/wp-json\/wp\/v2\/media?parent=360306"}],"wp:term":[{"taxonomy":"category","embeddable":true,"href":"https:\/\/www.notibras.com\/site\/wp-json\/wp\/v2\/categories?post=360306"},{"taxonomy":"post_tag","embeddable":true,"href":"https:\/\/www.notibras.com\/site\/wp-json\/wp\/v2\/tags?post=360306"}],"curies":[{"name":"wp","href":"https:\/\/api.w.org\/{rel}","templated":true}]}}