{"id":360340,"date":"2025-08-07T00:11:55","date_gmt":"2025-08-07T03:11:55","guid":{"rendered":"https:\/\/www.notibras.com\/site\/?p=360340"},"modified":"2025-08-07T13:14:30","modified_gmt":"2025-08-07T16:14:30","slug":"abbraccio-celebra-segundo-domingo-de-agosto-com-presente-exclusivo","status":"publish","type":"post","link":"https:\/\/www.notibras.com\/site\/abbraccio-celebra-segundo-domingo-de-agosto-com-presente-exclusivo\/","title":{"rendered":"Abbraccio celebra segundo domingo de agosto com presente exclusivo"},"content":{"rendered":"<p>Para a comemora\u00e7\u00e3o do Dia dos Pais deste ano, o Abbraccio, restaurante inspirado no lifestyle italiano, preparou uma a\u00e7\u00e3o especial voltada para fam\u00edlias. No domingo, 10 de agosto, todos os pais que celebrarem a data em uma das unidades f\u00edsicas da rede receber\u00e3o uma t\u00e1bua de queijos em parceria com Faixa Azul, marca refer\u00eancia de queijos especiais. A a\u00e7\u00e3o \u00e9 v\u00e1lida somente para consumo nos restaurantes, com unidades limitadas.<\/p>\n<p>Para tornar esse momento em fam\u00edlia mais aconchegante e cheio de sabor, o Abbraccio oferece um menu com pratos inspirados na culin\u00e1ria italiana, acompanhados de vinhos, aperitivos e sobremesas que v\u00e3o tornar essa ocasi\u00e3o ainda mais especial. A rede aposta na combina\u00e7\u00e3o de ambiente acolhedor e gastronomia afetiva para estimular as visitas no domingo.<\/p>\n<p>Para deixar o dia mais saboroso com pratos que mais parecem um abra\u00e7o, como sugest\u00e3o, o Abbraccio aposta em um de seus pratos queridinhos, o Gnocchi di Capri, feito com massa de batatas, feito \u00e0 m\u00e3o em nossa cozinha, servido ao cremoso molho de parmes\u00e3o Faixa Azul com toque de camar\u00e3o, acompanhado de camar\u00f5es frescos grelhados e finalizado com prosciutto crocante. Outra pedida \u00e9 um dos pratos mais amados da cozinha italiana: o Carbonara di Roma, um spaghetti servido com um cremoso molho de parmes\u00e3o Faixa Azul, pancetta e gema de ovo.<\/p>\n<p>H\u00e1 ainda as op\u00e7\u00f5es para compartilhar, com vers\u00f5es bastante generosas. Uma delas \u00e9 o carro chefe da marca, a Lasagna Bolognese, preparada com carne bovina e su\u00edna, mix de queijos ricotta, parmes\u00e3o Faixa Azul e mozzarella, ao molho pomodoro. Outra boa op\u00e7\u00e3o para a fam\u00edlia \u00e9 o Fettuccine Filetto Marsala, que vem com tiras de filet mignon ao molho \u00e0 base de vinho marsala, com um toque de prosciutto e cogumelos. H\u00e1 tamb\u00e9m uma s\u00e9rie de aperitivos, como o Crocantini di Mozzarella, Bruschetta Caprese ou Carbonara Bites.<\/p>\n<p>\u201cMais do que proporcionar uma refei\u00e7\u00e3o especial, queremos criar mem\u00f3rias afetivas com nossos clientes. A parceria com Faixa Azul refor\u00e7a esse prop\u00f3sito, oferecendo um presente \u00e0 altura daqueles que fazem tanto por n\u00f3s todos os dias\u201d, afirma Raquel Paternesi, diretora de Marketing e Growth do Abbraccio.<\/p>\n<p>\u201cAcreditamos que as melhores recorda\u00e7\u00f5es s\u00e3o criadas ao redor da mesa, com muito sabor. Por isso, a parceria com o Abbraccio \u00e9 a oportunidade perfeita para mostrar como os queijos podem elevar qualquer ocasi\u00e3o. Neste Dia dos Pais, queremos que cada fam\u00edlia viva uma experi\u00eancia memor\u00e1vel, celebrando com a qualidade que esse momento merece\u201d, conta Gustavo Couceiro, gerente executivo de Faixa Azul.<\/p>\n","protected":false},"excerpt":{"rendered":"<p>Para a comemora\u00e7\u00e3o do Dia dos Pais deste ano, o Abbraccio, restaurante inspirado no lifestyle italiano, preparou uma a\u00e7\u00e3o especial voltada para fam\u00edlias. No domingo, 10 de agosto, todos os pais que celebrarem a data em uma das unidades f\u00edsicas da rede receber\u00e3o uma t\u00e1bua de queijos em parceria com Faixa Azul, marca refer\u00eancia de [&hellip;]<\/p>\n","protected":false},"author":2,"featured_media":360341,"comment_status":"closed","ping_status":"closed","sticky":false,"template":"","format":"standard","meta":{"_acf_changed":false,"footnotes":""},"categories":[161],"tags":[],"class_list":["post-360340","post","type-post","status-publish","format-standard","has-post-thumbnail","hentry","category-quadradinho-em-foco"],"acf":[],"_links":{"self":[{"href":"https:\/\/www.notibras.com\/site\/wp-json\/wp\/v2\/posts\/360340","targetHints":{"allow":["GET"]}}],"collection":[{"href":"https:\/\/www.notibras.com\/site\/wp-json\/wp\/v2\/posts"}],"about":[{"href":"https:\/\/www.notibras.com\/site\/wp-json\/wp\/v2\/types\/post"}],"author":[{"embeddable":true,"href":"https:\/\/www.notibras.com\/site\/wp-json\/wp\/v2\/users\/2"}],"replies":[{"embeddable":true,"href":"https:\/\/www.notibras.com\/site\/wp-json\/wp\/v2\/comments?post=360340"}],"version-history":[{"count":1,"href":"https:\/\/www.notibras.com\/site\/wp-json\/wp\/v2\/posts\/360340\/revisions"}],"predecessor-version":[{"id":360342,"href":"https:\/\/www.notibras.com\/site\/wp-json\/wp\/v2\/posts\/360340\/revisions\/360342"}],"wp:featuredmedia":[{"embeddable":true,"href":"https:\/\/www.notibras.com\/site\/wp-json\/wp\/v2\/media\/360341"}],"wp:attachment":[{"href":"https:\/\/www.notibras.com\/site\/wp-json\/wp\/v2\/media?parent=360340"}],"wp:term":[{"taxonomy":"category","embeddable":true,"href":"https:\/\/www.notibras.com\/site\/wp-json\/wp\/v2\/categories?post=360340"},{"taxonomy":"post_tag","embeddable":true,"href":"https:\/\/www.notibras.com\/site\/wp-json\/wp\/v2\/tags?post=360340"}],"curies":[{"name":"wp","href":"https:\/\/api.w.org\/{rel}","templated":true}]}}