{"id":360343,"date":"2025-08-07T07:42:53","date_gmt":"2025-08-07T10:42:53","guid":{"rendered":"https:\/\/www.notibras.com\/site\/?p=360343"},"modified":"2025-08-07T13:44:38","modified_gmt":"2025-08-07T16:44:38","slug":"lula-homologa-tres-novas-terras-indigenas","status":"publish","type":"post","link":"https:\/\/www.notibras.com\/site\/lula-homologa-tres-novas-terras-indigenas\/","title":{"rendered":"Lula homologa tr\u00eas novas terras ind\u00edgenas"},"content":{"rendered":"<p>O presidente Luiz In\u00e1cio Lula da Silva homologou tr\u00eas terras ind\u00edgenas no Cear\u00e1. Ele assinou as portarias com o reconhecimento das \u00e1reas no \u00faltimo dia da 1\u00aa Confer\u00eancia Nacional das Mulheres Ind\u00edgenas, que reuniu em Bras\u00edlia cerca de 5 mil participantes de cerca de 100 povos de todo o Brasil.<\/p>\n<p>As terras homologadas foram as seguintes: Pitaguary, Lagoa da Encantada e Trememb\u00e9 de Queimadas. Lula afirmou que o reconhecimento das \u00e1reas ancestrais devolver\u00e1 a autonomia aos povos origin\u00e1rios das regi\u00f5es.<\/p>\n<p>&#8220;Agora \u00e9 criar condi\u00e7\u00f5es para que voc\u00eas possam fazer o uso que acharem melhor daquela terra e poderem continuar criando a fam\u00edlia de voc\u00eas\u201d, declarou Lula. \u201cVoc\u00eas precisam aproveitar que n\u00f3s estamos no governo. Eu tenho certeza que n\u00f3s somos a melhor chance que os povos ind\u00edgenas deste pa\u00eds t\u00eam para conquistar as suas terras\u201d, acrescentou.<\/p>\n<p>Com os novos atos, subiu para 16 o total de terras ind\u00edgenas homologadas desde 2023. Segundo o Pal\u00e1cio do Planalto, o governo superou o compromisso firmado no per\u00edodo de transi\u00e7\u00e3o que previa 14 \u00e1reas homologadas.<\/p>\n<p>As tr\u00eas novas terras ind\u00edgenas est\u00e3o inclu\u00eddas no acordo de coopera\u00e7\u00e3o t\u00e9cnica assinado em 2023 entre a Funda\u00e7\u00e3o Nacional dos Povos Ind\u00edgenas (Funai) e o governo do Cear\u00e1. A homologa\u00e7\u00e3o \u00e9 a \u00faltima fase do processo de demarca\u00e7\u00e3o da Funda\u00e7\u00e3o Nacional dos Povos Ind\u00edgenas (Funai), que come\u00e7ou em 2024, e antecede o registro em cart\u00f3rio das \u00e1reas em nome da Uni\u00e3o.<\/p>\n<p>Ao assinar as portarias, Lula elogiou a resist\u00eancia dos povos ind\u00edgenas diante da lentid\u00e3o dos processos de demarca\u00e7\u00e3o. &#8220;Voc\u00eas, com paci\u00eancia, sofrem, passam necessidade, passam frio, sofrem calor, passam fome e n\u00e3o desistem. \u00c9 uma coisa que me d\u00e1 muito orgulho: a capacidade que voc\u00eas t\u00eam de resistir neste pa\u00eds\u201d, declarou.<\/p>\n<p>A ministra S\u00f4nia Guajajara classificou as homologa\u00e7\u00f5es como \u201cmais um momento hist\u00f3rico e importante da gest\u00e3o do presidente Lula&#8221;. A presidenta da Funai, Joenia Wapichana, defendeu que as pol\u00edticas indigenistas tenham continuidade. \u201cNo seu governo, presidente, avan\u00e7amos na demarca\u00e7\u00e3o e no reconhecimento do papel da Funai.\u201d<\/p>\n<p><strong>Detalhamento<\/strong><br \/>\nHabitada por cerca de 290 ind\u00edgenas da etnia Trememb\u00e9, a Terra Ind\u00edgena Trememb\u00e9 de Queimadas fica no munic\u00edpio de Acara\u00fa. A terra ind\u00edgena foi declarada de posse permanente do povo citado por uma portaria do Minist\u00e9rio da Justi\u00e7a publicada no Di\u00e1rio Oficial da Uni\u00e3o em abril de 2013.<\/p>\n<p>Estendendo-se pelos munic\u00edpios de Maracana\u00fa, Pacatuba e Maranguape, a Terra Ind\u00edgena Pitaguary abriga 2.940 ind\u00edgenas do povo Pitaguary. A posse permanente tinha sido declarada em dezembro de 2006.<\/p>\n<p>Habitada por 340 ind\u00edgenas Jenipapo-Kanind\u00e9, a Terra Ind\u00edgena Lagoa Encantada fica no munic\u00edpio de Aquiraz. A posse permanente tinha sido declarada em fevereiro de 2011.<\/p>\n","protected":false},"excerpt":{"rendered":"<p>O presidente Luiz In\u00e1cio Lula da Silva homologou tr\u00eas terras ind\u00edgenas no Cear\u00e1. Ele assinou as portarias com o reconhecimento das \u00e1reas no \u00faltimo dia da 1\u00aa Confer\u00eancia Nacional das Mulheres Ind\u00edgenas, que reuniu em Bras\u00edlia cerca de 5 mil participantes de cerca de 100 povos de todo o Brasil. As terras homologadas foram as [&hellip;]<\/p>\n","protected":false},"author":2,"featured_media":360344,"comment_status":"closed","ping_status":"closed","sticky":false,"template":"","format":"standard","meta":{"_acf_changed":false,"footnotes":""},"categories":[165],"tags":[],"class_list":["post-360343","post","type-post","status-publish","format-standard","has-post-thumbnail","hentry","category-nordeste"],"acf":[],"_links":{"self":[{"href":"https:\/\/www.notibras.com\/site\/wp-json\/wp\/v2\/posts\/360343","targetHints":{"allow":["GET"]}}],"collection":[{"href":"https:\/\/www.notibras.com\/site\/wp-json\/wp\/v2\/posts"}],"about":[{"href":"https:\/\/www.notibras.com\/site\/wp-json\/wp\/v2\/types\/post"}],"author":[{"embeddable":true,"href":"https:\/\/www.notibras.com\/site\/wp-json\/wp\/v2\/users\/2"}],"replies":[{"embeddable":true,"href":"https:\/\/www.notibras.com\/site\/wp-json\/wp\/v2\/comments?post=360343"}],"version-history":[{"count":1,"href":"https:\/\/www.notibras.com\/site\/wp-json\/wp\/v2\/posts\/360343\/revisions"}],"predecessor-version":[{"id":360345,"href":"https:\/\/www.notibras.com\/site\/wp-json\/wp\/v2\/posts\/360343\/revisions\/360345"}],"wp:featuredmedia":[{"embeddable":true,"href":"https:\/\/www.notibras.com\/site\/wp-json\/wp\/v2\/media\/360344"}],"wp:attachment":[{"href":"https:\/\/www.notibras.com\/site\/wp-json\/wp\/v2\/media?parent=360343"}],"wp:term":[{"taxonomy":"category","embeddable":true,"href":"https:\/\/www.notibras.com\/site\/wp-json\/wp\/v2\/categories?post=360343"},{"taxonomy":"post_tag","embeddable":true,"href":"https:\/\/www.notibras.com\/site\/wp-json\/wp\/v2\/tags?post=360343"}],"curies":[{"name":"wp","href":"https:\/\/api.w.org\/{rel}","templated":true}]}}