{"id":360349,"date":"2025-08-07T11:00:24","date_gmt":"2025-08-07T14:00:24","guid":{"rendered":"https:\/\/www.notibras.com\/site\/?p=360349"},"modified":"2025-08-07T14:26:16","modified_gmt":"2025-08-07T17:26:16","slug":"nordeste-mantem-com-brasil-uma-relacao-de-amor-e-desafios","status":"publish","type":"post","link":"https:\/\/www.notibras.com\/site\/nordeste-mantem-com-brasil-uma-relacao-de-amor-e-desafios\/","title":{"rendered":"Nordeste mant\u00e9m com Brasil uma rela\u00e7\u00e3o de amor e desafios"},"content":{"rendered":"<p>O Nordeste brasileiro \u00e9 mais do que uma regi\u00e3o: \u00e9 um cora\u00e7\u00e3o pulsante dentro do corpo do Brasil. Terra de riquezas culturais, paisagens deslumbrantes e um povo marcado pela resist\u00eancia, o Nordeste desempenha papel fundamental na forma\u00e7\u00e3o da identidade nacional. Mas, apesar do amor que desperta, a regi\u00e3o ainda enfrenta antigos e persistentes desafios.<\/p>\n<p>Dos sert\u00f5es \u00e1ridos aos litorais paradis\u00edacos, o Nordeste carrega a marca de um povo que n\u00e3o desiste. A cultura nordestina \u2014 presente na m\u00fasica, na literatura, na culin\u00e1ria e na religiosidade \u2014 influencia o pa\u00eds inteiro. O forr\u00f3, o repente, o acaraj\u00e9, o cordel e o S\u00e3o Jo\u00e3o s\u00e3o apenas algumas das express\u00f5es que encantam o Brasil e o mundo.<\/p>\n<p>No entanto, por tr\u00e1s dessa riqueza cultural, h\u00e1 contrastes sociais que ainda persistem. Desigualdades hist\u00f3ricas se refletem nos \u00edndices de desenvolvimento humano, acesso \u00e0 educa\u00e7\u00e3o, infraestrutura e oportunidades de emprego. Enquanto algumas capitais despontam com polos tecnol\u00f3gicos e tur\u00edsticos, comunidades do interior ainda lutam contra a seca, o desemprego e a migra\u00e7\u00e3o for\u00e7ada.<\/p>\n<p>Nos \u00faltimos anos, investimentos em energia renov\u00e1vel, turismo sustent\u00e1vel e programas sociais t\u00eam ajudado a transformar parte dessa realidade. Mas os desafios estruturais exigem mais do que medidas pontuais: precisam de pol\u00edticas p\u00fablicas consistentes, planejamento a longo prazo e, principalmente, valoriza\u00e7\u00e3o do potencial humano nordestino.<\/p>\n<p>A rela\u00e7\u00e3o entre o Nordeste e o restante do Brasil \u00e9 feita de afeto, mas tamb\u00e9m de cobran\u00e7a. O amor est\u00e1 no reconhecimento da contribui\u00e7\u00e3o nordestina para a cultura, economia e hist\u00f3ria do pa\u00eds. Os desafios est\u00e3o no compromisso de construir um Brasil verdadeiramente justo e integrado, onde todas as regi\u00f5es tenham as mesmas oportunidades.<\/p>\n<p>O Nordeste n\u00e3o pede piedade. Pede parceria. Pede respeito. E continua, com coragem e f\u00e9, escrevendo sua hist\u00f3ria no cora\u00e7\u00e3o do Brasil.<\/p>\n","protected":false},"excerpt":{"rendered":"<p>O Nordeste brasileiro \u00e9 mais do que uma regi\u00e3o: \u00e9 um cora\u00e7\u00e3o pulsante dentro do corpo do Brasil. Terra de riquezas culturais, paisagens deslumbrantes e um povo marcado pela resist\u00eancia, o Nordeste desempenha papel fundamental na forma\u00e7\u00e3o da identidade nacional. Mas, apesar do amor que desperta, a regi\u00e3o ainda enfrenta antigos e persistentes desafios. Dos [&hellip;]<\/p>\n","protected":false},"author":2,"featured_media":360350,"comment_status":"closed","ping_status":"closed","sticky":false,"template":"","format":"standard","meta":{"_acf_changed":false,"footnotes":""},"categories":[165],"tags":[],"class_list":["post-360349","post","type-post","status-publish","format-standard","has-post-thumbnail","hentry","category-nordeste"],"acf":[],"_links":{"self":[{"href":"https:\/\/www.notibras.com\/site\/wp-json\/wp\/v2\/posts\/360349","targetHints":{"allow":["GET"]}}],"collection":[{"href":"https:\/\/www.notibras.com\/site\/wp-json\/wp\/v2\/posts"}],"about":[{"href":"https:\/\/www.notibras.com\/site\/wp-json\/wp\/v2\/types\/post"}],"author":[{"embeddable":true,"href":"https:\/\/www.notibras.com\/site\/wp-json\/wp\/v2\/users\/2"}],"replies":[{"embeddable":true,"href":"https:\/\/www.notibras.com\/site\/wp-json\/wp\/v2\/comments?post=360349"}],"version-history":[{"count":1,"href":"https:\/\/www.notibras.com\/site\/wp-json\/wp\/v2\/posts\/360349\/revisions"}],"predecessor-version":[{"id":360351,"href":"https:\/\/www.notibras.com\/site\/wp-json\/wp\/v2\/posts\/360349\/revisions\/360351"}],"wp:featuredmedia":[{"embeddable":true,"href":"https:\/\/www.notibras.com\/site\/wp-json\/wp\/v2\/media\/360350"}],"wp:attachment":[{"href":"https:\/\/www.notibras.com\/site\/wp-json\/wp\/v2\/media?parent=360349"}],"wp:term":[{"taxonomy":"category","embeddable":true,"href":"https:\/\/www.notibras.com\/site\/wp-json\/wp\/v2\/categories?post=360349"},{"taxonomy":"post_tag","embeddable":true,"href":"https:\/\/www.notibras.com\/site\/wp-json\/wp\/v2\/tags?post=360349"}],"curies":[{"name":"wp","href":"https:\/\/api.w.org\/{rel}","templated":true}]}}