{"id":360385,"date":"2025-08-08T02:34:35","date_gmt":"2025-08-08T05:34:35","guid":{"rendered":"https:\/\/www.notibras.com\/site\/?p=360385"},"modified":"2025-08-07T23:35:54","modified_gmt":"2025-08-08T02:35:54","slug":"sul-global-contra-ataca-e-deixa-eua-contra-parede","status":"publish","type":"post","link":"https:\/\/www.notibras.com\/site\/sul-global-contra-ataca-e-deixa-eua-contra-parede\/","title":{"rendered":"Sul Global contra-ataca e deixa EUA contra parede"},"content":{"rendered":"<p>O presidente Lula anunciou planos para debater uma resposta conjunta \u00e0s restri\u00e7\u00f5es comerciais dos EUA com os parceiros do BRICS do Brasil. Veja por que isso \u00e9 uma p\u00e9ssima not\u00edcia para Washington.<\/p>\n<p>A estrat\u00e9gia de Lula &#8220;ressalta&#8221; a &#8220;crescente coes\u00e3o e assertividade pol\u00edtica do BRICS no cen\u00e1rio global&#8221;, sinalizando prontid\u00e3o &#8220;para resistir ativamente \u00e0 press\u00e3o unilateral&#8221; e promover &#8220;uma ordem internacional mais multipolar&#8221;, diz o analista pol\u00edtico e financeiro Angelo Giuliano, baseado em Hong Kong.<\/p>\n<p>A retalia\u00e7\u00e3o \u00e0 press\u00e3o dos EUA pode incluir:<\/p>\n<p>ainda mais com\u00e9rcio em moedas locais (reduzindo valor do d\u00f3lar)<\/p>\n<p>fortalecimento do Banco Brics e e seu poder de empr\u00e9stimo<\/p>\n<p>implementando uma alternativa ao SWIFT<\/p>\n<p>desafiando tarifas dos EUA na OMC<\/p>\n<p><strong>D\u00f3lar em perigo?<\/strong><br \/>\nEssas e outras medidas poderiam &#8220;minar significativamente o dom\u00ednio global do d\u00f3lar&#8221;, diz Giuliano, corroendo a influ\u00eancia geopol\u00edtica que Washington det\u00e9m h\u00e1 muito tempo devido \u00e0 sua primazia financeira e ao status de seu dinheiro como moeda de reserva de fato do mundo.<\/p>\n<p>Os formuladores de pol\u00edticas dos EUA, que passaram anos &#8220;subestimando&#8221; o BRICS e descartando-o como &#8220;inerentemente fragmentado e incapaz de a\u00e7\u00e3o coletiva significativa&#8221;, agora s\u00e3o for\u00e7ados a aceitar o fato de que esse n\u00e3o \u00e9 mais o caso, diz Giuliano.<\/p>\n<p>\u201cEsta \u00e9 a primeira vez que todos os pa\u00edses do BRICS foram especificamente alvos de um presidente dos EUA\u201d, diz simultaneamente o Dr. Raj Kumar Sharma, do think tank NatStrat, destacando como o pr\u00f3prio Washington encorajou a cria\u00e7\u00e3o de uma frente unida do BRICS.<\/p>\n<p><strong>Erro fiscal fatal dos EUA<\/strong><br \/>\nColocar pa\u00edses como Brasil, \u00c1frica do Sul e \u00cdndia &#8220;na linha de fogo&#8221; de novas tarifas, apesar das rela\u00e7\u00f5es cordiais com Washington, parece m\u00edope, mas sinaliza o qu\u00e3o &#8220;abalados&#8221; os EUA est\u00e3o com a crescente influ\u00eancia dos BRICS, diz o pesquisador Ashraf Patel.<\/p>\n<p>\u201cO fato de os EUA estarem impondo tarifas \u00e0 sua aliada \u00cdndia e de o primeiro-ministro Modi visitar a China em breve mostra qu\u00e3o r\u00e1pida \u00e9 a din\u00e2mica geopol\u00edtica e qu\u00e3o forte \u00e9 a coes\u00e3o dos BRICS atualmente\u201d, enfatiza o pesquisador do Instituto para o Di\u00e1logo Global.<\/p>\n<p><strong>Colhendo o que plantaram<\/strong><br \/>\n\u201cO BRICS sempre se preocupou em criar alternativas em financiamento para o desenvolvimento e reformar institui\u00e7\u00f5es financeiras internacionais\u201d, mas a \u201cescala e o escopo\u201d das guerras comerciais de Washington s\u00e3o agora t\u00e3o agressivos \u201cque a agenda do BRICS ganhou novo impulso\u201d, disse Patel.<\/p>\n","protected":false},"excerpt":{"rendered":"<p>O presidente Lula anunciou planos para debater uma resposta conjunta \u00e0s restri\u00e7\u00f5es comerciais dos EUA com os parceiros do BRICS do Brasil. Veja por que isso \u00e9 uma p\u00e9ssima not\u00edcia para Washington. A estrat\u00e9gia de Lula &#8220;ressalta&#8221; a &#8220;crescente coes\u00e3o e assertividade pol\u00edtica do BRICS no cen\u00e1rio global&#8221;, sinalizando prontid\u00e3o &#8220;para resistir ativamente \u00e0 press\u00e3o [&hellip;]<\/p>\n","protected":false},"author":2,"featured_media":360386,"comment_status":"closed","ping_status":"closed","sticky":false,"template":"","format":"standard","meta":{"_acf_changed":false,"footnotes":""},"categories":[159],"tags":[],"class_list":["post-360385","post","type-post","status-publish","format-standard","has-post-thumbnail","hentry","category-apocalipse"],"acf":[],"yoast_head":"<!-- This site is optimized with the Yoast SEO plugin v27.2 - https:\/\/yoast.com\/product\/yoast-seo-wordpress\/ -->\n<title>Sul Global contra-ataca e deixa EUA contra parede - Notibras<\/title>\n<meta name=\"robots\" content=\"index, follow, max-snippet:-1, max-image-preview:large, max-video-preview:-1\" \/>\n<link rel=\"canonical\" href=\"https:\/\/www.notibras.com\/site\/sul-global-contra-ataca-e-deixa-eua-contra-parede\/\" \/>\n<meta property=\"og:locale\" content=\"pt_BR\" \/>\n<meta property=\"og:type\" content=\"article\" \/>\n<meta property=\"og:title\" content=\"Sul Global contra-ataca e deixa EUA contra parede - Notibras\" \/>\n<meta property=\"og:description\" content=\"O presidente Lula anunciou planos para debater uma resposta conjunta \u00e0s restri\u00e7\u00f5es comerciais dos EUA com os parceiros do BRICS do Brasil. Veja por que isso \u00e9 uma p\u00e9ssima not\u00edcia para Washington. A estrat\u00e9gia de Lula &#8220;ressalta&#8221; a &#8220;crescente coes\u00e3o e assertividade pol\u00edtica do BRICS no cen\u00e1rio global&#8221;, sinalizando prontid\u00e3o &#8220;para resistir ativamente \u00e0 press\u00e3o [&hellip;]\" \/>\n<meta property=\"og:url\" content=\"https:\/\/www.notibras.com\/site\/sul-global-contra-ataca-e-deixa-eua-contra-parede\/\" \/>\n<meta property=\"og:site_name\" content=\"Notibras\" \/>\n<meta property=\"article:publisher\" content=\"https:\/\/www.facebook.com\/notibras\/\" \/>\n<meta property=\"article:published_time\" content=\"2025-08-08T05:34:35+00:00\" \/>\n<meta property=\"og:image\" content=\"https:\/\/www.notibras.com\/site\/wp-content\/uploads\/2025\/08\/1122571248_0_160_3073_1888_1920x0_80_0_0_09583f9ec8e7e860eb0bb2b2853d6f5d.jpg-1.webp\" \/>\n\t<meta property=\"og:image:width\" content=\"1920\" \/>\n\t<meta property=\"og:image:height\" content=\"1080\" \/>\n\t<meta property=\"og:image:type\" content=\"image\/webp\" \/>\n<meta name=\"author\" content=\"Reda\u00e7\u00e3o\" \/>\n<meta name=\"twitter:card\" content=\"summary_large_image\" \/>\n<meta name=\"twitter:creator\" content=\"@Notibras\" \/>\n<meta name=\"twitter:site\" content=\"@Notibras\" \/>\n<meta name=\"twitter:label1\" content=\"Escrito por\" \/>\n\t<meta name=\"twitter:data1\" content=\"Reda\u00e7\u00e3o\" \/>\n\t<meta name=\"twitter:label2\" content=\"Est. tempo de leitura\" \/>\n\t<meta name=\"twitter:data2\" content=\"3 minutos\" \/>\n<script type=\"application\/ld+json\" class=\"yoast-schema-graph\">{\"@context\":\"https:\/\/schema.org\",\"@graph\":[{\"@type\":\"Article\",\"@id\":\"https:\/\/www.notibras.com\/site\/sul-global-contra-ataca-e-deixa-eua-contra-parede\/#article\",\"isPartOf\":{\"@id\":\"https:\/\/www.notibras.com\/site\/sul-global-contra-ataca-e-deixa-eua-contra-parede\/\"},\"author\":{\"name\":\"Reda\u00e7\u00e3o\",\"@id\":\"https:\/\/www.notibras.com\/site\/#\/schema\/person\/36ab0979449956132d3e5b517ea76ac8\"},\"headline\":\"Sul Global contra-ataca e deixa EUA contra parede\",\"datePublished\":\"2025-08-08T05:34:35+00:00\",\"mainEntityOfPage\":{\"@id\":\"https:\/\/www.notibras.com\/site\/sul-global-contra-ataca-e-deixa-eua-contra-parede\/\"},\"wordCount\":430,\"publisher\":{\"@id\":\"https:\/\/www.notibras.com\/site\/#organization\"},\"image\":{\"@id\":\"https:\/\/www.notibras.com\/site\/sul-global-contra-ataca-e-deixa-eua-contra-parede\/#primaryimage\"},\"thumbnailUrl\":\"https:\/\/www.notibras.com\/site\/wp-content\/uploads\/2025\/08\/1122571248_0_160_3073_1888_1920x0_80_0_0_09583f9ec8e7e860eb0bb2b2853d6f5d.jpg-1.webp\",\"articleSection\":[\"Apocalipse\"],\"inLanguage\":\"pt-BR\"},{\"@type\":\"WebPage\",\"@id\":\"https:\/\/www.notibras.com\/site\/sul-global-contra-ataca-e-deixa-eua-contra-parede\/\",\"url\":\"https:\/\/www.notibras.com\/site\/sul-global-contra-ataca-e-deixa-eua-contra-parede\/\",\"name\":\"Sul Global contra-ataca e deixa EUA contra parede - Notibras\",\"isPartOf\":{\"@id\":\"https:\/\/www.notibras.com\/site\/#website\"},\"primaryImageOfPage\":{\"@id\":\"https:\/\/www.notibras.com\/site\/sul-global-contra-ataca-e-deixa-eua-contra-parede\/#primaryimage\"},\"image\":{\"@id\":\"https:\/\/www.notibras.com\/site\/sul-global-contra-ataca-e-deixa-eua-contra-parede\/#primaryimage\"},\"thumbnailUrl\":\"https:\/\/www.notibras.com\/site\/wp-content\/uploads\/2025\/08\/1122571248_0_160_3073_1888_1920x0_80_0_0_09583f9ec8e7e860eb0bb2b2853d6f5d.jpg-1.webp\",\"datePublished\":\"2025-08-08T05:34:35+00:00\",\"breadcrumb\":{\"@id\":\"https:\/\/www.notibras.com\/site\/sul-global-contra-ataca-e-deixa-eua-contra-parede\/#breadcrumb\"},\"inLanguage\":\"pt-BR\",\"potentialAction\":[{\"@type\":\"ReadAction\",\"target\":[\"https:\/\/www.notibras.com\/site\/sul-global-contra-ataca-e-deixa-eua-contra-parede\/\"]}]},{\"@type\":\"ImageObject\",\"inLanguage\":\"pt-BR\",\"@id\":\"https:\/\/www.notibras.com\/site\/sul-global-contra-ataca-e-deixa-eua-contra-parede\/#primaryimage\",\"url\":\"https:\/\/www.notibras.com\/site\/wp-content\/uploads\/2025\/08\/1122571248_0_160_3073_1888_1920x0_80_0_0_09583f9ec8e7e860eb0bb2b2853d6f5d.jpg-1.webp\",\"contentUrl\":\"https:\/\/www.notibras.com\/site\/wp-content\/uploads\/2025\/08\/1122571248_0_160_3073_1888_1920x0_80_0_0_09583f9ec8e7e860eb0bb2b2853d6f5d.jpg-1.webp\",\"width\":1920,\"height\":1080},{\"@type\":\"BreadcrumbList\",\"@id\":\"https:\/\/www.notibras.com\/site\/sul-global-contra-ataca-e-deixa-eua-contra-parede\/#breadcrumb\",\"itemListElement\":[{\"@type\":\"ListItem\",\"position\":1,\"name\":\"In\u00edcio\",\"item\":\"https:\/\/www.notibras.com\/site\/\"},{\"@type\":\"ListItem\",\"position\":2,\"name\":\"Sul Global contra-ataca e deixa EUA contra parede\"}]},{\"@type\":\"WebSite\",\"@id\":\"https:\/\/www.notibras.com\/site\/#website\",\"url\":\"https:\/\/www.notibras.com\/site\/\",\"name\":\"Notibras\",\"description\":\"Not\u00edcias de Bras\u00edlia, do Brasil e do Mundo\",\"publisher\":{\"@id\":\"https:\/\/www.notibras.com\/site\/#organization\"},\"potentialAction\":[{\"@type\":\"SearchAction\",\"target\":{\"@type\":\"EntryPoint\",\"urlTemplate\":\"https:\/\/www.notibras.com\/site\/?s={search_term_string}\"},\"query-input\":{\"@type\":\"PropertyValueSpecification\",\"valueRequired\":true,\"valueName\":\"search_term_string\"}}],\"inLanguage\":\"pt-BR\"},{\"@type\":\"Organization\",\"@id\":\"https:\/\/www.notibras.com\/site\/#organization\",\"name\":\"Grupo Notibras de Comunica\u00e7\u00e3o\",\"url\":\"https:\/\/www.notibras.com\/site\/\",\"logo\":{\"@type\":\"ImageObject\",\"inLanguage\":\"pt-BR\",\"@id\":\"https:\/\/www.notibras.com\/site\/#\/schema\/logo\/image\/\",\"url\":\"https:\/\/www.notibras.com\/site\/wp-content\/uploads\/2023\/01\/notibras23.png\",\"contentUrl\":\"https:\/\/www.notibras.com\/site\/wp-content\/uploads\/2023\/01\/notibras23.png\",\"width\":350,\"height\":87,\"caption\":\"Grupo Notibras de Comunica\u00e7\u00e3o\"},\"image\":{\"@id\":\"https:\/\/www.notibras.com\/site\/#\/schema\/logo\/image\/\"},\"sameAs\":[\"https:\/\/www.facebook.com\/notibras\/\",\"https:\/\/x.com\/Notibras\",\"https:\/\/www.instagram.com\/notibras\/\"]},{\"@type\":\"Person\",\"@id\":\"https:\/\/www.notibras.com\/site\/#\/schema\/person\/36ab0979449956132d3e5b517ea76ac8\",\"name\":\"Reda\u00e7\u00e3o\",\"image\":{\"@type\":\"ImageObject\",\"inLanguage\":\"pt-BR\",\"@id\":\"https:\/\/secure.gravatar.com\/avatar\/e0a867bdedb85fd243eadf09663511f96fc81e0720a4a42581f334ad4303aa6b?s=96&d=mm&r=g\",\"url\":\"https:\/\/secure.gravatar.com\/avatar\/e0a867bdedb85fd243eadf09663511f96fc81e0720a4a42581f334ad4303aa6b?s=96&d=mm&r=g\",\"contentUrl\":\"https:\/\/secure.gravatar.com\/avatar\/e0a867bdedb85fd243eadf09663511f96fc81e0720a4a42581f334ad4303aa6b?s=96&d=mm&r=g\",\"caption\":\"Reda\u00e7\u00e3o\"}}]}<\/script>\n<!-- \/ Yoast SEO plugin. -->","yoast_head_json":{"title":"Sul Global contra-ataca e deixa EUA contra parede - Notibras","robots":{"index":"index","follow":"follow","max-snippet":"max-snippet:-1","max-image-preview":"max-image-preview:large","max-video-preview":"max-video-preview:-1"},"canonical":"https:\/\/www.notibras.com\/site\/sul-global-contra-ataca-e-deixa-eua-contra-parede\/","og_locale":"pt_BR","og_type":"article","og_title":"Sul Global contra-ataca e deixa EUA contra parede - Notibras","og_description":"O presidente Lula anunciou planos para debater uma resposta conjunta \u00e0s restri\u00e7\u00f5es comerciais dos EUA com os parceiros do BRICS do Brasil. Veja por que isso \u00e9 uma p\u00e9ssima not\u00edcia para Washington. A estrat\u00e9gia de Lula &#8220;ressalta&#8221; a &#8220;crescente coes\u00e3o e assertividade pol\u00edtica do BRICS no cen\u00e1rio global&#8221;, sinalizando prontid\u00e3o &#8220;para resistir ativamente \u00e0 press\u00e3o [&hellip;]","og_url":"https:\/\/www.notibras.com\/site\/sul-global-contra-ataca-e-deixa-eua-contra-parede\/","og_site_name":"Notibras","article_publisher":"https:\/\/www.facebook.com\/notibras\/","article_published_time":"2025-08-08T05:34:35+00:00","og_image":[{"width":1920,"height":1080,"url":"https:\/\/www.notibras.com\/site\/wp-content\/uploads\/2025\/08\/1122571248_0_160_3073_1888_1920x0_80_0_0_09583f9ec8e7e860eb0bb2b2853d6f5d.jpg-1.webp","type":"image\/webp"}],"author":"Reda\u00e7\u00e3o","twitter_card":"summary_large_image","twitter_creator":"@Notibras","twitter_site":"@Notibras","twitter_misc":{"Escrito por":"Reda\u00e7\u00e3o","Est. tempo de leitura":"3 minutos"},"schema":{"@context":"https:\/\/schema.org","@graph":[{"@type":"Article","@id":"https:\/\/www.notibras.com\/site\/sul-global-contra-ataca-e-deixa-eua-contra-parede\/#article","isPartOf":{"@id":"https:\/\/www.notibras.com\/site\/sul-global-contra-ataca-e-deixa-eua-contra-parede\/"},"author":{"name":"Reda\u00e7\u00e3o","@id":"https:\/\/www.notibras.com\/site\/#\/schema\/person\/36ab0979449956132d3e5b517ea76ac8"},"headline":"Sul Global contra-ataca e deixa EUA contra parede","datePublished":"2025-08-08T05:34:35+00:00","mainEntityOfPage":{"@id":"https:\/\/www.notibras.com\/site\/sul-global-contra-ataca-e-deixa-eua-contra-parede\/"},"wordCount":430,"publisher":{"@id":"https:\/\/www.notibras.com\/site\/#organization"},"image":{"@id":"https:\/\/www.notibras.com\/site\/sul-global-contra-ataca-e-deixa-eua-contra-parede\/#primaryimage"},"thumbnailUrl":"https:\/\/www.notibras.com\/site\/wp-content\/uploads\/2025\/08\/1122571248_0_160_3073_1888_1920x0_80_0_0_09583f9ec8e7e860eb0bb2b2853d6f5d.jpg-1.webp","articleSection":["Apocalipse"],"inLanguage":"pt-BR"},{"@type":"WebPage","@id":"https:\/\/www.notibras.com\/site\/sul-global-contra-ataca-e-deixa-eua-contra-parede\/","url":"https:\/\/www.notibras.com\/site\/sul-global-contra-ataca-e-deixa-eua-contra-parede\/","name":"Sul Global contra-ataca e deixa EUA contra parede - Notibras","isPartOf":{"@id":"https:\/\/www.notibras.com\/site\/#website"},"primaryImageOfPage":{"@id":"https:\/\/www.notibras.com\/site\/sul-global-contra-ataca-e-deixa-eua-contra-parede\/#primaryimage"},"image":{"@id":"https:\/\/www.notibras.com\/site\/sul-global-contra-ataca-e-deixa-eua-contra-parede\/#primaryimage"},"thumbnailUrl":"https:\/\/www.notibras.com\/site\/wp-content\/uploads\/2025\/08\/1122571248_0_160_3073_1888_1920x0_80_0_0_09583f9ec8e7e860eb0bb2b2853d6f5d.jpg-1.webp","datePublished":"2025-08-08T05:34:35+00:00","breadcrumb":{"@id":"https:\/\/www.notibras.com\/site\/sul-global-contra-ataca-e-deixa-eua-contra-parede\/#breadcrumb"},"inLanguage":"pt-BR","potentialAction":[{"@type":"ReadAction","target":["https:\/\/www.notibras.com\/site\/sul-global-contra-ataca-e-deixa-eua-contra-parede\/"]}]},{"@type":"ImageObject","inLanguage":"pt-BR","@id":"https:\/\/www.notibras.com\/site\/sul-global-contra-ataca-e-deixa-eua-contra-parede\/#primaryimage","url":"https:\/\/www.notibras.com\/site\/wp-content\/uploads\/2025\/08\/1122571248_0_160_3073_1888_1920x0_80_0_0_09583f9ec8e7e860eb0bb2b2853d6f5d.jpg-1.webp","contentUrl":"https:\/\/www.notibras.com\/site\/wp-content\/uploads\/2025\/08\/1122571248_0_160_3073_1888_1920x0_80_0_0_09583f9ec8e7e860eb0bb2b2853d6f5d.jpg-1.webp","width":1920,"height":1080},{"@type":"BreadcrumbList","@id":"https:\/\/www.notibras.com\/site\/sul-global-contra-ataca-e-deixa-eua-contra-parede\/#breadcrumb","itemListElement":[{"@type":"ListItem","position":1,"name":"In\u00edcio","item":"https:\/\/www.notibras.com\/site\/"},{"@type":"ListItem","position":2,"name":"Sul Global contra-ataca e deixa EUA contra parede"}]},{"@type":"WebSite","@id":"https:\/\/www.notibras.com\/site\/#website","url":"https:\/\/www.notibras.com\/site\/","name":"Notibras","description":"Not\u00edcias de Bras\u00edlia, do Brasil e do Mundo","publisher":{"@id":"https:\/\/www.notibras.com\/site\/#organization"},"potentialAction":[{"@type":"SearchAction","target":{"@type":"EntryPoint","urlTemplate":"https:\/\/www.notibras.com\/site\/?s={search_term_string}"},"query-input":{"@type":"PropertyValueSpecification","valueRequired":true,"valueName":"search_term_string"}}],"inLanguage":"pt-BR"},{"@type":"Organization","@id":"https:\/\/www.notibras.com\/site\/#organization","name":"Grupo Notibras de Comunica\u00e7\u00e3o","url":"https:\/\/www.notibras.com\/site\/","logo":{"@type":"ImageObject","inLanguage":"pt-BR","@id":"https:\/\/www.notibras.com\/site\/#\/schema\/logo\/image\/","url":"https:\/\/www.notibras.com\/site\/wp-content\/uploads\/2023\/01\/notibras23.png","contentUrl":"https:\/\/www.notibras.com\/site\/wp-content\/uploads\/2023\/01\/notibras23.png","width":350,"height":87,"caption":"Grupo Notibras de Comunica\u00e7\u00e3o"},"image":{"@id":"https:\/\/www.notibras.com\/site\/#\/schema\/logo\/image\/"},"sameAs":["https:\/\/www.facebook.com\/notibras\/","https:\/\/x.com\/Notibras","https:\/\/www.instagram.com\/notibras\/"]},{"@type":"Person","@id":"https:\/\/www.notibras.com\/site\/#\/schema\/person\/36ab0979449956132d3e5b517ea76ac8","name":"Reda\u00e7\u00e3o","image":{"@type":"ImageObject","inLanguage":"pt-BR","@id":"https:\/\/secure.gravatar.com\/avatar\/e0a867bdedb85fd243eadf09663511f96fc81e0720a4a42581f334ad4303aa6b?s=96&d=mm&r=g","url":"https:\/\/secure.gravatar.com\/avatar\/e0a867bdedb85fd243eadf09663511f96fc81e0720a4a42581f334ad4303aa6b?s=96&d=mm&r=g","contentUrl":"https:\/\/secure.gravatar.com\/avatar\/e0a867bdedb85fd243eadf09663511f96fc81e0720a4a42581f334ad4303aa6b?s=96&d=mm&r=g","caption":"Reda\u00e7\u00e3o"}}]}},"amp_enabled":true,"_links":{"self":[{"href":"https:\/\/www.notibras.com\/site\/wp-json\/wp\/v2\/posts\/360385","targetHints":{"allow":["GET"]}}],"collection":[{"href":"https:\/\/www.notibras.com\/site\/wp-json\/wp\/v2\/posts"}],"about":[{"href":"https:\/\/www.notibras.com\/site\/wp-json\/wp\/v2\/types\/post"}],"author":[{"embeddable":true,"href":"https:\/\/www.notibras.com\/site\/wp-json\/wp\/v2\/users\/2"}],"replies":[{"embeddable":true,"href":"https:\/\/www.notibras.com\/site\/wp-json\/wp\/v2\/comments?post=360385"}],"version-history":[{"count":1,"href":"https:\/\/www.notibras.com\/site\/wp-json\/wp\/v2\/posts\/360385\/revisions"}],"predecessor-version":[{"id":360387,"href":"https:\/\/www.notibras.com\/site\/wp-json\/wp\/v2\/posts\/360385\/revisions\/360387"}],"wp:featuredmedia":[{"embeddable":true,"href":"https:\/\/www.notibras.com\/site\/wp-json\/wp\/v2\/media\/360386"}],"wp:attachment":[{"href":"https:\/\/www.notibras.com\/site\/wp-json\/wp\/v2\/media?parent=360385"}],"wp:term":[{"taxonomy":"category","embeddable":true,"href":"https:\/\/www.notibras.com\/site\/wp-json\/wp\/v2\/categories?post=360385"},{"taxonomy":"post_tag","embeddable":true,"href":"https:\/\/www.notibras.com\/site\/wp-json\/wp\/v2\/tags?post=360385"}],"curies":[{"name":"wp","href":"https:\/\/api.w.org\/{rel}","templated":true}]}}