{"id":36039,"date":"2015-02-05T00:05:13","date_gmt":"2015-02-05T03:05:13","guid":{"rendered":"http:\/\/www.notibras.com\/site\/?p=36039"},"modified":"2015-02-05T00:05:13","modified_gmt":"2015-02-05T03:05:13","slug":"corinthians-perde-guerrero-mas-goleia-once-pela-libertadores","status":"publish","type":"post","link":"https:\/\/www.notibras.com\/site\/corinthians-perde-guerrero-mas-goleia-once-pela-libertadores\/","title":{"rendered":"Corinthians perde Guerrero mas goleia Once pela Libertadores"},"content":{"rendered":"<p>O primeiro grande jogo do Corinthians no ano teve emo\u00e7\u00e3o e sofrimento, mas um final dos mais felizes. Em 90 minutos eletrizantes, o time alvinegro estreou na pr\u00e9-Libertadores com gola\u00e7o-rel\u00e2mpago de Emerson Sheik, expuls\u00e3o de Guerrero, press\u00e3o do Once Caldas e al\u00edvio e show no segundo tempo. Com um 4 a 0 incrivelmente suado, mas merecido, Tite e companhia encaminharam a vaga para a fase de grupos da competi\u00e7\u00e3o continental.<\/p>\n<p>A vantagem representa bem a diferen\u00e7a t\u00e9cnica entre as duas equipes, mas n\u00e3o o que foi o jogo. Embora saia do Itaquer\u00e3o com um placar el\u00e1stico, que lhe permite perder por at\u00e9 tr\u00eas gols de diferen\u00e7a no jogo de volta, na Col\u00f4mbia, o Corinthians sofreu.<\/p>\n<p>Entre a expuls\u00e3o de Guerrero, na metade do primeiro tempo, e o gol marcado por Felipe, aos 9 do segundo, o Once Caldas pressionou e amea\u00e7ou a vit\u00f3ria do Corinthians. Na base da supera\u00e7\u00e3o e do talento individual, o time brasileiro contornou a press\u00e3o rival, imp\u00f4s seu melhor jogo e conseguiu golear. Agora, a fase de grupos contra S\u00e3o Paulo, San Lorenzo e Danubio \u00e9 apenas uma formalidade e a queda diante do Tolima, em 2011, s\u00f3 um fantasma.<\/p>\n<p>O Corinthians n\u00e3o podia imaginar um in\u00edcio melhor no jogo, com o gola\u00e7o de Sheik com menos de um minuto. O lance deveria dar calma e pavimentar o caminho de uma vit\u00f3ria supostamente tranquila, mas passou longe disso.<\/p>\n<blockquote><p>Mesmo antes de Guerrero ser expulso, o Once Caldas levou perigo, especialmente pelo alto e em cima do zagueiro Felipe. Foram pelo menos dois lances de apuro para o torcedor, sendo que em um deles a bola foi parar no fundo do gol. Aos 19 minutos, Ralf desviou para a pr\u00f3pria meta ap\u00f3s uma cobran\u00e7a de falta da esquerda, mas o \u00e1rbitro anulou o lance alegando impedimento de dois atacantes colombianos, decis\u00e3o que revoltou os visitantes.<\/p><\/blockquote>\n<p>Aos 26 minutos, a coisa complicou de vez. Em uma disputa pelo alto na intermedi\u00e1ria, Perez fez falta e irritou Guerrero, que deixou o bra\u00e7o no rosto do rival depois que o lance j\u00e1 estava parado. O \u00e1rbitro viu, julgou que o peruano agrediu o rival e o expulsou de campo, dando apenas um amarelo para o jogador do Once Caldas.<\/p>\n<p>Os colombianos avan\u00e7aram, tiraram os brasileiros do s\u00e9rio e desmontaram a defesa corintiana. Nem o intervalo resolvia. No segundo tempo, Penco perdeu uma chance debaixo da trave, em uma falha individual de F\u00e1bio Santos.<\/p>\n<p>Quem salvou o Corinthians, ent\u00e3o, foi Felipe. Her\u00f3i improv\u00e1vel, questionado pela torcida, o zagueiro foi ao ataque em uma cobran\u00e7a de escanteio e fez, de cabe\u00e7a, o gol que deu tranquilidade ao time da casa quando o Once Caldas dominava o confronto.<\/p>\n<p>Da\u00ed em diante, quem mandou foi o Corinthians, que ainda se beneficiou da expuls\u00e3o de Murillo. Em dois lances geniais de Renato Augusto, Elias, aos 25 minutos, e Fagner, aos 33 minutos, transformaram a vit\u00f3ria apertada em goleada. Grata, a torcida cantou ol\u00e9 e saudou o time at\u00e9 o apito final, em uma enorme festa no Itaquer\u00e3o.<\/p>\n","protected":false},"excerpt":{"rendered":"<p>O primeiro grande jogo do Corinthians no ano teve emo\u00e7\u00e3o e sofrimento, mas um final dos mais felizes. Em 90 minutos eletrizantes, o time alvinegro estreou na pr\u00e9-Libertadores com gola\u00e7o-rel\u00e2mpago de Emerson Sheik, expuls\u00e3o de Guerrero, press\u00e3o do Once Caldas e al\u00edvio e show no segundo tempo. Com um 4 a 0 incrivelmente suado, mas [&hellip;]<\/p>\n","protected":false},"author":2,"featured_media":36040,"comment_status":"open","ping_status":"closed","sticky":false,"template":"","format":"standard","meta":{"_acf_changed":false,"footnotes":""},"categories":[19,29],"tags":[],"class_list":["post-36039","post","type-post","status-publish","format-standard","has-post-thumbnail","hentry","category-esportes","category-futebol"],"acf":[],"yoast_head":"<!-- This site is optimized with the Yoast SEO plugin v27.2 - https:\/\/yoast.com\/product\/yoast-seo-wordpress\/ -->\n<title>Corinthians perde Guerrero mas goleia Once pela Libertadores - Notibras<\/title>\n<meta name=\"robots\" content=\"index, follow, max-snippet:-1, max-image-preview:large, max-video-preview:-1\" \/>\n<link rel=\"canonical\" href=\"https:\/\/www.notibras.com\/site\/corinthians-perde-guerrero-mas-goleia-once-pela-libertadores\/\" \/>\n<meta property=\"og:locale\" content=\"pt_BR\" \/>\n<meta property=\"og:type\" content=\"article\" \/>\n<meta property=\"og:title\" content=\"Corinthians perde Guerrero mas goleia Once pela Libertadores - Notibras\" \/>\n<meta property=\"og:description\" content=\"O primeiro grande jogo do Corinthians no ano teve emo\u00e7\u00e3o e sofrimento, mas um final dos mais felizes. Em 90 minutos eletrizantes, o time alvinegro estreou na pr\u00e9-Libertadores com gola\u00e7o-rel\u00e2mpago de Emerson Sheik, expuls\u00e3o de Guerrero, press\u00e3o do Once Caldas e al\u00edvio e show no segundo tempo. Com um 4 a 0 incrivelmente suado, mas [&hellip;]\" \/>\n<meta property=\"og:url\" content=\"https:\/\/www.notibras.com\/site\/corinthians-perde-guerrero-mas-goleia-once-pela-libertadores\/\" \/>\n<meta property=\"og:site_name\" content=\"Notibras\" \/>\n<meta property=\"article:publisher\" content=\"https:\/\/www.facebook.com\/notibras\/\" \/>\n<meta property=\"article:published_time\" content=\"2015-02-05T03:05:13+00:00\" \/>\n<meta property=\"og:image\" content=\"https:\/\/www.notibras.com\/site\/wp-content\/uploads\/2015\/02\/cor1.jpg\" \/>\n\t<meta property=\"og:image:width\" content=\"600\" \/>\n\t<meta property=\"og:image:height\" content=\"399\" \/>\n\t<meta property=\"og:image:type\" content=\"image\/jpeg\" \/>\n<meta name=\"author\" content=\"Reda\u00e7\u00e3o\" \/>\n<meta name=\"twitter:card\" content=\"summary_large_image\" \/>\n<meta name=\"twitter:creator\" content=\"@Notibras\" \/>\n<meta name=\"twitter:site\" content=\"@Notibras\" \/>\n<meta name=\"twitter:label1\" content=\"Escrito por\" \/>\n\t<meta name=\"twitter:data1\" content=\"Reda\u00e7\u00e3o\" \/>\n\t<meta name=\"twitter:label2\" content=\"Est. tempo de leitura\" \/>\n\t<meta name=\"twitter:data2\" content=\"3 minutos\" \/>\n<script type=\"application\/ld+json\" class=\"yoast-schema-graph\">{\"@context\":\"https:\/\/schema.org\",\"@graph\":[{\"@type\":\"Article\",\"@id\":\"https:\/\/www.notibras.com\/site\/corinthians-perde-guerrero-mas-goleia-once-pela-libertadores\/#article\",\"isPartOf\":{\"@id\":\"https:\/\/www.notibras.com\/site\/corinthians-perde-guerrero-mas-goleia-once-pela-libertadores\/\"},\"author\":{\"name\":\"Reda\u00e7\u00e3o\",\"@id\":\"https:\/\/www.notibras.com\/site\/#\/schema\/person\/36ab0979449956132d3e5b517ea76ac8\"},\"headline\":\"Corinthians perde Guerrero mas goleia Once pela Libertadores\",\"datePublished\":\"2015-02-05T03:05:13+00:00\",\"mainEntityOfPage\":{\"@id\":\"https:\/\/www.notibras.com\/site\/corinthians-perde-guerrero-mas-goleia-once-pela-libertadores\/\"},\"wordCount\":544,\"commentCount\":0,\"publisher\":{\"@id\":\"https:\/\/www.notibras.com\/site\/#organization\"},\"image\":{\"@id\":\"https:\/\/www.notibras.com\/site\/corinthians-perde-guerrero-mas-goleia-once-pela-libertadores\/#primaryimage\"},\"thumbnailUrl\":\"https:\/\/www.notibras.com\/site\/wp-content\/uploads\/2015\/02\/cor1.jpg\",\"articleSection\":[\"Esportes\",\"Futebol\"],\"inLanguage\":\"pt-BR\",\"potentialAction\":[{\"@type\":\"CommentAction\",\"name\":\"Comment\",\"target\":[\"https:\/\/www.notibras.com\/site\/corinthians-perde-guerrero-mas-goleia-once-pela-libertadores\/#respond\"]}]},{\"@type\":\"WebPage\",\"@id\":\"https:\/\/www.notibras.com\/site\/corinthians-perde-guerrero-mas-goleia-once-pela-libertadores\/\",\"url\":\"https:\/\/www.notibras.com\/site\/corinthians-perde-guerrero-mas-goleia-once-pela-libertadores\/\",\"name\":\"Corinthians perde Guerrero mas goleia Once pela Libertadores - Notibras\",\"isPartOf\":{\"@id\":\"https:\/\/www.notibras.com\/site\/#website\"},\"primaryImageOfPage\":{\"@id\":\"https:\/\/www.notibras.com\/site\/corinthians-perde-guerrero-mas-goleia-once-pela-libertadores\/#primaryimage\"},\"image\":{\"@id\":\"https:\/\/www.notibras.com\/site\/corinthians-perde-guerrero-mas-goleia-once-pela-libertadores\/#primaryimage\"},\"thumbnailUrl\":\"https:\/\/www.notibras.com\/site\/wp-content\/uploads\/2015\/02\/cor1.jpg\",\"datePublished\":\"2015-02-05T03:05:13+00:00\",\"breadcrumb\":{\"@id\":\"https:\/\/www.notibras.com\/site\/corinthians-perde-guerrero-mas-goleia-once-pela-libertadores\/#breadcrumb\"},\"inLanguage\":\"pt-BR\",\"potentialAction\":[{\"@type\":\"ReadAction\",\"target\":[\"https:\/\/www.notibras.com\/site\/corinthians-perde-guerrero-mas-goleia-once-pela-libertadores\/\"]}]},{\"@type\":\"ImageObject\",\"inLanguage\":\"pt-BR\",\"@id\":\"https:\/\/www.notibras.com\/site\/corinthians-perde-guerrero-mas-goleia-once-pela-libertadores\/#primaryimage\",\"url\":\"https:\/\/www.notibras.com\/site\/wp-content\/uploads\/2015\/02\/cor1.jpg\",\"contentUrl\":\"https:\/\/www.notibras.com\/site\/wp-content\/uploads\/2015\/02\/cor1.jpg\",\"width\":600,\"height\":399},{\"@type\":\"BreadcrumbList\",\"@id\":\"https:\/\/www.notibras.com\/site\/corinthians-perde-guerrero-mas-goleia-once-pela-libertadores\/#breadcrumb\",\"itemListElement\":[{\"@type\":\"ListItem\",\"position\":1,\"name\":\"In\u00edcio\",\"item\":\"https:\/\/www.notibras.com\/site\/\"},{\"@type\":\"ListItem\",\"position\":2,\"name\":\"Corinthians perde Guerrero mas goleia Once pela Libertadores\"}]},{\"@type\":\"WebSite\",\"@id\":\"https:\/\/www.notibras.com\/site\/#website\",\"url\":\"https:\/\/www.notibras.com\/site\/\",\"name\":\"Notibras\",\"description\":\"Not\u00edcias de Bras\u00edlia, do Brasil e do Mundo\",\"publisher\":{\"@id\":\"https:\/\/www.notibras.com\/site\/#organization\"},\"potentialAction\":[{\"@type\":\"SearchAction\",\"target\":{\"@type\":\"EntryPoint\",\"urlTemplate\":\"https:\/\/www.notibras.com\/site\/?s={search_term_string}\"},\"query-input\":{\"@type\":\"PropertyValueSpecification\",\"valueRequired\":true,\"valueName\":\"search_term_string\"}}],\"inLanguage\":\"pt-BR\"},{\"@type\":\"Organization\",\"@id\":\"https:\/\/www.notibras.com\/site\/#organization\",\"name\":\"Grupo Notibras de Comunica\u00e7\u00e3o\",\"url\":\"https:\/\/www.notibras.com\/site\/\",\"logo\":{\"@type\":\"ImageObject\",\"inLanguage\":\"pt-BR\",\"@id\":\"https:\/\/www.notibras.com\/site\/#\/schema\/logo\/image\/\",\"url\":\"https:\/\/www.notibras.com\/site\/wp-content\/uploads\/2023\/01\/notibras23.png\",\"contentUrl\":\"https:\/\/www.notibras.com\/site\/wp-content\/uploads\/2023\/01\/notibras23.png\",\"width\":350,\"height\":87,\"caption\":\"Grupo Notibras de Comunica\u00e7\u00e3o\"},\"image\":{\"@id\":\"https:\/\/www.notibras.com\/site\/#\/schema\/logo\/image\/\"},\"sameAs\":[\"https:\/\/www.facebook.com\/notibras\/\",\"https:\/\/x.com\/Notibras\",\"https:\/\/www.instagram.com\/notibras\/\"]},{\"@type\":\"Person\",\"@id\":\"https:\/\/www.notibras.com\/site\/#\/schema\/person\/36ab0979449956132d3e5b517ea76ac8\",\"name\":\"Reda\u00e7\u00e3o\",\"image\":{\"@type\":\"ImageObject\",\"inLanguage\":\"pt-BR\",\"@id\":\"https:\/\/secure.gravatar.com\/avatar\/e0a867bdedb85fd243eadf09663511f96fc81e0720a4a42581f334ad4303aa6b?s=96&d=mm&r=g\",\"url\":\"https:\/\/secure.gravatar.com\/avatar\/e0a867bdedb85fd243eadf09663511f96fc81e0720a4a42581f334ad4303aa6b?s=96&d=mm&r=g\",\"contentUrl\":\"https:\/\/secure.gravatar.com\/avatar\/e0a867bdedb85fd243eadf09663511f96fc81e0720a4a42581f334ad4303aa6b?s=96&d=mm&r=g\",\"caption\":\"Reda\u00e7\u00e3o\"}}]}<\/script>\n<!-- \/ Yoast SEO plugin. -->","yoast_head_json":{"title":"Corinthians perde Guerrero mas goleia Once pela Libertadores - Notibras","robots":{"index":"index","follow":"follow","max-snippet":"max-snippet:-1","max-image-preview":"max-image-preview:large","max-video-preview":"max-video-preview:-1"},"canonical":"https:\/\/www.notibras.com\/site\/corinthians-perde-guerrero-mas-goleia-once-pela-libertadores\/","og_locale":"pt_BR","og_type":"article","og_title":"Corinthians perde Guerrero mas goleia Once pela Libertadores - Notibras","og_description":"O primeiro grande jogo do Corinthians no ano teve emo\u00e7\u00e3o e sofrimento, mas um final dos mais felizes. Em 90 minutos eletrizantes, o time alvinegro estreou na pr\u00e9-Libertadores com gola\u00e7o-rel\u00e2mpago de Emerson Sheik, expuls\u00e3o de Guerrero, press\u00e3o do Once Caldas e al\u00edvio e show no segundo tempo. Com um 4 a 0 incrivelmente suado, mas [&hellip;]","og_url":"https:\/\/www.notibras.com\/site\/corinthians-perde-guerrero-mas-goleia-once-pela-libertadores\/","og_site_name":"Notibras","article_publisher":"https:\/\/www.facebook.com\/notibras\/","article_published_time":"2015-02-05T03:05:13+00:00","og_image":[{"width":600,"height":399,"url":"https:\/\/www.notibras.com\/site\/wp-content\/uploads\/2015\/02\/cor1.jpg","type":"image\/jpeg"}],"author":"Reda\u00e7\u00e3o","twitter_card":"summary_large_image","twitter_creator":"@Notibras","twitter_site":"@Notibras","twitter_misc":{"Escrito por":"Reda\u00e7\u00e3o","Est. tempo de leitura":"3 minutos"},"schema":{"@context":"https:\/\/schema.org","@graph":[{"@type":"Article","@id":"https:\/\/www.notibras.com\/site\/corinthians-perde-guerrero-mas-goleia-once-pela-libertadores\/#article","isPartOf":{"@id":"https:\/\/www.notibras.com\/site\/corinthians-perde-guerrero-mas-goleia-once-pela-libertadores\/"},"author":{"name":"Reda\u00e7\u00e3o","@id":"https:\/\/www.notibras.com\/site\/#\/schema\/person\/36ab0979449956132d3e5b517ea76ac8"},"headline":"Corinthians perde Guerrero mas goleia Once pela Libertadores","datePublished":"2015-02-05T03:05:13+00:00","mainEntityOfPage":{"@id":"https:\/\/www.notibras.com\/site\/corinthians-perde-guerrero-mas-goleia-once-pela-libertadores\/"},"wordCount":544,"commentCount":0,"publisher":{"@id":"https:\/\/www.notibras.com\/site\/#organization"},"image":{"@id":"https:\/\/www.notibras.com\/site\/corinthians-perde-guerrero-mas-goleia-once-pela-libertadores\/#primaryimage"},"thumbnailUrl":"https:\/\/www.notibras.com\/site\/wp-content\/uploads\/2015\/02\/cor1.jpg","articleSection":["Esportes","Futebol"],"inLanguage":"pt-BR","potentialAction":[{"@type":"CommentAction","name":"Comment","target":["https:\/\/www.notibras.com\/site\/corinthians-perde-guerrero-mas-goleia-once-pela-libertadores\/#respond"]}]},{"@type":"WebPage","@id":"https:\/\/www.notibras.com\/site\/corinthians-perde-guerrero-mas-goleia-once-pela-libertadores\/","url":"https:\/\/www.notibras.com\/site\/corinthians-perde-guerrero-mas-goleia-once-pela-libertadores\/","name":"Corinthians perde Guerrero mas goleia Once pela Libertadores - Notibras","isPartOf":{"@id":"https:\/\/www.notibras.com\/site\/#website"},"primaryImageOfPage":{"@id":"https:\/\/www.notibras.com\/site\/corinthians-perde-guerrero-mas-goleia-once-pela-libertadores\/#primaryimage"},"image":{"@id":"https:\/\/www.notibras.com\/site\/corinthians-perde-guerrero-mas-goleia-once-pela-libertadores\/#primaryimage"},"thumbnailUrl":"https:\/\/www.notibras.com\/site\/wp-content\/uploads\/2015\/02\/cor1.jpg","datePublished":"2015-02-05T03:05:13+00:00","breadcrumb":{"@id":"https:\/\/www.notibras.com\/site\/corinthians-perde-guerrero-mas-goleia-once-pela-libertadores\/#breadcrumb"},"inLanguage":"pt-BR","potentialAction":[{"@type":"ReadAction","target":["https:\/\/www.notibras.com\/site\/corinthians-perde-guerrero-mas-goleia-once-pela-libertadores\/"]}]},{"@type":"ImageObject","inLanguage":"pt-BR","@id":"https:\/\/www.notibras.com\/site\/corinthians-perde-guerrero-mas-goleia-once-pela-libertadores\/#primaryimage","url":"https:\/\/www.notibras.com\/site\/wp-content\/uploads\/2015\/02\/cor1.jpg","contentUrl":"https:\/\/www.notibras.com\/site\/wp-content\/uploads\/2015\/02\/cor1.jpg","width":600,"height":399},{"@type":"BreadcrumbList","@id":"https:\/\/www.notibras.com\/site\/corinthians-perde-guerrero-mas-goleia-once-pela-libertadores\/#breadcrumb","itemListElement":[{"@type":"ListItem","position":1,"name":"In\u00edcio","item":"https:\/\/www.notibras.com\/site\/"},{"@type":"ListItem","position":2,"name":"Corinthians perde Guerrero mas goleia Once pela Libertadores"}]},{"@type":"WebSite","@id":"https:\/\/www.notibras.com\/site\/#website","url":"https:\/\/www.notibras.com\/site\/","name":"Notibras","description":"Not\u00edcias de Bras\u00edlia, do Brasil e do Mundo","publisher":{"@id":"https:\/\/www.notibras.com\/site\/#organization"},"potentialAction":[{"@type":"SearchAction","target":{"@type":"EntryPoint","urlTemplate":"https:\/\/www.notibras.com\/site\/?s={search_term_string}"},"query-input":{"@type":"PropertyValueSpecification","valueRequired":true,"valueName":"search_term_string"}}],"inLanguage":"pt-BR"},{"@type":"Organization","@id":"https:\/\/www.notibras.com\/site\/#organization","name":"Grupo Notibras de Comunica\u00e7\u00e3o","url":"https:\/\/www.notibras.com\/site\/","logo":{"@type":"ImageObject","inLanguage":"pt-BR","@id":"https:\/\/www.notibras.com\/site\/#\/schema\/logo\/image\/","url":"https:\/\/www.notibras.com\/site\/wp-content\/uploads\/2023\/01\/notibras23.png","contentUrl":"https:\/\/www.notibras.com\/site\/wp-content\/uploads\/2023\/01\/notibras23.png","width":350,"height":87,"caption":"Grupo Notibras de Comunica\u00e7\u00e3o"},"image":{"@id":"https:\/\/www.notibras.com\/site\/#\/schema\/logo\/image\/"},"sameAs":["https:\/\/www.facebook.com\/notibras\/","https:\/\/x.com\/Notibras","https:\/\/www.instagram.com\/notibras\/"]},{"@type":"Person","@id":"https:\/\/www.notibras.com\/site\/#\/schema\/person\/36ab0979449956132d3e5b517ea76ac8","name":"Reda\u00e7\u00e3o","image":{"@type":"ImageObject","inLanguage":"pt-BR","@id":"https:\/\/secure.gravatar.com\/avatar\/e0a867bdedb85fd243eadf09663511f96fc81e0720a4a42581f334ad4303aa6b?s=96&d=mm&r=g","url":"https:\/\/secure.gravatar.com\/avatar\/e0a867bdedb85fd243eadf09663511f96fc81e0720a4a42581f334ad4303aa6b?s=96&d=mm&r=g","contentUrl":"https:\/\/secure.gravatar.com\/avatar\/e0a867bdedb85fd243eadf09663511f96fc81e0720a4a42581f334ad4303aa6b?s=96&d=mm&r=g","caption":"Reda\u00e7\u00e3o"}}]}},"amp_enabled":true,"_links":{"self":[{"href":"https:\/\/www.notibras.com\/site\/wp-json\/wp\/v2\/posts\/36039","targetHints":{"allow":["GET"]}}],"collection":[{"href":"https:\/\/www.notibras.com\/site\/wp-json\/wp\/v2\/posts"}],"about":[{"href":"https:\/\/www.notibras.com\/site\/wp-json\/wp\/v2\/types\/post"}],"author":[{"embeddable":true,"href":"https:\/\/www.notibras.com\/site\/wp-json\/wp\/v2\/users\/2"}],"replies":[{"embeddable":true,"href":"https:\/\/www.notibras.com\/site\/wp-json\/wp\/v2\/comments?post=36039"}],"version-history":[{"count":0,"href":"https:\/\/www.notibras.com\/site\/wp-json\/wp\/v2\/posts\/36039\/revisions"}],"wp:featuredmedia":[{"embeddable":true,"href":"https:\/\/www.notibras.com\/site\/wp-json\/wp\/v2\/media\/36040"}],"wp:attachment":[{"href":"https:\/\/www.notibras.com\/site\/wp-json\/wp\/v2\/media?parent=36039"}],"wp:term":[{"taxonomy":"category","embeddable":true,"href":"https:\/\/www.notibras.com\/site\/wp-json\/wp\/v2\/categories?post=36039"},{"taxonomy":"post_tag","embeddable":true,"href":"https:\/\/www.notibras.com\/site\/wp-json\/wp\/v2\/tags?post=36039"}],"curies":[{"name":"wp","href":"https:\/\/api.w.org\/{rel}","templated":true}]}}