{"id":360400,"date":"2025-08-08T00:51:04","date_gmt":"2025-08-08T03:51:04","guid":{"rendered":"https:\/\/www.notibras.com\/site\/?p=360400"},"modified":"2025-08-08T08:52:31","modified_gmt":"2025-08-08T11:52:31","slug":"casos-de-covid-19-crescem-na-bahia-e-ceara","status":"publish","type":"post","link":"https:\/\/www.notibras.com\/site\/casos-de-covid-19-crescem-na-bahia-e-ceara\/","title":{"rendered":"Casos de covid-19 crescem na Bahia e Cear\u00e1"},"content":{"rendered":"<p>Os casos de s\u00edndrome respirat\u00f3ria aguda grave (SRAG) entre as crian\u00e7as associados ao v\u00edrus sincicial respirat\u00f3rio (VSR) permanecem em n\u00edveis elevados na maioria dos estados do pa\u00eds. O boletim semanal InfoGripe divulgado nesta quinta-feira (7) pela Funda\u00e7\u00e3o Oswaldo Cruz (Fiocruz) aponta tamb\u00e9m que os casos de covid-19 seguem aumentando no Cear\u00e1 e voltaram a crescer no Rio de Janeiro. Na Bahia, tamb\u00e9m foi observado o aumento das hospitaliza\u00e7\u00f5es em crian\u00e7as e adolescentes, em decorr\u00eancia do rinov\u00edrus.<\/p>\n<p>O estudo apresenta um cen\u00e1rio de manuten\u00e7\u00e3o da tend\u00eancia de queda dos casos de SRAG associados ao Influenza entre os idosos e ao VSR na popula\u00e7\u00e3o infantil de at\u00e9 2 anos de idade. O boletim destaca que, na popula\u00e7\u00e3o idosa, os casos de SRAG se mant\u00eam em n\u00edveis de moderado a alto em estados do Centro-Sul, al\u00e9m do Norte e do Nordeste.<\/p>\n<p>A pesquisadora do InfoGripe Tatiana Portela destacou a import\u00e2ncia da vacina da covid-19, especialmente para idosos e imunocomprometidos, que precisam tomar doses de refor\u00e7o a cada seis meses. \u201cComo em alguns estados os casos de SRAG por Influenza A continuam altos, tamb\u00e9m \u00e9 importante estar em dia com a vacina contra a gripe\u201d, destaca a pesquisadora.<\/p>\n<p>Nas quatro \u00faltimas semanas epidemiol\u00f3gicas, a preval\u00eancia entre os casos positivos foi de 13,9% de Influenza A, 1,5% de Influenza B, 44,7% de VSR, 34,6% de rinov\u00edrus e 5,6% de Sars-CoV-2 (covid-19). Entre os \u00f3bitos, a presen\u00e7a destes mesmos v\u00edrus entre os positivos foi de 51,6% de Influenza A; 2% de Influenza B, 18,4% de VSR, 18% de rinov\u00edrus e 8,1% de Sars-CoV-2 (Covid-19).<\/p>\n<p><strong>Situa\u00e7\u00e3o nacional<\/strong><br \/>\nEm n\u00edvel nacional, os casos notificados de SRAG t\u00eam sinal de queda nas tend\u00eancias de longo prazo (\u00faltimas seis semanas) e de curto prazo (\u00faltimas tr\u00eas semanas). No ano epidemiol\u00f3gico 2025, j\u00e1 foram notificados 150.615 casos de SRAG, sendo 80.577 (53,5%) com resultado laboratorial positivo para algum v\u00edrus respirat\u00f3rio, 51.291 (34,1%) negativos, e ao menos 8.853 (5,9%) aguardando resultado laboratorial.<\/p>\n","protected":false},"excerpt":{"rendered":"<p>Os casos de s\u00edndrome respirat\u00f3ria aguda grave (SRAG) entre as crian\u00e7as associados ao v\u00edrus sincicial respirat\u00f3rio (VSR) permanecem em n\u00edveis elevados na maioria dos estados do pa\u00eds. O boletim semanal InfoGripe divulgado nesta quinta-feira (7) pela Funda\u00e7\u00e3o Oswaldo Cruz (Fiocruz) aponta tamb\u00e9m que os casos de covid-19 seguem aumentando no Cear\u00e1 e voltaram a crescer [&hellip;]<\/p>\n","protected":false},"author":2,"featured_media":360401,"comment_status":"closed","ping_status":"closed","sticky":false,"template":"","format":"standard","meta":{"_acf_changed":false,"footnotes":""},"categories":[165],"tags":[],"class_list":["post-360400","post","type-post","status-publish","format-standard","has-post-thumbnail","hentry","category-nordeste"],"acf":[],"_links":{"self":[{"href":"https:\/\/www.notibras.com\/site\/wp-json\/wp\/v2\/posts\/360400","targetHints":{"allow":["GET"]}}],"collection":[{"href":"https:\/\/www.notibras.com\/site\/wp-json\/wp\/v2\/posts"}],"about":[{"href":"https:\/\/www.notibras.com\/site\/wp-json\/wp\/v2\/types\/post"}],"author":[{"embeddable":true,"href":"https:\/\/www.notibras.com\/site\/wp-json\/wp\/v2\/users\/2"}],"replies":[{"embeddable":true,"href":"https:\/\/www.notibras.com\/site\/wp-json\/wp\/v2\/comments?post=360400"}],"version-history":[{"count":1,"href":"https:\/\/www.notibras.com\/site\/wp-json\/wp\/v2\/posts\/360400\/revisions"}],"predecessor-version":[{"id":360402,"href":"https:\/\/www.notibras.com\/site\/wp-json\/wp\/v2\/posts\/360400\/revisions\/360402"}],"wp:featuredmedia":[{"embeddable":true,"href":"https:\/\/www.notibras.com\/site\/wp-json\/wp\/v2\/media\/360401"}],"wp:attachment":[{"href":"https:\/\/www.notibras.com\/site\/wp-json\/wp\/v2\/media?parent=360400"}],"wp:term":[{"taxonomy":"category","embeddable":true,"href":"https:\/\/www.notibras.com\/site\/wp-json\/wp\/v2\/categories?post=360400"},{"taxonomy":"post_tag","embeddable":true,"href":"https:\/\/www.notibras.com\/site\/wp-json\/wp\/v2\/tags?post=360400"}],"curies":[{"name":"wp","href":"https:\/\/api.w.org\/{rel}","templated":true}]}}