{"id":360406,"date":"2025-08-08T09:48:33","date_gmt":"2025-08-08T12:48:33","guid":{"rendered":"https:\/\/www.notibras.com\/site\/?p=360406"},"modified":"2025-08-08T09:50:04","modified_gmt":"2025-08-08T12:50:04","slug":"netanyahu-assume-papel-de-lunatico-e-anuncia-que-gaza-sera-dos-judeus","status":"publish","type":"post","link":"https:\/\/www.notibras.com\/site\/netanyahu-assume-papel-de-lunatico-e-anuncia-que-gaza-sera-dos-judeus\/","title":{"rendered":"Netanyahu assume papel de lun\u00e1tico e anuncia que Gaza ser\u00e1 dos judeus"},"content":{"rendered":"<p>O gabinete de seguran\u00e7a de Israel aprovou um plano para tomar a Cidade de Gaza, disse o gabinete do primeiro-ministro Benjamin Netanyahu, marcando outra escalada na ofensiva de 22 meses que matou dezenas de milhares de palestinos, destruiu a maior parte de Gaza e levou o territ\u00f3rio \u00e0 fome .<\/p>\n<p>Antes da reuni\u00e3o do gabinete de seguran\u00e7a, que come\u00e7ou na quinta-feira e durou a noite toda, Netanyahu disse que Israel planejava retomar o controle de todo o territ\u00f3rio e, eventualmente, entreg\u00e1-lo \u00e0s for\u00e7as \u00e1rabes amigas que se op\u00f5em ao Hamas.<\/p>\n<p>Os planos anunciados n\u00e3o chegam a esse ponto, talvez refletindo as reservas do principal general israelense, que teria alertado que isso colocaria em risco os cerca de 20 ref\u00e9ns vivos restantes mantidos pelo Hamas e sobrecarregaria ainda mais o ex\u00e9rcito israelense ap\u00f3s quase dois anos de guerras regionais. Muitas fam\u00edlias de ref\u00e9ns tamb\u00e9m se op\u00f5em, temendo que uma nova escalada condene seus entes queridos.<\/p>\n<p>A resolu\u00e7\u00e3o do gabinete de seguran\u00e7a ainda precisar\u00e1 ser aprovada pelo gabinete completo, que pode n\u00e3o se reunir antes de domingo.<\/p>\n<p>Israel bombardeou repetidamente a Cidade de Gaza e realizou in\u00fameros ataques, apenas para retornar a diferentes bairros repetidas vezes enquanto os militantes se reagrupavam. Hoje, \u00e9 uma das poucas \u00e1reas de Gaza que n\u00e3o foi transformada em zona-tamp\u00e3o israelense nem colocada sob ordens de evacua\u00e7\u00e3o.<\/p>\n<p>O plano significaria enviar tropas terrestres para o territ\u00f3rio restante, aproximadamente 25% de Gaza.<\/p>\n<p>Segundo o Canal 12 de Israel, o plano est\u00e1 sendo enquadrado como uma opera\u00e7\u00e3o limitada, e n\u00e3o como uma invas\u00e3o completa, aparentemente para apaziguar os chefes militares, receosos de uma ocupa\u00e7\u00e3o de longo prazo. O chefe do Estado-Maior, Tenente-General Eyal Zamir, teria alertado que a ocupa\u00e7\u00e3o de Gaza mergulharia Israel em um &#8220;buraco negro&#8221; de insurg\u00eancia prolongada, responsabilidade humanit\u00e1ria e risco aumentado para os ref\u00e9ns.<\/p>\n<p>Uma grande opera\u00e7\u00e3o terrestre ali poderia deslocar dezenas de milhares de pessoas e atrapalhar ainda mais os esfor\u00e7os de entrega de alimentos ao territ\u00f3rio.<\/p>\n<p>O plano for\u00e7aria aproximadamente 1 milh\u00e3o de palestinos na Cidade de Gaza e em outras \u00e1reas a se refugiarem em \u00e1reas de evacua\u00e7\u00e3o na parte sul da Faixa de Gaza. Segundo fontes familiarizadas com os detalhes da reuni\u00e3o, a evacua\u00e7\u00e3o da Cidade de Gaza est\u00e1 prevista para ser conclu\u00edda at\u00e9 7 de outubro.<\/p>\n<p>A decis\u00e3o do gabinete de seguran\u00e7a israelense desencadeou protestos tanto no pa\u00eds quanto no exterior. Milhares de manifestantes se preparam para ir \u00e0s ruas no fim de semana, enquanto as fam\u00edlias dos ref\u00e9ns restantes em Gaza temem que uma escalada possa condenar seus entes queridos. Dezenas deles protestaram em frente \u00e0 reuni\u00e3o do gabinete de seguran\u00e7a em Jerusal\u00e9m na quinta-feira.<\/p>\n<p>Ex-altos funcion\u00e1rios de seguran\u00e7a israelenses tamb\u00e9m se manifestaram contra o plano , alertando para um atoleiro com poucos benef\u00edcios militares adicionais. O l\u00edder da oposi\u00e7\u00e3o israelense, Yair Lapid, denunciou a medida do gabinete na sexta-feira, chamando-a de um desastre que &#8220;levaria a muitos outros desastres&#8221;, incluindo a morte de ref\u00e9ns e a morte de muitos soldados, al\u00e9m de custar dezenas de bilh\u00f5es aos contribuintes israelenses e causar &#8220;fal\u00eancia diplom\u00e1tica&#8221;.<\/p>\n<p>O primeiro-ministro brit\u00e2nico, Keir Starmer, disse que a decis\u00e3o de Israel estava errada e pediu que o pa\u00eds a reconsiderasse imediatamente.<\/p>\n<p>\u201cEsta a\u00e7\u00e3o n\u00e3o far\u00e1 nada para p\u00f4r fim a este conflito ou para ajudar a garantir a liberta\u00e7\u00e3o dos ref\u00e9ns. S\u00f3 trar\u00e1 mais derramamento de sangue\u201d, disse ele em um comunicado.<\/p>\n<p>O chefe de direitos humanos da ONU, Volker T\u00fcrk, disse que o plano do governo israelense para uma tomada militar completa da Faixa de Gaza ocupada &#8220;deve ser imediatamente interrompido&#8221;.<\/p>\n<p>O gabinete de Netanyahu disse que, sob o plano para derrotar o Hamas na Faixa de Gaza, o ex\u00e9rcito israelense se prepararia para \u201cassumir o controle da Cidade de Gaza enquanto distribu\u00eda assist\u00eancia humanit\u00e1ria \u00e0 popula\u00e7\u00e3o civil fora das zonas de combate\u201d.<\/p>\n<p>Uma autoridade israelense havia dito anteriormente que o gabinete de seguran\u00e7a discutiria planos para conquistar toda ou partes de Gaza ainda n\u00e3o sob controle israelense. A autoridade, falando sob condi\u00e7\u00e3o de anonimato enquanto aguarda uma decis\u00e3o formal, afirmou que qualquer medida aprovada seria implementada gradualmente para aumentar a press\u00e3o sobre o grupo militante palestino.<\/p>\n<p>Os palestinos, dos quais pelo menos 90% j\u00e1 foram deslocados pelo menos uma vez pela guerra e quase um em cada dez ficou ferido em ataques israelenses , est\u00e3o se preparando para mais sofrimento. Pouco resta do sistema de sa\u00fade e ag\u00eancias de ajuda humanit\u00e1ria, como a ONU, foram em grande parte exclu\u00eddas por Israel.<\/p>\n<p>Aya Mohammad, uma palestina de 30 anos que, ap\u00f3s repetidos deslocamentos, retornou com a fam\u00edlia para a Cidade de Gaza, disse: &#8220;Para onde devemos ir? J\u00e1 fomos deslocados e humilhados o suficiente.<\/p>\n","protected":false},"excerpt":{"rendered":"<p>O gabinete de seguran\u00e7a de Israel aprovou um plano para tomar a Cidade de Gaza, disse o gabinete do primeiro-ministro Benjamin Netanyahu, marcando outra escalada na ofensiva de 22 meses que matou dezenas de milhares de palestinos, destruiu a maior parte de Gaza e levou o territ\u00f3rio \u00e0 fome . Antes da reuni\u00e3o do gabinete [&hellip;]<\/p>\n","protected":false},"author":2,"featured_media":360407,"comment_status":"closed","ping_status":"closed","sticky":false,"template":"","format":"standard","meta":{"_acf_changed":false,"footnotes":""},"categories":[159],"tags":[95],"class_list":["post-360406","post","type-post","status-publish","format-standard","has-post-thumbnail","hentry","category-apocalipse","tag-capa"],"acf":[],"yoast_head":"<!-- This site is optimized with the Yoast SEO plugin v27.2 - https:\/\/yoast.com\/product\/yoast-seo-wordpress\/ -->\n<title>Netanyahu assume papel de lun\u00e1tico e anuncia que Gaza ser\u00e1 dos judeus - Notibras<\/title>\n<meta name=\"robots\" content=\"index, follow, max-snippet:-1, max-image-preview:large, max-video-preview:-1\" \/>\n<link rel=\"canonical\" href=\"https:\/\/www.notibras.com\/site\/netanyahu-assume-papel-de-lunatico-e-anuncia-que-gaza-sera-dos-judeus\/\" \/>\n<meta property=\"og:locale\" content=\"pt_BR\" \/>\n<meta property=\"og:type\" content=\"article\" \/>\n<meta property=\"og:title\" content=\"Netanyahu assume papel de lun\u00e1tico e anuncia que Gaza ser\u00e1 dos judeus - Notibras\" \/>\n<meta property=\"og:description\" content=\"O gabinete de seguran\u00e7a de Israel aprovou um plano para tomar a Cidade de Gaza, disse o gabinete do primeiro-ministro Benjamin Netanyahu, marcando outra escalada na ofensiva de 22 meses que matou dezenas de milhares de palestinos, destruiu a maior parte de Gaza e levou o territ\u00f3rio \u00e0 fome . Antes da reuni\u00e3o do gabinete [&hellip;]\" \/>\n<meta property=\"og:url\" content=\"https:\/\/www.notibras.com\/site\/netanyahu-assume-papel-de-lunatico-e-anuncia-que-gaza-sera-dos-judeus\/\" \/>\n<meta property=\"og:site_name\" content=\"Notibras\" \/>\n<meta property=\"article:publisher\" content=\"https:\/\/www.facebook.com\/notibras\/\" \/>\n<meta property=\"article:published_time\" content=\"2025-08-08T12:48:33+00:00\" \/>\n<meta property=\"article:modified_time\" content=\"2025-08-08T12:50:04+00:00\" \/>\n<meta property=\"og:image\" content=\"https:\/\/www.notibras.com\/site\/wp-content\/uploads\/2025\/08\/AA1K93a3.jpg\" \/>\n\t<meta property=\"og:image:width\" content=\"768\" \/>\n\t<meta property=\"og:image:height\" content=\"512\" \/>\n\t<meta property=\"og:image:type\" content=\"image\/jpeg\" \/>\n<meta name=\"author\" content=\"Reda\u00e7\u00e3o\" \/>\n<meta name=\"twitter:card\" content=\"summary_large_image\" \/>\n<meta name=\"twitter:creator\" content=\"@Notibras\" \/>\n<meta name=\"twitter:site\" content=\"@Notibras\" \/>\n<meta name=\"twitter:label1\" content=\"Escrito por\" \/>\n\t<meta name=\"twitter:data1\" content=\"Reda\u00e7\u00e3o\" \/>\n\t<meta name=\"twitter:label2\" content=\"Est. tempo de leitura\" \/>\n\t<meta name=\"twitter:data2\" content=\"5 minutos\" \/>\n<script type=\"application\/ld+json\" class=\"yoast-schema-graph\">{\"@context\":\"https:\/\/schema.org\",\"@graph\":[{\"@type\":\"Article\",\"@id\":\"https:\/\/www.notibras.com\/site\/netanyahu-assume-papel-de-lunatico-e-anuncia-que-gaza-sera-dos-judeus\/#article\",\"isPartOf\":{\"@id\":\"https:\/\/www.notibras.com\/site\/netanyahu-assume-papel-de-lunatico-e-anuncia-que-gaza-sera-dos-judeus\/\"},\"author\":{\"name\":\"Reda\u00e7\u00e3o\",\"@id\":\"https:\/\/www.notibras.com\/site\/#\/schema\/person\/36ab0979449956132d3e5b517ea76ac8\"},\"headline\":\"Netanyahu assume papel de lun\u00e1tico e anuncia que Gaza ser\u00e1 dos judeus\",\"datePublished\":\"2025-08-08T12:48:33+00:00\",\"dateModified\":\"2025-08-08T12:50:04+00:00\",\"mainEntityOfPage\":{\"@id\":\"https:\/\/www.notibras.com\/site\/netanyahu-assume-papel-de-lunatico-e-anuncia-que-gaza-sera-dos-judeus\/\"},\"wordCount\":855,\"publisher\":{\"@id\":\"https:\/\/www.notibras.com\/site\/#organization\"},\"image\":{\"@id\":\"https:\/\/www.notibras.com\/site\/netanyahu-assume-papel-de-lunatico-e-anuncia-que-gaza-sera-dos-judeus\/#primaryimage\"},\"thumbnailUrl\":\"https:\/\/www.notibras.com\/site\/wp-content\/uploads\/2025\/08\/AA1K93a3.jpg\",\"keywords\":[\"capa\"],\"articleSection\":[\"Apocalipse\"],\"inLanguage\":\"pt-BR\"},{\"@type\":\"WebPage\",\"@id\":\"https:\/\/www.notibras.com\/site\/netanyahu-assume-papel-de-lunatico-e-anuncia-que-gaza-sera-dos-judeus\/\",\"url\":\"https:\/\/www.notibras.com\/site\/netanyahu-assume-papel-de-lunatico-e-anuncia-que-gaza-sera-dos-judeus\/\",\"name\":\"Netanyahu assume papel de lun\u00e1tico e anuncia que Gaza ser\u00e1 dos judeus - Notibras\",\"isPartOf\":{\"@id\":\"https:\/\/www.notibras.com\/site\/#website\"},\"primaryImageOfPage\":{\"@id\":\"https:\/\/www.notibras.com\/site\/netanyahu-assume-papel-de-lunatico-e-anuncia-que-gaza-sera-dos-judeus\/#primaryimage\"},\"image\":{\"@id\":\"https:\/\/www.notibras.com\/site\/netanyahu-assume-papel-de-lunatico-e-anuncia-que-gaza-sera-dos-judeus\/#primaryimage\"},\"thumbnailUrl\":\"https:\/\/www.notibras.com\/site\/wp-content\/uploads\/2025\/08\/AA1K93a3.jpg\",\"datePublished\":\"2025-08-08T12:48:33+00:00\",\"dateModified\":\"2025-08-08T12:50:04+00:00\",\"breadcrumb\":{\"@id\":\"https:\/\/www.notibras.com\/site\/netanyahu-assume-papel-de-lunatico-e-anuncia-que-gaza-sera-dos-judeus\/#breadcrumb\"},\"inLanguage\":\"pt-BR\",\"potentialAction\":[{\"@type\":\"ReadAction\",\"target\":[\"https:\/\/www.notibras.com\/site\/netanyahu-assume-papel-de-lunatico-e-anuncia-que-gaza-sera-dos-judeus\/\"]}]},{\"@type\":\"ImageObject\",\"inLanguage\":\"pt-BR\",\"@id\":\"https:\/\/www.notibras.com\/site\/netanyahu-assume-papel-de-lunatico-e-anuncia-que-gaza-sera-dos-judeus\/#primaryimage\",\"url\":\"https:\/\/www.notibras.com\/site\/wp-content\/uploads\/2025\/08\/AA1K93a3.jpg\",\"contentUrl\":\"https:\/\/www.notibras.com\/site\/wp-content\/uploads\/2025\/08\/AA1K93a3.jpg\",\"width\":768,\"height\":512},{\"@type\":\"BreadcrumbList\",\"@id\":\"https:\/\/www.notibras.com\/site\/netanyahu-assume-papel-de-lunatico-e-anuncia-que-gaza-sera-dos-judeus\/#breadcrumb\",\"itemListElement\":[{\"@type\":\"ListItem\",\"position\":1,\"name\":\"In\u00edcio\",\"item\":\"https:\/\/www.notibras.com\/site\/\"},{\"@type\":\"ListItem\",\"position\":2,\"name\":\"Netanyahu assume papel de lun\u00e1tico e anuncia que Gaza ser\u00e1 dos judeus\"}]},{\"@type\":\"WebSite\",\"@id\":\"https:\/\/www.notibras.com\/site\/#website\",\"url\":\"https:\/\/www.notibras.com\/site\/\",\"name\":\"Notibras\",\"description\":\"Not\u00edcias de Bras\u00edlia, do Brasil e do Mundo\",\"publisher\":{\"@id\":\"https:\/\/www.notibras.com\/site\/#organization\"},\"potentialAction\":[{\"@type\":\"SearchAction\",\"target\":{\"@type\":\"EntryPoint\",\"urlTemplate\":\"https:\/\/www.notibras.com\/site\/?s={search_term_string}\"},\"query-input\":{\"@type\":\"PropertyValueSpecification\",\"valueRequired\":true,\"valueName\":\"search_term_string\"}}],\"inLanguage\":\"pt-BR\"},{\"@type\":\"Organization\",\"@id\":\"https:\/\/www.notibras.com\/site\/#organization\",\"name\":\"Grupo Notibras de Comunica\u00e7\u00e3o\",\"url\":\"https:\/\/www.notibras.com\/site\/\",\"logo\":{\"@type\":\"ImageObject\",\"inLanguage\":\"pt-BR\",\"@id\":\"https:\/\/www.notibras.com\/site\/#\/schema\/logo\/image\/\",\"url\":\"https:\/\/www.notibras.com\/site\/wp-content\/uploads\/2023\/01\/notibras23.png\",\"contentUrl\":\"https:\/\/www.notibras.com\/site\/wp-content\/uploads\/2023\/01\/notibras23.png\",\"width\":350,\"height\":87,\"caption\":\"Grupo Notibras de Comunica\u00e7\u00e3o\"},\"image\":{\"@id\":\"https:\/\/www.notibras.com\/site\/#\/schema\/logo\/image\/\"},\"sameAs\":[\"https:\/\/www.facebook.com\/notibras\/\",\"https:\/\/x.com\/Notibras\",\"https:\/\/www.instagram.com\/notibras\/\"]},{\"@type\":\"Person\",\"@id\":\"https:\/\/www.notibras.com\/site\/#\/schema\/person\/36ab0979449956132d3e5b517ea76ac8\",\"name\":\"Reda\u00e7\u00e3o\",\"image\":{\"@type\":\"ImageObject\",\"inLanguage\":\"pt-BR\",\"@id\":\"https:\/\/secure.gravatar.com\/avatar\/e0a867bdedb85fd243eadf09663511f96fc81e0720a4a42581f334ad4303aa6b?s=96&d=mm&r=g\",\"url\":\"https:\/\/secure.gravatar.com\/avatar\/e0a867bdedb85fd243eadf09663511f96fc81e0720a4a42581f334ad4303aa6b?s=96&d=mm&r=g\",\"contentUrl\":\"https:\/\/secure.gravatar.com\/avatar\/e0a867bdedb85fd243eadf09663511f96fc81e0720a4a42581f334ad4303aa6b?s=96&d=mm&r=g\",\"caption\":\"Reda\u00e7\u00e3o\"}}]}<\/script>\n<!-- \/ Yoast SEO plugin. -->","yoast_head_json":{"title":"Netanyahu assume papel de lun\u00e1tico e anuncia que Gaza ser\u00e1 dos judeus - Notibras","robots":{"index":"index","follow":"follow","max-snippet":"max-snippet:-1","max-image-preview":"max-image-preview:large","max-video-preview":"max-video-preview:-1"},"canonical":"https:\/\/www.notibras.com\/site\/netanyahu-assume-papel-de-lunatico-e-anuncia-que-gaza-sera-dos-judeus\/","og_locale":"pt_BR","og_type":"article","og_title":"Netanyahu assume papel de lun\u00e1tico e anuncia que Gaza ser\u00e1 dos judeus - Notibras","og_description":"O gabinete de seguran\u00e7a de Israel aprovou um plano para tomar a Cidade de Gaza, disse o gabinete do primeiro-ministro Benjamin Netanyahu, marcando outra escalada na ofensiva de 22 meses que matou dezenas de milhares de palestinos, destruiu a maior parte de Gaza e levou o territ\u00f3rio \u00e0 fome . Antes da reuni\u00e3o do gabinete [&hellip;]","og_url":"https:\/\/www.notibras.com\/site\/netanyahu-assume-papel-de-lunatico-e-anuncia-que-gaza-sera-dos-judeus\/","og_site_name":"Notibras","article_publisher":"https:\/\/www.facebook.com\/notibras\/","article_published_time":"2025-08-08T12:48:33+00:00","article_modified_time":"2025-08-08T12:50:04+00:00","og_image":[{"width":768,"height":512,"url":"https:\/\/www.notibras.com\/site\/wp-content\/uploads\/2025\/08\/AA1K93a3.jpg","type":"image\/jpeg"}],"author":"Reda\u00e7\u00e3o","twitter_card":"summary_large_image","twitter_creator":"@Notibras","twitter_site":"@Notibras","twitter_misc":{"Escrito por":"Reda\u00e7\u00e3o","Est. tempo de leitura":"5 minutos"},"schema":{"@context":"https:\/\/schema.org","@graph":[{"@type":"Article","@id":"https:\/\/www.notibras.com\/site\/netanyahu-assume-papel-de-lunatico-e-anuncia-que-gaza-sera-dos-judeus\/#article","isPartOf":{"@id":"https:\/\/www.notibras.com\/site\/netanyahu-assume-papel-de-lunatico-e-anuncia-que-gaza-sera-dos-judeus\/"},"author":{"name":"Reda\u00e7\u00e3o","@id":"https:\/\/www.notibras.com\/site\/#\/schema\/person\/36ab0979449956132d3e5b517ea76ac8"},"headline":"Netanyahu assume papel de lun\u00e1tico e anuncia que Gaza ser\u00e1 dos judeus","datePublished":"2025-08-08T12:48:33+00:00","dateModified":"2025-08-08T12:50:04+00:00","mainEntityOfPage":{"@id":"https:\/\/www.notibras.com\/site\/netanyahu-assume-papel-de-lunatico-e-anuncia-que-gaza-sera-dos-judeus\/"},"wordCount":855,"publisher":{"@id":"https:\/\/www.notibras.com\/site\/#organization"},"image":{"@id":"https:\/\/www.notibras.com\/site\/netanyahu-assume-papel-de-lunatico-e-anuncia-que-gaza-sera-dos-judeus\/#primaryimage"},"thumbnailUrl":"https:\/\/www.notibras.com\/site\/wp-content\/uploads\/2025\/08\/AA1K93a3.jpg","keywords":["capa"],"articleSection":["Apocalipse"],"inLanguage":"pt-BR"},{"@type":"WebPage","@id":"https:\/\/www.notibras.com\/site\/netanyahu-assume-papel-de-lunatico-e-anuncia-que-gaza-sera-dos-judeus\/","url":"https:\/\/www.notibras.com\/site\/netanyahu-assume-papel-de-lunatico-e-anuncia-que-gaza-sera-dos-judeus\/","name":"Netanyahu assume papel de lun\u00e1tico e anuncia que Gaza ser\u00e1 dos judeus - Notibras","isPartOf":{"@id":"https:\/\/www.notibras.com\/site\/#website"},"primaryImageOfPage":{"@id":"https:\/\/www.notibras.com\/site\/netanyahu-assume-papel-de-lunatico-e-anuncia-que-gaza-sera-dos-judeus\/#primaryimage"},"image":{"@id":"https:\/\/www.notibras.com\/site\/netanyahu-assume-papel-de-lunatico-e-anuncia-que-gaza-sera-dos-judeus\/#primaryimage"},"thumbnailUrl":"https:\/\/www.notibras.com\/site\/wp-content\/uploads\/2025\/08\/AA1K93a3.jpg","datePublished":"2025-08-08T12:48:33+00:00","dateModified":"2025-08-08T12:50:04+00:00","breadcrumb":{"@id":"https:\/\/www.notibras.com\/site\/netanyahu-assume-papel-de-lunatico-e-anuncia-que-gaza-sera-dos-judeus\/#breadcrumb"},"inLanguage":"pt-BR","potentialAction":[{"@type":"ReadAction","target":["https:\/\/www.notibras.com\/site\/netanyahu-assume-papel-de-lunatico-e-anuncia-que-gaza-sera-dos-judeus\/"]}]},{"@type":"ImageObject","inLanguage":"pt-BR","@id":"https:\/\/www.notibras.com\/site\/netanyahu-assume-papel-de-lunatico-e-anuncia-que-gaza-sera-dos-judeus\/#primaryimage","url":"https:\/\/www.notibras.com\/site\/wp-content\/uploads\/2025\/08\/AA1K93a3.jpg","contentUrl":"https:\/\/www.notibras.com\/site\/wp-content\/uploads\/2025\/08\/AA1K93a3.jpg","width":768,"height":512},{"@type":"BreadcrumbList","@id":"https:\/\/www.notibras.com\/site\/netanyahu-assume-papel-de-lunatico-e-anuncia-que-gaza-sera-dos-judeus\/#breadcrumb","itemListElement":[{"@type":"ListItem","position":1,"name":"In\u00edcio","item":"https:\/\/www.notibras.com\/site\/"},{"@type":"ListItem","position":2,"name":"Netanyahu assume papel de lun\u00e1tico e anuncia que Gaza ser\u00e1 dos judeus"}]},{"@type":"WebSite","@id":"https:\/\/www.notibras.com\/site\/#website","url":"https:\/\/www.notibras.com\/site\/","name":"Notibras","description":"Not\u00edcias de Bras\u00edlia, do Brasil e do Mundo","publisher":{"@id":"https:\/\/www.notibras.com\/site\/#organization"},"potentialAction":[{"@type":"SearchAction","target":{"@type":"EntryPoint","urlTemplate":"https:\/\/www.notibras.com\/site\/?s={search_term_string}"},"query-input":{"@type":"PropertyValueSpecification","valueRequired":true,"valueName":"search_term_string"}}],"inLanguage":"pt-BR"},{"@type":"Organization","@id":"https:\/\/www.notibras.com\/site\/#organization","name":"Grupo Notibras de Comunica\u00e7\u00e3o","url":"https:\/\/www.notibras.com\/site\/","logo":{"@type":"ImageObject","inLanguage":"pt-BR","@id":"https:\/\/www.notibras.com\/site\/#\/schema\/logo\/image\/","url":"https:\/\/www.notibras.com\/site\/wp-content\/uploads\/2023\/01\/notibras23.png","contentUrl":"https:\/\/www.notibras.com\/site\/wp-content\/uploads\/2023\/01\/notibras23.png","width":350,"height":87,"caption":"Grupo Notibras de Comunica\u00e7\u00e3o"},"image":{"@id":"https:\/\/www.notibras.com\/site\/#\/schema\/logo\/image\/"},"sameAs":["https:\/\/www.facebook.com\/notibras\/","https:\/\/x.com\/Notibras","https:\/\/www.instagram.com\/notibras\/"]},{"@type":"Person","@id":"https:\/\/www.notibras.com\/site\/#\/schema\/person\/36ab0979449956132d3e5b517ea76ac8","name":"Reda\u00e7\u00e3o","image":{"@type":"ImageObject","inLanguage":"pt-BR","@id":"https:\/\/secure.gravatar.com\/avatar\/e0a867bdedb85fd243eadf09663511f96fc81e0720a4a42581f334ad4303aa6b?s=96&d=mm&r=g","url":"https:\/\/secure.gravatar.com\/avatar\/e0a867bdedb85fd243eadf09663511f96fc81e0720a4a42581f334ad4303aa6b?s=96&d=mm&r=g","contentUrl":"https:\/\/secure.gravatar.com\/avatar\/e0a867bdedb85fd243eadf09663511f96fc81e0720a4a42581f334ad4303aa6b?s=96&d=mm&r=g","caption":"Reda\u00e7\u00e3o"}}]}},"amp_enabled":true,"_links":{"self":[{"href":"https:\/\/www.notibras.com\/site\/wp-json\/wp\/v2\/posts\/360406","targetHints":{"allow":["GET"]}}],"collection":[{"href":"https:\/\/www.notibras.com\/site\/wp-json\/wp\/v2\/posts"}],"about":[{"href":"https:\/\/www.notibras.com\/site\/wp-json\/wp\/v2\/types\/post"}],"author":[{"embeddable":true,"href":"https:\/\/www.notibras.com\/site\/wp-json\/wp\/v2\/users\/2"}],"replies":[{"embeddable":true,"href":"https:\/\/www.notibras.com\/site\/wp-json\/wp\/v2\/comments?post=360406"}],"version-history":[{"count":2,"href":"https:\/\/www.notibras.com\/site\/wp-json\/wp\/v2\/posts\/360406\/revisions"}],"predecessor-version":[{"id":360409,"href":"https:\/\/www.notibras.com\/site\/wp-json\/wp\/v2\/posts\/360406\/revisions\/360409"}],"wp:featuredmedia":[{"embeddable":true,"href":"https:\/\/www.notibras.com\/site\/wp-json\/wp\/v2\/media\/360407"}],"wp:attachment":[{"href":"https:\/\/www.notibras.com\/site\/wp-json\/wp\/v2\/media?parent=360406"}],"wp:term":[{"taxonomy":"category","embeddable":true,"href":"https:\/\/www.notibras.com\/site\/wp-json\/wp\/v2\/categories?post=360406"},{"taxonomy":"post_tag","embeddable":true,"href":"https:\/\/www.notibras.com\/site\/wp-json\/wp\/v2\/tags?post=360406"}],"curies":[{"name":"wp","href":"https:\/\/api.w.org\/{rel}","templated":true}]}}