{"id":360464,"date":"2025-08-09T02:29:16","date_gmt":"2025-08-09T05:29:16","guid":{"rendered":"https:\/\/www.notibras.com\/site\/?p=360464"},"modified":"2025-08-08T22:39:29","modified_gmt":"2025-08-09T01:39:29","slug":"mais-que-um-regionalismo-povo-nordestino-tem-identidade","status":"publish","type":"post","link":"https:\/\/www.notibras.com\/site\/mais-que-um-regionalismo-povo-nordestino-tem-identidade\/","title":{"rendered":"Mais que um regionalismo, povo nordestino tem Identidade"},"content":{"rendered":"<p>O Nordeste brasileiro \u00e9 muito mais do que um ponto cardeal no mapa ou uma divis\u00e3o geogr\u00e1fica. Ele \u00e9 um territ\u00f3rio de alma vibrante, onde o regionalismo se transforma em identidade, em pertencimento e em orgulho. Aqui, cada sotaque carregado de hist\u00f3ria, cada prato temperado com tradi\u00e7\u00e3o e cada festa embalada pelo forr\u00f3 contam a saga de um povo que resiste, cria, transforma e encanta.<\/p>\n<p>Ser nordestino n\u00e3o \u00e9 apenas nascer em uma das nove unidades federativas da regi\u00e3o. \u00c9 carregar consigo uma heran\u00e7a cultural que pulsa em cada esquina: dos versos de cordel pendurados em feiras populares \u00e0s roupas coloridas do S\u00e3o Jo\u00e3o; do sabor do bai\u00e3o-de-dois e do cuscuz ao riso f\u00e1cil que brota mesmo nas dificuldades.<\/p>\n<p>Historicamente, o Nordeste foi muitas vezes estigmatizado, visto com estere\u00f3tipos reducionistas e injustos. Contudo, o tempo e a pr\u00f3pria for\u00e7a dos nordestinos v\u00eam reescrevendo essa narrativa. Hoje, a m\u00fasica, a literatura, o cinema, o artesanato e a moda da regi\u00e3o ganham protagonismo nacional e internacional. Artistas, poetas, cantadores e pensadores nordestinos mostram ao Brasil e ao mundo que o regionalismo n\u00e3o \u00e9 limita\u00e7\u00e3o, mas pot\u00eancia criativa.<\/p>\n<p>\u00c9 no sert\u00e3o que nascem as hist\u00f3rias mais marcantes, como a luta de agricultores pela terra, a f\u00e9 que movimenta romarias, e a sabedoria popular que ensina mais do que muitos livros. \u00c9 nas capitais e litorais que se misturam tradi\u00e7\u00e3o e modernidade, onde o Nordeste tamb\u00e9m se afirma urbano, inovador, com uma juventude conectada ao mundo, mas enraizada em suas origens.<\/p>\n<p>Mais do que uma identidade geogr\u00e1fica, ser nordestino \u00e9 um estado de esp\u00edrito, \u00e9 resistir com alegria, \u00e9 amar a terra, \u00e9 se orgulhar do que se \u00e9. \u00c9 provar, a cada dia, que o Nordeste n\u00e3o \u00e9 apenas uma parte do Brasil \u2014 ele \u00e9 a ess\u00eancia de uma brasilidade rica, diversa e apaixonante.<\/p>\n","protected":false},"excerpt":{"rendered":"<p>O Nordeste brasileiro \u00e9 muito mais do que um ponto cardeal no mapa ou uma divis\u00e3o geogr\u00e1fica. Ele \u00e9 um territ\u00f3rio de alma vibrante, onde o regionalismo se transforma em identidade, em pertencimento e em orgulho. Aqui, cada sotaque carregado de hist\u00f3ria, cada prato temperado com tradi\u00e7\u00e3o e cada festa embalada pelo forr\u00f3 contam a [&hellip;]<\/p>\n","protected":false},"author":2,"featured_media":360466,"comment_status":"closed","ping_status":"closed","sticky":false,"template":"","format":"standard","meta":{"_acf_changed":false,"footnotes":""},"categories":[165],"tags":[],"class_list":["post-360464","post","type-post","status-publish","format-standard","has-post-thumbnail","hentry","category-nordeste"],"acf":[],"_links":{"self":[{"href":"https:\/\/www.notibras.com\/site\/wp-json\/wp\/v2\/posts\/360464","targetHints":{"allow":["GET"]}}],"collection":[{"href":"https:\/\/www.notibras.com\/site\/wp-json\/wp\/v2\/posts"}],"about":[{"href":"https:\/\/www.notibras.com\/site\/wp-json\/wp\/v2\/types\/post"}],"author":[{"embeddable":true,"href":"https:\/\/www.notibras.com\/site\/wp-json\/wp\/v2\/users\/2"}],"replies":[{"embeddable":true,"href":"https:\/\/www.notibras.com\/site\/wp-json\/wp\/v2\/comments?post=360464"}],"version-history":[{"count":3,"href":"https:\/\/www.notibras.com\/site\/wp-json\/wp\/v2\/posts\/360464\/revisions"}],"predecessor-version":[{"id":360473,"href":"https:\/\/www.notibras.com\/site\/wp-json\/wp\/v2\/posts\/360464\/revisions\/360473"}],"wp:featuredmedia":[{"embeddable":true,"href":"https:\/\/www.notibras.com\/site\/wp-json\/wp\/v2\/media\/360466"}],"wp:attachment":[{"href":"https:\/\/www.notibras.com\/site\/wp-json\/wp\/v2\/media?parent=360464"}],"wp:term":[{"taxonomy":"category","embeddable":true,"href":"https:\/\/www.notibras.com\/site\/wp-json\/wp\/v2\/categories?post=360464"},{"taxonomy":"post_tag","embeddable":true,"href":"https:\/\/www.notibras.com\/site\/wp-json\/wp\/v2\/tags?post=360464"}],"curies":[{"name":"wp","href":"https:\/\/api.w.org\/{rel}","templated":true}]}}