{"id":36048,"date":"2015-02-04T21:19:15","date_gmt":"2015-02-05T00:19:15","guid":{"rendered":"http:\/\/www.notibras.com\/site\/?p=36048"},"modified":"2015-02-05T00:20:44","modified_gmt":"2015-02-05T03:20:44","slug":"inter-abre-3-a-0-relaxa-e-cede-empate-em-4-a-4-ao-sao-jose","status":"publish","type":"post","link":"https:\/\/www.notibras.com\/site\/inter-abre-3-a-0-relaxa-e-cede-empate-em-4-a-4-ao-sao-jose\/","title":{"rendered":"Inter abre 3 a 0, relaxa e cede empate em 4 a 4 ao S\u00e3o Jos\u00e9"},"content":{"rendered":"<p>O Internacional fez 3 a 0 na arrancada do jogo com o S\u00e3o Jos\u00e9-POA, na segunda rodada do Campeonato Ga\u00facho, e parecia caminhar firme para uma vit\u00f3ria convincente. Para um triunfo emblem\u00e1tico \u2013 com Vitinho e Eduardo Sasha tomando o protagonismo de D&#8217;Alessandro. Mas faltou combinar com o advers\u00e1rio, faltou jogar at\u00e9 o final. E quando o apito encerrou o confronto no Beira-Rio, o placar marcou 4 a 4. Deixando os jogadores sem explica\u00e7\u00e3o.<\/p>\n<p>&#8220;N\u00e3o \u00e9 normal levar quatro gols, mas temos que trabalhar para corrigir os erros. Tivemos coisas boas, criamos chances&#8221;, disse o atacante Nilmar, que deu lugar a Rafael Moura no segundo tempo. &#8220;Isso n\u00e3o pode acontecer dentro da nossa casa&#8221;, opinou Eduardo Sasha.<\/p>\n<blockquote><p>As coisas boas citadas por Nilmar apareceram mais nos primeiros 35 minutos do confronto. Foi quando Vitinho brilhou, Eduardo Sasha correu por todos os lados e D&#8217;Alessandro ficou apenas como coadjuvante. Mas antes do intervalo o S\u00e3o Jos\u00e9-POA marcou duas vezes e deixou o jogo aberto.<\/p><\/blockquote>\n<p>&#8220;\u00c9 dif\u00edcil explicar. Sa\u00edmos na frente, at\u00e9 com 3 a 0, ent\u00e3o felizes n\u00f3s n\u00e3o estamos&#8221;, afirmou o zagueiro Paul\u00e3o. &#8220;Crescemos em rela\u00e7\u00e3o ao jogo passado. Mas a gente n\u00e3o pode estar ganhando por 3 a 0 e terminar empatando&#8221;, apontou o goleiro Alisson.<\/p>\n<p>Com o empate em casa, o Internacional ainda n\u00e3o venceu no estadual. Na primeira rodada o time dirigido por Diego Aguirre arrancou o 1 a 1 com o Lajeadense e ainda perdeu o t\u00edtulo da Recopa Ga\u00facha nos p\u00eanaltis. A equipe volta a campo no s\u00e1bado, quando recebe o Novo Hamburgo outra vez no Beira-Rio.<\/p>\n","protected":false},"excerpt":{"rendered":"<p>O Internacional fez 3 a 0 na arrancada do jogo com o S\u00e3o Jos\u00e9-POA, na segunda rodada do Campeonato Ga\u00facho, e parecia caminhar firme para uma vit\u00f3ria convincente. Para um triunfo emblem\u00e1tico \u2013 com Vitinho e Eduardo Sasha tomando o protagonismo de D&#8217;Alessandro. Mas faltou combinar com o advers\u00e1rio, faltou jogar at\u00e9 o final. E [&hellip;]<\/p>\n","protected":false},"author":2,"featured_media":36049,"comment_status":"open","ping_status":"closed","sticky":false,"template":"","format":"standard","meta":{"_acf_changed":false,"footnotes":""},"categories":[19,29],"tags":[],"class_list":["post-36048","post","type-post","status-publish","format-standard","has-post-thumbnail","hentry","category-esportes","category-futebol"],"acf":[],"yoast_head":"<!-- This site is optimized with the Yoast SEO plugin v27.2 - https:\/\/yoast.com\/product\/yoast-seo-wordpress\/ -->\n<title>Inter abre 3 a 0, relaxa e cede empate em 4 a 4 ao S\u00e3o Jos\u00e9 - Notibras<\/title>\n<meta name=\"robots\" content=\"index, follow, max-snippet:-1, max-image-preview:large, max-video-preview:-1\" \/>\n<link rel=\"canonical\" href=\"https:\/\/www.notibras.com\/site\/inter-abre-3-a-0-relaxa-e-cede-empate-em-4-a-4-ao-sao-jose\/\" \/>\n<meta property=\"og:locale\" content=\"pt_BR\" \/>\n<meta property=\"og:type\" content=\"article\" \/>\n<meta property=\"og:title\" content=\"Inter abre 3 a 0, relaxa e cede empate em 4 a 4 ao S\u00e3o Jos\u00e9 - Notibras\" \/>\n<meta property=\"og:description\" content=\"O Internacional fez 3 a 0 na arrancada do jogo com o S\u00e3o Jos\u00e9-POA, na segunda rodada do Campeonato Ga\u00facho, e parecia caminhar firme para uma vit\u00f3ria convincente. Para um triunfo emblem\u00e1tico \u2013 com Vitinho e Eduardo Sasha tomando o protagonismo de D&#8217;Alessandro. Mas faltou combinar com o advers\u00e1rio, faltou jogar at\u00e9 o final. E [&hellip;]\" \/>\n<meta property=\"og:url\" content=\"https:\/\/www.notibras.com\/site\/inter-abre-3-a-0-relaxa-e-cede-empate-em-4-a-4-ao-sao-jose\/\" \/>\n<meta property=\"og:site_name\" content=\"Notibras\" \/>\n<meta property=\"article:publisher\" content=\"https:\/\/www.facebook.com\/notibras\/\" \/>\n<meta property=\"article:published_time\" content=\"2015-02-05T00:19:15+00:00\" \/>\n<meta property=\"article:modified_time\" content=\"2015-02-05T03:20:44+00:00\" \/>\n<meta property=\"og:image\" content=\"https:\/\/www.notibras.com\/site\/wp-content\/uploads\/2015\/02\/in.jpg\" \/>\n\t<meta property=\"og:image:width\" content=\"615\" \/>\n\t<meta property=\"og:image:height\" content=\"300\" \/>\n\t<meta property=\"og:image:type\" content=\"image\/jpeg\" \/>\n<meta name=\"author\" content=\"Reda\u00e7\u00e3o\" \/>\n<meta name=\"twitter:card\" content=\"summary_large_image\" \/>\n<meta name=\"twitter:creator\" content=\"@Notibras\" \/>\n<meta name=\"twitter:site\" content=\"@Notibras\" \/>\n<meta name=\"twitter:label1\" content=\"Escrito por\" \/>\n\t<meta name=\"twitter:data1\" content=\"Reda\u00e7\u00e3o\" \/>\n\t<meta name=\"twitter:label2\" content=\"Est. tempo de leitura\" \/>\n\t<meta name=\"twitter:data2\" content=\"1 minuto\" \/>\n<script type=\"application\/ld+json\" class=\"yoast-schema-graph\">{\"@context\":\"https:\/\/schema.org\",\"@graph\":[{\"@type\":\"Article\",\"@id\":\"https:\/\/www.notibras.com\/site\/inter-abre-3-a-0-relaxa-e-cede-empate-em-4-a-4-ao-sao-jose\/#article\",\"isPartOf\":{\"@id\":\"https:\/\/www.notibras.com\/site\/inter-abre-3-a-0-relaxa-e-cede-empate-em-4-a-4-ao-sao-jose\/\"},\"author\":{\"name\":\"Reda\u00e7\u00e3o\",\"@id\":\"https:\/\/www.notibras.com\/site\/#\/schema\/person\/36ab0979449956132d3e5b517ea76ac8\"},\"headline\":\"Inter abre 3 a 0, relaxa e cede empate em 4 a 4 ao S\u00e3o Jos\u00e9\",\"datePublished\":\"2015-02-05T00:19:15+00:00\",\"dateModified\":\"2015-02-05T03:20:44+00:00\",\"mainEntityOfPage\":{\"@id\":\"https:\/\/www.notibras.com\/site\/inter-abre-3-a-0-relaxa-e-cede-empate-em-4-a-4-ao-sao-jose\/\"},\"wordCount\":285,\"commentCount\":0,\"publisher\":{\"@id\":\"https:\/\/www.notibras.com\/site\/#organization\"},\"image\":{\"@id\":\"https:\/\/www.notibras.com\/site\/inter-abre-3-a-0-relaxa-e-cede-empate-em-4-a-4-ao-sao-jose\/#primaryimage\"},\"thumbnailUrl\":\"https:\/\/www.notibras.com\/site\/wp-content\/uploads\/2015\/02\/in.jpg\",\"articleSection\":[\"Esportes\",\"Futebol\"],\"inLanguage\":\"pt-BR\",\"potentialAction\":[{\"@type\":\"CommentAction\",\"name\":\"Comment\",\"target\":[\"https:\/\/www.notibras.com\/site\/inter-abre-3-a-0-relaxa-e-cede-empate-em-4-a-4-ao-sao-jose\/#respond\"]}]},{\"@type\":\"WebPage\",\"@id\":\"https:\/\/www.notibras.com\/site\/inter-abre-3-a-0-relaxa-e-cede-empate-em-4-a-4-ao-sao-jose\/\",\"url\":\"https:\/\/www.notibras.com\/site\/inter-abre-3-a-0-relaxa-e-cede-empate-em-4-a-4-ao-sao-jose\/\",\"name\":\"Inter abre 3 a 0, relaxa e cede empate em 4 a 4 ao S\u00e3o Jos\u00e9 - Notibras\",\"isPartOf\":{\"@id\":\"https:\/\/www.notibras.com\/site\/#website\"},\"primaryImageOfPage\":{\"@id\":\"https:\/\/www.notibras.com\/site\/inter-abre-3-a-0-relaxa-e-cede-empate-em-4-a-4-ao-sao-jose\/#primaryimage\"},\"image\":{\"@id\":\"https:\/\/www.notibras.com\/site\/inter-abre-3-a-0-relaxa-e-cede-empate-em-4-a-4-ao-sao-jose\/#primaryimage\"},\"thumbnailUrl\":\"https:\/\/www.notibras.com\/site\/wp-content\/uploads\/2015\/02\/in.jpg\",\"datePublished\":\"2015-02-05T00:19:15+00:00\",\"dateModified\":\"2015-02-05T03:20:44+00:00\",\"breadcrumb\":{\"@id\":\"https:\/\/www.notibras.com\/site\/inter-abre-3-a-0-relaxa-e-cede-empate-em-4-a-4-ao-sao-jose\/#breadcrumb\"},\"inLanguage\":\"pt-BR\",\"potentialAction\":[{\"@type\":\"ReadAction\",\"target\":[\"https:\/\/www.notibras.com\/site\/inter-abre-3-a-0-relaxa-e-cede-empate-em-4-a-4-ao-sao-jose\/\"]}]},{\"@type\":\"ImageObject\",\"inLanguage\":\"pt-BR\",\"@id\":\"https:\/\/www.notibras.com\/site\/inter-abre-3-a-0-relaxa-e-cede-empate-em-4-a-4-ao-sao-jose\/#primaryimage\",\"url\":\"https:\/\/www.notibras.com\/site\/wp-content\/uploads\/2015\/02\/in.jpg\",\"contentUrl\":\"https:\/\/www.notibras.com\/site\/wp-content\/uploads\/2015\/02\/in.jpg\",\"width\":615,\"height\":300},{\"@type\":\"BreadcrumbList\",\"@id\":\"https:\/\/www.notibras.com\/site\/inter-abre-3-a-0-relaxa-e-cede-empate-em-4-a-4-ao-sao-jose\/#breadcrumb\",\"itemListElement\":[{\"@type\":\"ListItem\",\"position\":1,\"name\":\"In\u00edcio\",\"item\":\"https:\/\/www.notibras.com\/site\/\"},{\"@type\":\"ListItem\",\"position\":2,\"name\":\"Inter abre 3 a 0, relaxa e cede empate em 4 a 4 ao S\u00e3o Jos\u00e9\"}]},{\"@type\":\"WebSite\",\"@id\":\"https:\/\/www.notibras.com\/site\/#website\",\"url\":\"https:\/\/www.notibras.com\/site\/\",\"name\":\"Notibras\",\"description\":\"Not\u00edcias de Bras\u00edlia, do Brasil e do Mundo\",\"publisher\":{\"@id\":\"https:\/\/www.notibras.com\/site\/#organization\"},\"potentialAction\":[{\"@type\":\"SearchAction\",\"target\":{\"@type\":\"EntryPoint\",\"urlTemplate\":\"https:\/\/www.notibras.com\/site\/?s={search_term_string}\"},\"query-input\":{\"@type\":\"PropertyValueSpecification\",\"valueRequired\":true,\"valueName\":\"search_term_string\"}}],\"inLanguage\":\"pt-BR\"},{\"@type\":\"Organization\",\"@id\":\"https:\/\/www.notibras.com\/site\/#organization\",\"name\":\"Grupo Notibras de Comunica\u00e7\u00e3o\",\"url\":\"https:\/\/www.notibras.com\/site\/\",\"logo\":{\"@type\":\"ImageObject\",\"inLanguage\":\"pt-BR\",\"@id\":\"https:\/\/www.notibras.com\/site\/#\/schema\/logo\/image\/\",\"url\":\"https:\/\/www.notibras.com\/site\/wp-content\/uploads\/2023\/01\/notibras23.png\",\"contentUrl\":\"https:\/\/www.notibras.com\/site\/wp-content\/uploads\/2023\/01\/notibras23.png\",\"width\":350,\"height\":87,\"caption\":\"Grupo Notibras de Comunica\u00e7\u00e3o\"},\"image\":{\"@id\":\"https:\/\/www.notibras.com\/site\/#\/schema\/logo\/image\/\"},\"sameAs\":[\"https:\/\/www.facebook.com\/notibras\/\",\"https:\/\/x.com\/Notibras\",\"https:\/\/www.instagram.com\/notibras\/\"]},{\"@type\":\"Person\",\"@id\":\"https:\/\/www.notibras.com\/site\/#\/schema\/person\/36ab0979449956132d3e5b517ea76ac8\",\"name\":\"Reda\u00e7\u00e3o\",\"image\":{\"@type\":\"ImageObject\",\"inLanguage\":\"pt-BR\",\"@id\":\"https:\/\/secure.gravatar.com\/avatar\/e0a867bdedb85fd243eadf09663511f96fc81e0720a4a42581f334ad4303aa6b?s=96&d=mm&r=g\",\"url\":\"https:\/\/secure.gravatar.com\/avatar\/e0a867bdedb85fd243eadf09663511f96fc81e0720a4a42581f334ad4303aa6b?s=96&d=mm&r=g\",\"contentUrl\":\"https:\/\/secure.gravatar.com\/avatar\/e0a867bdedb85fd243eadf09663511f96fc81e0720a4a42581f334ad4303aa6b?s=96&d=mm&r=g\",\"caption\":\"Reda\u00e7\u00e3o\"}}]}<\/script>\n<!-- \/ Yoast SEO plugin. -->","yoast_head_json":{"title":"Inter abre 3 a 0, relaxa e cede empate em 4 a 4 ao S\u00e3o Jos\u00e9 - Notibras","robots":{"index":"index","follow":"follow","max-snippet":"max-snippet:-1","max-image-preview":"max-image-preview:large","max-video-preview":"max-video-preview:-1"},"canonical":"https:\/\/www.notibras.com\/site\/inter-abre-3-a-0-relaxa-e-cede-empate-em-4-a-4-ao-sao-jose\/","og_locale":"pt_BR","og_type":"article","og_title":"Inter abre 3 a 0, relaxa e cede empate em 4 a 4 ao S\u00e3o Jos\u00e9 - Notibras","og_description":"O Internacional fez 3 a 0 na arrancada do jogo com o S\u00e3o Jos\u00e9-POA, na segunda rodada do Campeonato Ga\u00facho, e parecia caminhar firme para uma vit\u00f3ria convincente. Para um triunfo emblem\u00e1tico \u2013 com Vitinho e Eduardo Sasha tomando o protagonismo de D&#8217;Alessandro. Mas faltou combinar com o advers\u00e1rio, faltou jogar at\u00e9 o final. E [&hellip;]","og_url":"https:\/\/www.notibras.com\/site\/inter-abre-3-a-0-relaxa-e-cede-empate-em-4-a-4-ao-sao-jose\/","og_site_name":"Notibras","article_publisher":"https:\/\/www.facebook.com\/notibras\/","article_published_time":"2015-02-05T00:19:15+00:00","article_modified_time":"2015-02-05T03:20:44+00:00","og_image":[{"width":615,"height":300,"url":"https:\/\/www.notibras.com\/site\/wp-content\/uploads\/2015\/02\/in.jpg","type":"image\/jpeg"}],"author":"Reda\u00e7\u00e3o","twitter_card":"summary_large_image","twitter_creator":"@Notibras","twitter_site":"@Notibras","twitter_misc":{"Escrito por":"Reda\u00e7\u00e3o","Est. tempo de leitura":"1 minuto"},"schema":{"@context":"https:\/\/schema.org","@graph":[{"@type":"Article","@id":"https:\/\/www.notibras.com\/site\/inter-abre-3-a-0-relaxa-e-cede-empate-em-4-a-4-ao-sao-jose\/#article","isPartOf":{"@id":"https:\/\/www.notibras.com\/site\/inter-abre-3-a-0-relaxa-e-cede-empate-em-4-a-4-ao-sao-jose\/"},"author":{"name":"Reda\u00e7\u00e3o","@id":"https:\/\/www.notibras.com\/site\/#\/schema\/person\/36ab0979449956132d3e5b517ea76ac8"},"headline":"Inter abre 3 a 0, relaxa e cede empate em 4 a 4 ao S\u00e3o Jos\u00e9","datePublished":"2015-02-05T00:19:15+00:00","dateModified":"2015-02-05T03:20:44+00:00","mainEntityOfPage":{"@id":"https:\/\/www.notibras.com\/site\/inter-abre-3-a-0-relaxa-e-cede-empate-em-4-a-4-ao-sao-jose\/"},"wordCount":285,"commentCount":0,"publisher":{"@id":"https:\/\/www.notibras.com\/site\/#organization"},"image":{"@id":"https:\/\/www.notibras.com\/site\/inter-abre-3-a-0-relaxa-e-cede-empate-em-4-a-4-ao-sao-jose\/#primaryimage"},"thumbnailUrl":"https:\/\/www.notibras.com\/site\/wp-content\/uploads\/2015\/02\/in.jpg","articleSection":["Esportes","Futebol"],"inLanguage":"pt-BR","potentialAction":[{"@type":"CommentAction","name":"Comment","target":["https:\/\/www.notibras.com\/site\/inter-abre-3-a-0-relaxa-e-cede-empate-em-4-a-4-ao-sao-jose\/#respond"]}]},{"@type":"WebPage","@id":"https:\/\/www.notibras.com\/site\/inter-abre-3-a-0-relaxa-e-cede-empate-em-4-a-4-ao-sao-jose\/","url":"https:\/\/www.notibras.com\/site\/inter-abre-3-a-0-relaxa-e-cede-empate-em-4-a-4-ao-sao-jose\/","name":"Inter abre 3 a 0, relaxa e cede empate em 4 a 4 ao S\u00e3o Jos\u00e9 - Notibras","isPartOf":{"@id":"https:\/\/www.notibras.com\/site\/#website"},"primaryImageOfPage":{"@id":"https:\/\/www.notibras.com\/site\/inter-abre-3-a-0-relaxa-e-cede-empate-em-4-a-4-ao-sao-jose\/#primaryimage"},"image":{"@id":"https:\/\/www.notibras.com\/site\/inter-abre-3-a-0-relaxa-e-cede-empate-em-4-a-4-ao-sao-jose\/#primaryimage"},"thumbnailUrl":"https:\/\/www.notibras.com\/site\/wp-content\/uploads\/2015\/02\/in.jpg","datePublished":"2015-02-05T00:19:15+00:00","dateModified":"2015-02-05T03:20:44+00:00","breadcrumb":{"@id":"https:\/\/www.notibras.com\/site\/inter-abre-3-a-0-relaxa-e-cede-empate-em-4-a-4-ao-sao-jose\/#breadcrumb"},"inLanguage":"pt-BR","potentialAction":[{"@type":"ReadAction","target":["https:\/\/www.notibras.com\/site\/inter-abre-3-a-0-relaxa-e-cede-empate-em-4-a-4-ao-sao-jose\/"]}]},{"@type":"ImageObject","inLanguage":"pt-BR","@id":"https:\/\/www.notibras.com\/site\/inter-abre-3-a-0-relaxa-e-cede-empate-em-4-a-4-ao-sao-jose\/#primaryimage","url":"https:\/\/www.notibras.com\/site\/wp-content\/uploads\/2015\/02\/in.jpg","contentUrl":"https:\/\/www.notibras.com\/site\/wp-content\/uploads\/2015\/02\/in.jpg","width":615,"height":300},{"@type":"BreadcrumbList","@id":"https:\/\/www.notibras.com\/site\/inter-abre-3-a-0-relaxa-e-cede-empate-em-4-a-4-ao-sao-jose\/#breadcrumb","itemListElement":[{"@type":"ListItem","position":1,"name":"In\u00edcio","item":"https:\/\/www.notibras.com\/site\/"},{"@type":"ListItem","position":2,"name":"Inter abre 3 a 0, relaxa e cede empate em 4 a 4 ao S\u00e3o Jos\u00e9"}]},{"@type":"WebSite","@id":"https:\/\/www.notibras.com\/site\/#website","url":"https:\/\/www.notibras.com\/site\/","name":"Notibras","description":"Not\u00edcias de Bras\u00edlia, do Brasil e do Mundo","publisher":{"@id":"https:\/\/www.notibras.com\/site\/#organization"},"potentialAction":[{"@type":"SearchAction","target":{"@type":"EntryPoint","urlTemplate":"https:\/\/www.notibras.com\/site\/?s={search_term_string}"},"query-input":{"@type":"PropertyValueSpecification","valueRequired":true,"valueName":"search_term_string"}}],"inLanguage":"pt-BR"},{"@type":"Organization","@id":"https:\/\/www.notibras.com\/site\/#organization","name":"Grupo Notibras de Comunica\u00e7\u00e3o","url":"https:\/\/www.notibras.com\/site\/","logo":{"@type":"ImageObject","inLanguage":"pt-BR","@id":"https:\/\/www.notibras.com\/site\/#\/schema\/logo\/image\/","url":"https:\/\/www.notibras.com\/site\/wp-content\/uploads\/2023\/01\/notibras23.png","contentUrl":"https:\/\/www.notibras.com\/site\/wp-content\/uploads\/2023\/01\/notibras23.png","width":350,"height":87,"caption":"Grupo Notibras de Comunica\u00e7\u00e3o"},"image":{"@id":"https:\/\/www.notibras.com\/site\/#\/schema\/logo\/image\/"},"sameAs":["https:\/\/www.facebook.com\/notibras\/","https:\/\/x.com\/Notibras","https:\/\/www.instagram.com\/notibras\/"]},{"@type":"Person","@id":"https:\/\/www.notibras.com\/site\/#\/schema\/person\/36ab0979449956132d3e5b517ea76ac8","name":"Reda\u00e7\u00e3o","image":{"@type":"ImageObject","inLanguage":"pt-BR","@id":"https:\/\/secure.gravatar.com\/avatar\/e0a867bdedb85fd243eadf09663511f96fc81e0720a4a42581f334ad4303aa6b?s=96&d=mm&r=g","url":"https:\/\/secure.gravatar.com\/avatar\/e0a867bdedb85fd243eadf09663511f96fc81e0720a4a42581f334ad4303aa6b?s=96&d=mm&r=g","contentUrl":"https:\/\/secure.gravatar.com\/avatar\/e0a867bdedb85fd243eadf09663511f96fc81e0720a4a42581f334ad4303aa6b?s=96&d=mm&r=g","caption":"Reda\u00e7\u00e3o"}}]}},"amp_enabled":true,"_links":{"self":[{"href":"https:\/\/www.notibras.com\/site\/wp-json\/wp\/v2\/posts\/36048","targetHints":{"allow":["GET"]}}],"collection":[{"href":"https:\/\/www.notibras.com\/site\/wp-json\/wp\/v2\/posts"}],"about":[{"href":"https:\/\/www.notibras.com\/site\/wp-json\/wp\/v2\/types\/post"}],"author":[{"embeddable":true,"href":"https:\/\/www.notibras.com\/site\/wp-json\/wp\/v2\/users\/2"}],"replies":[{"embeddable":true,"href":"https:\/\/www.notibras.com\/site\/wp-json\/wp\/v2\/comments?post=36048"}],"version-history":[{"count":0,"href":"https:\/\/www.notibras.com\/site\/wp-json\/wp\/v2\/posts\/36048\/revisions"}],"wp:featuredmedia":[{"embeddable":true,"href":"https:\/\/www.notibras.com\/site\/wp-json\/wp\/v2\/media\/36049"}],"wp:attachment":[{"href":"https:\/\/www.notibras.com\/site\/wp-json\/wp\/v2\/media?parent=36048"}],"wp:term":[{"taxonomy":"category","embeddable":true,"href":"https:\/\/www.notibras.com\/site\/wp-json\/wp\/v2\/categories?post=36048"},{"taxonomy":"post_tag","embeddable":true,"href":"https:\/\/www.notibras.com\/site\/wp-json\/wp\/v2\/tags?post=36048"}],"curies":[{"name":"wp","href":"https:\/\/api.w.org\/{rel}","templated":true}]}}