{"id":360568,"date":"2025-08-10T03:01:14","date_gmt":"2025-08-10T06:01:14","guid":{"rendered":"https:\/\/www.notibras.com\/site\/?p=360568"},"modified":"2025-08-10T03:02:14","modified_gmt":"2025-08-10T06:02:14","slug":"judeus-vao-as-ruas-contra-plano-de-tomada-de-gaza","status":"publish","type":"post","link":"https:\/\/www.notibras.com\/site\/judeus-vao-as-ruas-contra-plano-de-tomada-de-gaza\/","title":{"rendered":"Judeus v\u00e3o \u00e0s ruas contra plano de tomada de Gaza"},"content":{"rendered":"<p>Milhares de pessoas protestaram em Tel Aviv e outras cidades israelenses em meio \u00e0 decis\u00e3o do primeiro-ministro israelense Benjamin Netanyahu de estabelecer controle sobre toda a Faixa de Gaza, informou o Times of Israel.<\/p>\n<p>Na quinta-feira, Netanyahu anunciou que Israel pretendia estabelecer o controle sobre toda a Faixa de Gaza para criar um per\u00edmetro de seguran\u00e7a e, posteriormente, transferi-lo para um novo &#8220;governo civil&#8221;. Ele acrescentou que, ao mesmo tempo, o Estado de Israel n\u00e3o planejava manter o controle da faixa a longo prazo.<\/p>\n<p>No s\u00e1bado, o Minist\u00e9rio das Rela\u00e7\u00f5es Exteriores da R\u00fassia afirmou que o plano de Israel de expandir a opera\u00e7\u00e3o militar em territ\u00f3rio palestino teria consequ\u00eancias negativas para toda a regi\u00e3o e agravaria a situa\u00e7\u00e3o na Faixa de Gaza.<\/p>\n<p>Manifestantes se reuniram em Tel Aviv e em outras cidades de Israel na noite de s\u00e1bado para pedir um acordo sobre os ref\u00e9ns e um cessar-fogo antes que Israel inicie sua miss\u00e3o planejada para tomar Gaza. Familiares dos ref\u00e9ns convocaram uma greve geral contra o plano, que, segundo eles, significar\u00e1 uma senten\u00e7a de morte para seus entes queridos, informou o jornal.<\/p>\n<p>Como observa o jornal, estes s\u00e3o os maiores protestos em Israel nos \u00faltimos meses. Segundo seus dados, pelo menos 10.000 pessoas se reuniram em Tel Aviv. Os protestos est\u00e3o ocorrendo em dezenas de cidades em todo o pa\u00eds, concluiu a publica\u00e7\u00e3o.<\/p>\n<p>Em 7 de outubro de 2023, Israel foi alvo de um ataque de foguetes sem precedentes vindo da Faixa de Gaza. Em seguida, militantes do Hamas se infiltraram nas \u00e1reas de fronteira, abrindo fogo contra militares e civis e fazendo mais de 200 ref\u00e9ns. Segundo as autoridades, cerca de 1.200 pessoas foram mortas do lado israelense.<\/p>\n<p>Em resposta, as For\u00e7as de Defesa de Israel lan\u00e7aram a Opera\u00e7\u00e3o Espadas de Ferro, que incluiu ataques a alvos civis, e anunciaram um bloqueio total da Faixa de Gaza: o fornecimento de \u00e1gua, eletricidade, combust\u00edvel, alimentos e medicamentos foi interrompido. Os combates, interrompidos por cessar-fogo de curto prazo, custaram a vida de mais de 61.000 palestinos e cerca de 1.500 israelenses, espalharam-se para o L\u00edbano e o I\u00eamen e provocaram uma troca de ataques com m\u00edsseis entre Israel e o Ir\u00e3.<\/p>\n","protected":false},"excerpt":{"rendered":"<p>Milhares de pessoas protestaram em Tel Aviv e outras cidades israelenses em meio \u00e0 decis\u00e3o do primeiro-ministro israelense Benjamin Netanyahu de estabelecer controle sobre toda a Faixa de Gaza, informou o Times of Israel. Na quinta-feira, Netanyahu anunciou que Israel pretendia estabelecer o controle sobre toda a Faixa de Gaza para criar um per\u00edmetro de [&hellip;]<\/p>\n","protected":false},"author":2,"featured_media":360569,"comment_status":"closed","ping_status":"closed","sticky":false,"template":"","format":"standard","meta":{"_acf_changed":false,"footnotes":""},"categories":[159],"tags":[],"class_list":["post-360568","post","type-post","status-publish","format-standard","has-post-thumbnail","hentry","category-apocalipse"],"acf":[],"yoast_head":"<!-- This site is optimized with the Yoast SEO plugin v27.2 - https:\/\/yoast.com\/product\/yoast-seo-wordpress\/ -->\n<title>Judeus v\u00e3o \u00e0s ruas contra plano de tomada de Gaza - Notibras<\/title>\n<meta name=\"robots\" content=\"index, follow, max-snippet:-1, max-image-preview:large, max-video-preview:-1\" \/>\n<link rel=\"canonical\" href=\"https:\/\/www.notibras.com\/site\/judeus-vao-as-ruas-contra-plano-de-tomada-de-gaza\/\" \/>\n<meta property=\"og:locale\" content=\"pt_BR\" \/>\n<meta property=\"og:type\" content=\"article\" \/>\n<meta property=\"og:title\" content=\"Judeus v\u00e3o \u00e0s ruas contra plano de tomada de Gaza - Notibras\" \/>\n<meta property=\"og:description\" content=\"Milhares de pessoas protestaram em Tel Aviv e outras cidades israelenses em meio \u00e0 decis\u00e3o do primeiro-ministro israelense Benjamin Netanyahu de estabelecer controle sobre toda a Faixa de Gaza, informou o Times of Israel. Na quinta-feira, Netanyahu anunciou que Israel pretendia estabelecer o controle sobre toda a Faixa de Gaza para criar um per\u00edmetro de [&hellip;]\" \/>\n<meta property=\"og:url\" content=\"https:\/\/www.notibras.com\/site\/judeus-vao-as-ruas-contra-plano-de-tomada-de-gaza\/\" \/>\n<meta property=\"og:site_name\" content=\"Notibras\" \/>\n<meta property=\"article:publisher\" content=\"https:\/\/www.facebook.com\/notibras\/\" \/>\n<meta property=\"article:published_time\" content=\"2025-08-10T06:01:14+00:00\" \/>\n<meta property=\"article:modified_time\" content=\"2025-08-10T06:02:14+00:00\" \/>\n<meta property=\"og:image\" content=\"https:\/\/www.notibras.com\/site\/wp-content\/uploads\/2025\/08\/1122586856_0_181_3072_1909_1920x0_80_0_0_e7e73ee18127c43812d1806db7cc0320.jpg.webp\" \/>\n\t<meta property=\"og:image:width\" content=\"1920\" \/>\n\t<meta property=\"og:image:height\" content=\"1080\" \/>\n\t<meta property=\"og:image:type\" content=\"image\/webp\" \/>\n<meta name=\"author\" content=\"Reda\u00e7\u00e3o\" \/>\n<meta name=\"twitter:card\" content=\"summary_large_image\" \/>\n<meta name=\"twitter:creator\" content=\"@Notibras\" \/>\n<meta name=\"twitter:site\" content=\"@Notibras\" \/>\n<meta name=\"twitter:label1\" content=\"Escrito por\" \/>\n\t<meta name=\"twitter:data1\" content=\"Reda\u00e7\u00e3o\" \/>\n\t<meta name=\"twitter:label2\" content=\"Est. tempo de leitura\" \/>\n\t<meta name=\"twitter:data2\" content=\"3 minutos\" \/>\n<script type=\"application\/ld+json\" class=\"yoast-schema-graph\">{\"@context\":\"https:\/\/schema.org\",\"@graph\":[{\"@type\":\"Article\",\"@id\":\"https:\/\/www.notibras.com\/site\/judeus-vao-as-ruas-contra-plano-de-tomada-de-gaza\/#article\",\"isPartOf\":{\"@id\":\"https:\/\/www.notibras.com\/site\/judeus-vao-as-ruas-contra-plano-de-tomada-de-gaza\/\"},\"author\":{\"name\":\"Reda\u00e7\u00e3o\",\"@id\":\"https:\/\/www.notibras.com\/site\/#\/schema\/person\/36ab0979449956132d3e5b517ea76ac8\"},\"headline\":\"Judeus v\u00e3o \u00e0s ruas contra plano de tomada de Gaza\",\"datePublished\":\"2025-08-10T06:01:14+00:00\",\"dateModified\":\"2025-08-10T06:02:14+00:00\",\"mainEntityOfPage\":{\"@id\":\"https:\/\/www.notibras.com\/site\/judeus-vao-as-ruas-contra-plano-de-tomada-de-gaza\/\"},\"wordCount\":394,\"publisher\":{\"@id\":\"https:\/\/www.notibras.com\/site\/#organization\"},\"image\":{\"@id\":\"https:\/\/www.notibras.com\/site\/judeus-vao-as-ruas-contra-plano-de-tomada-de-gaza\/#primaryimage\"},\"thumbnailUrl\":\"https:\/\/www.notibras.com\/site\/wp-content\/uploads\/2025\/08\/1122586856_0_181_3072_1909_1920x0_80_0_0_e7e73ee18127c43812d1806db7cc0320.jpg.webp\",\"articleSection\":[\"Apocalipse\"],\"inLanguage\":\"pt-BR\"},{\"@type\":\"WebPage\",\"@id\":\"https:\/\/www.notibras.com\/site\/judeus-vao-as-ruas-contra-plano-de-tomada-de-gaza\/\",\"url\":\"https:\/\/www.notibras.com\/site\/judeus-vao-as-ruas-contra-plano-de-tomada-de-gaza\/\",\"name\":\"Judeus v\u00e3o \u00e0s ruas contra plano de tomada de Gaza - Notibras\",\"isPartOf\":{\"@id\":\"https:\/\/www.notibras.com\/site\/#website\"},\"primaryImageOfPage\":{\"@id\":\"https:\/\/www.notibras.com\/site\/judeus-vao-as-ruas-contra-plano-de-tomada-de-gaza\/#primaryimage\"},\"image\":{\"@id\":\"https:\/\/www.notibras.com\/site\/judeus-vao-as-ruas-contra-plano-de-tomada-de-gaza\/#primaryimage\"},\"thumbnailUrl\":\"https:\/\/www.notibras.com\/site\/wp-content\/uploads\/2025\/08\/1122586856_0_181_3072_1909_1920x0_80_0_0_e7e73ee18127c43812d1806db7cc0320.jpg.webp\",\"datePublished\":\"2025-08-10T06:01:14+00:00\",\"dateModified\":\"2025-08-10T06:02:14+00:00\",\"breadcrumb\":{\"@id\":\"https:\/\/www.notibras.com\/site\/judeus-vao-as-ruas-contra-plano-de-tomada-de-gaza\/#breadcrumb\"},\"inLanguage\":\"pt-BR\",\"potentialAction\":[{\"@type\":\"ReadAction\",\"target\":[\"https:\/\/www.notibras.com\/site\/judeus-vao-as-ruas-contra-plano-de-tomada-de-gaza\/\"]}]},{\"@type\":\"ImageObject\",\"inLanguage\":\"pt-BR\",\"@id\":\"https:\/\/www.notibras.com\/site\/judeus-vao-as-ruas-contra-plano-de-tomada-de-gaza\/#primaryimage\",\"url\":\"https:\/\/www.notibras.com\/site\/wp-content\/uploads\/2025\/08\/1122586856_0_181_3072_1909_1920x0_80_0_0_e7e73ee18127c43812d1806db7cc0320.jpg.webp\",\"contentUrl\":\"https:\/\/www.notibras.com\/site\/wp-content\/uploads\/2025\/08\/1122586856_0_181_3072_1909_1920x0_80_0_0_e7e73ee18127c43812d1806db7cc0320.jpg.webp\",\"width\":1920,\"height\":1080},{\"@type\":\"BreadcrumbList\",\"@id\":\"https:\/\/www.notibras.com\/site\/judeus-vao-as-ruas-contra-plano-de-tomada-de-gaza\/#breadcrumb\",\"itemListElement\":[{\"@type\":\"ListItem\",\"position\":1,\"name\":\"In\u00edcio\",\"item\":\"https:\/\/www.notibras.com\/site\/\"},{\"@type\":\"ListItem\",\"position\":2,\"name\":\"Judeus v\u00e3o \u00e0s ruas contra plano de tomada de Gaza\"}]},{\"@type\":\"WebSite\",\"@id\":\"https:\/\/www.notibras.com\/site\/#website\",\"url\":\"https:\/\/www.notibras.com\/site\/\",\"name\":\"Notibras\",\"description\":\"Not\u00edcias de Bras\u00edlia, do Brasil e do Mundo\",\"publisher\":{\"@id\":\"https:\/\/www.notibras.com\/site\/#organization\"},\"potentialAction\":[{\"@type\":\"SearchAction\",\"target\":{\"@type\":\"EntryPoint\",\"urlTemplate\":\"https:\/\/www.notibras.com\/site\/?s={search_term_string}\"},\"query-input\":{\"@type\":\"PropertyValueSpecification\",\"valueRequired\":true,\"valueName\":\"search_term_string\"}}],\"inLanguage\":\"pt-BR\"},{\"@type\":\"Organization\",\"@id\":\"https:\/\/www.notibras.com\/site\/#organization\",\"name\":\"Grupo Notibras de Comunica\u00e7\u00e3o\",\"url\":\"https:\/\/www.notibras.com\/site\/\",\"logo\":{\"@type\":\"ImageObject\",\"inLanguage\":\"pt-BR\",\"@id\":\"https:\/\/www.notibras.com\/site\/#\/schema\/logo\/image\/\",\"url\":\"https:\/\/www.notibras.com\/site\/wp-content\/uploads\/2023\/01\/notibras23.png\",\"contentUrl\":\"https:\/\/www.notibras.com\/site\/wp-content\/uploads\/2023\/01\/notibras23.png\",\"width\":350,\"height\":87,\"caption\":\"Grupo Notibras de Comunica\u00e7\u00e3o\"},\"image\":{\"@id\":\"https:\/\/www.notibras.com\/site\/#\/schema\/logo\/image\/\"},\"sameAs\":[\"https:\/\/www.facebook.com\/notibras\/\",\"https:\/\/x.com\/Notibras\",\"https:\/\/www.instagram.com\/notibras\/\"]},{\"@type\":\"Person\",\"@id\":\"https:\/\/www.notibras.com\/site\/#\/schema\/person\/36ab0979449956132d3e5b517ea76ac8\",\"name\":\"Reda\u00e7\u00e3o\",\"image\":{\"@type\":\"ImageObject\",\"inLanguage\":\"pt-BR\",\"@id\":\"https:\/\/secure.gravatar.com\/avatar\/e0a867bdedb85fd243eadf09663511f96fc81e0720a4a42581f334ad4303aa6b?s=96&d=mm&r=g\",\"url\":\"https:\/\/secure.gravatar.com\/avatar\/e0a867bdedb85fd243eadf09663511f96fc81e0720a4a42581f334ad4303aa6b?s=96&d=mm&r=g\",\"contentUrl\":\"https:\/\/secure.gravatar.com\/avatar\/e0a867bdedb85fd243eadf09663511f96fc81e0720a4a42581f334ad4303aa6b?s=96&d=mm&r=g\",\"caption\":\"Reda\u00e7\u00e3o\"}}]}<\/script>\n<!-- \/ Yoast SEO plugin. -->","yoast_head_json":{"title":"Judeus v\u00e3o \u00e0s ruas contra plano de tomada de Gaza - Notibras","robots":{"index":"index","follow":"follow","max-snippet":"max-snippet:-1","max-image-preview":"max-image-preview:large","max-video-preview":"max-video-preview:-1"},"canonical":"https:\/\/www.notibras.com\/site\/judeus-vao-as-ruas-contra-plano-de-tomada-de-gaza\/","og_locale":"pt_BR","og_type":"article","og_title":"Judeus v\u00e3o \u00e0s ruas contra plano de tomada de Gaza - Notibras","og_description":"Milhares de pessoas protestaram em Tel Aviv e outras cidades israelenses em meio \u00e0 decis\u00e3o do primeiro-ministro israelense Benjamin Netanyahu de estabelecer controle sobre toda a Faixa de Gaza, informou o Times of Israel. Na quinta-feira, Netanyahu anunciou que Israel pretendia estabelecer o controle sobre toda a Faixa de Gaza para criar um per\u00edmetro de [&hellip;]","og_url":"https:\/\/www.notibras.com\/site\/judeus-vao-as-ruas-contra-plano-de-tomada-de-gaza\/","og_site_name":"Notibras","article_publisher":"https:\/\/www.facebook.com\/notibras\/","article_published_time":"2025-08-10T06:01:14+00:00","article_modified_time":"2025-08-10T06:02:14+00:00","og_image":[{"width":1920,"height":1080,"url":"https:\/\/www.notibras.com\/site\/wp-content\/uploads\/2025\/08\/1122586856_0_181_3072_1909_1920x0_80_0_0_e7e73ee18127c43812d1806db7cc0320.jpg.webp","type":"image\/webp"}],"author":"Reda\u00e7\u00e3o","twitter_card":"summary_large_image","twitter_creator":"@Notibras","twitter_site":"@Notibras","twitter_misc":{"Escrito por":"Reda\u00e7\u00e3o","Est. tempo de leitura":"3 minutos"},"schema":{"@context":"https:\/\/schema.org","@graph":[{"@type":"Article","@id":"https:\/\/www.notibras.com\/site\/judeus-vao-as-ruas-contra-plano-de-tomada-de-gaza\/#article","isPartOf":{"@id":"https:\/\/www.notibras.com\/site\/judeus-vao-as-ruas-contra-plano-de-tomada-de-gaza\/"},"author":{"name":"Reda\u00e7\u00e3o","@id":"https:\/\/www.notibras.com\/site\/#\/schema\/person\/36ab0979449956132d3e5b517ea76ac8"},"headline":"Judeus v\u00e3o \u00e0s ruas contra plano de tomada de Gaza","datePublished":"2025-08-10T06:01:14+00:00","dateModified":"2025-08-10T06:02:14+00:00","mainEntityOfPage":{"@id":"https:\/\/www.notibras.com\/site\/judeus-vao-as-ruas-contra-plano-de-tomada-de-gaza\/"},"wordCount":394,"publisher":{"@id":"https:\/\/www.notibras.com\/site\/#organization"},"image":{"@id":"https:\/\/www.notibras.com\/site\/judeus-vao-as-ruas-contra-plano-de-tomada-de-gaza\/#primaryimage"},"thumbnailUrl":"https:\/\/www.notibras.com\/site\/wp-content\/uploads\/2025\/08\/1122586856_0_181_3072_1909_1920x0_80_0_0_e7e73ee18127c43812d1806db7cc0320.jpg.webp","articleSection":["Apocalipse"],"inLanguage":"pt-BR"},{"@type":"WebPage","@id":"https:\/\/www.notibras.com\/site\/judeus-vao-as-ruas-contra-plano-de-tomada-de-gaza\/","url":"https:\/\/www.notibras.com\/site\/judeus-vao-as-ruas-contra-plano-de-tomada-de-gaza\/","name":"Judeus v\u00e3o \u00e0s ruas contra plano de tomada de Gaza - Notibras","isPartOf":{"@id":"https:\/\/www.notibras.com\/site\/#website"},"primaryImageOfPage":{"@id":"https:\/\/www.notibras.com\/site\/judeus-vao-as-ruas-contra-plano-de-tomada-de-gaza\/#primaryimage"},"image":{"@id":"https:\/\/www.notibras.com\/site\/judeus-vao-as-ruas-contra-plano-de-tomada-de-gaza\/#primaryimage"},"thumbnailUrl":"https:\/\/www.notibras.com\/site\/wp-content\/uploads\/2025\/08\/1122586856_0_181_3072_1909_1920x0_80_0_0_e7e73ee18127c43812d1806db7cc0320.jpg.webp","datePublished":"2025-08-10T06:01:14+00:00","dateModified":"2025-08-10T06:02:14+00:00","breadcrumb":{"@id":"https:\/\/www.notibras.com\/site\/judeus-vao-as-ruas-contra-plano-de-tomada-de-gaza\/#breadcrumb"},"inLanguage":"pt-BR","potentialAction":[{"@type":"ReadAction","target":["https:\/\/www.notibras.com\/site\/judeus-vao-as-ruas-contra-plano-de-tomada-de-gaza\/"]}]},{"@type":"ImageObject","inLanguage":"pt-BR","@id":"https:\/\/www.notibras.com\/site\/judeus-vao-as-ruas-contra-plano-de-tomada-de-gaza\/#primaryimage","url":"https:\/\/www.notibras.com\/site\/wp-content\/uploads\/2025\/08\/1122586856_0_181_3072_1909_1920x0_80_0_0_e7e73ee18127c43812d1806db7cc0320.jpg.webp","contentUrl":"https:\/\/www.notibras.com\/site\/wp-content\/uploads\/2025\/08\/1122586856_0_181_3072_1909_1920x0_80_0_0_e7e73ee18127c43812d1806db7cc0320.jpg.webp","width":1920,"height":1080},{"@type":"BreadcrumbList","@id":"https:\/\/www.notibras.com\/site\/judeus-vao-as-ruas-contra-plano-de-tomada-de-gaza\/#breadcrumb","itemListElement":[{"@type":"ListItem","position":1,"name":"In\u00edcio","item":"https:\/\/www.notibras.com\/site\/"},{"@type":"ListItem","position":2,"name":"Judeus v\u00e3o \u00e0s ruas contra plano de tomada de Gaza"}]},{"@type":"WebSite","@id":"https:\/\/www.notibras.com\/site\/#website","url":"https:\/\/www.notibras.com\/site\/","name":"Notibras","description":"Not\u00edcias de Bras\u00edlia, do Brasil e do Mundo","publisher":{"@id":"https:\/\/www.notibras.com\/site\/#organization"},"potentialAction":[{"@type":"SearchAction","target":{"@type":"EntryPoint","urlTemplate":"https:\/\/www.notibras.com\/site\/?s={search_term_string}"},"query-input":{"@type":"PropertyValueSpecification","valueRequired":true,"valueName":"search_term_string"}}],"inLanguage":"pt-BR"},{"@type":"Organization","@id":"https:\/\/www.notibras.com\/site\/#organization","name":"Grupo Notibras de Comunica\u00e7\u00e3o","url":"https:\/\/www.notibras.com\/site\/","logo":{"@type":"ImageObject","inLanguage":"pt-BR","@id":"https:\/\/www.notibras.com\/site\/#\/schema\/logo\/image\/","url":"https:\/\/www.notibras.com\/site\/wp-content\/uploads\/2023\/01\/notibras23.png","contentUrl":"https:\/\/www.notibras.com\/site\/wp-content\/uploads\/2023\/01\/notibras23.png","width":350,"height":87,"caption":"Grupo Notibras de Comunica\u00e7\u00e3o"},"image":{"@id":"https:\/\/www.notibras.com\/site\/#\/schema\/logo\/image\/"},"sameAs":["https:\/\/www.facebook.com\/notibras\/","https:\/\/x.com\/Notibras","https:\/\/www.instagram.com\/notibras\/"]},{"@type":"Person","@id":"https:\/\/www.notibras.com\/site\/#\/schema\/person\/36ab0979449956132d3e5b517ea76ac8","name":"Reda\u00e7\u00e3o","image":{"@type":"ImageObject","inLanguage":"pt-BR","@id":"https:\/\/secure.gravatar.com\/avatar\/e0a867bdedb85fd243eadf09663511f96fc81e0720a4a42581f334ad4303aa6b?s=96&d=mm&r=g","url":"https:\/\/secure.gravatar.com\/avatar\/e0a867bdedb85fd243eadf09663511f96fc81e0720a4a42581f334ad4303aa6b?s=96&d=mm&r=g","contentUrl":"https:\/\/secure.gravatar.com\/avatar\/e0a867bdedb85fd243eadf09663511f96fc81e0720a4a42581f334ad4303aa6b?s=96&d=mm&r=g","caption":"Reda\u00e7\u00e3o"}}]}},"amp_enabled":true,"_links":{"self":[{"href":"https:\/\/www.notibras.com\/site\/wp-json\/wp\/v2\/posts\/360568","targetHints":{"allow":["GET"]}}],"collection":[{"href":"https:\/\/www.notibras.com\/site\/wp-json\/wp\/v2\/posts"}],"about":[{"href":"https:\/\/www.notibras.com\/site\/wp-json\/wp\/v2\/types\/post"}],"author":[{"embeddable":true,"href":"https:\/\/www.notibras.com\/site\/wp-json\/wp\/v2\/users\/2"}],"replies":[{"embeddable":true,"href":"https:\/\/www.notibras.com\/site\/wp-json\/wp\/v2\/comments?post=360568"}],"version-history":[{"count":3,"href":"https:\/\/www.notibras.com\/site\/wp-json\/wp\/v2\/posts\/360568\/revisions"}],"predecessor-version":[{"id":360572,"href":"https:\/\/www.notibras.com\/site\/wp-json\/wp\/v2\/posts\/360568\/revisions\/360572"}],"wp:featuredmedia":[{"embeddable":true,"href":"https:\/\/www.notibras.com\/site\/wp-json\/wp\/v2\/media\/360569"}],"wp:attachment":[{"href":"https:\/\/www.notibras.com\/site\/wp-json\/wp\/v2\/media?parent=360568"}],"wp:term":[{"taxonomy":"category","embeddable":true,"href":"https:\/\/www.notibras.com\/site\/wp-json\/wp\/v2\/categories?post=360568"},{"taxonomy":"post_tag","embeddable":true,"href":"https:\/\/www.notibras.com\/site\/wp-json\/wp\/v2\/tags?post=360568"}],"curies":[{"name":"wp","href":"https:\/\/api.w.org\/{rel}","templated":true}]}}