{"id":36057,"date":"2015-02-05T00:53:27","date_gmt":"2015-02-05T03:53:27","guid":{"rendered":"http:\/\/www.notibras.com\/site\/?p=36057"},"modified":"2015-02-05T00:53:27","modified_gmt":"2015-02-05T03:53:27","slug":"ja-que-papel-aceita-tudo-terror-ganha-espaco-na-banda-ocidental","status":"publish","type":"post","link":"https:\/\/www.notibras.com\/site\/ja-que-papel-aceita-tudo-terror-ganha-espaco-na-banda-ocidental\/","title":{"rendered":"J\u00e1 que papel aceita tudo, terror ganha espa\u00e7o na banda ocidental"},"content":{"rendered":"<p>O terror tem seus opositores fraternos. Eles vivem em Paris, lecionam em boas universidades norte-americanas, publicam em nossas melhores editoras. Est\u00e3o por a\u00ed. Diante do horror e da barb\u00e1rie, n\u00e3o perdem a chance de relativizar. \u00a0Foi o que se viu, mais uma vez, no debate que se seguiu ao massacre do Charlie Hebdo, em Paris.<\/p>\n<p>Opositores fraternos, por \u00f3bvio, registram sua repulsa pelo acontecido. Solidarizam-se com as v\u00edtimas e dizem que os irm\u00e3os Kouachi, apesar de tudo, fizeram uma coisa errada. Sua cr\u00edtica se concentra no m\u00e9todo. Eles tinham, v\u00e1 l\u00e1, suas raz\u00f5es. A revista, de fato, passou do limite. Os EUA, como explicou o escritor Tariq Ali, invadiu o Iraque, em 2003, e aqueles meninos assistiram a tudo pela televis\u00e3o. Viram imagens das torturas na pris\u00e3o de Abu Ghraib. Estavam com raiva. Mas agiram errado, apesar de tudo.<\/p>\n<p>Opositores fraternos n\u00e3o pertencem exclusivamente a esta ou aquela ideologia. Eles podem ser encontrados entre um certo de tipo de conservadorismo est\u00fapido, relativamente abundante nas redes sociais, para quem n\u00e3o se deve brincar com a religi\u00e3o alheia. &#8220;\u00d3dio gera \u00f3dio&#8221;, li em um post na internet, sugestivamente feito por um professor de filosofia de uma universidade federal.<\/p>\n<p>Seu mais emblem\u00e1tico representante talvez seja Jean-Marie Le Pen, que nos dias que se seguiram ao massacre acusava a revista de blasf\u00eamia e vulgaridade, e bradava, orgulhoso, &#8220;eu n\u00e3o sou Charlie&#8221;.<\/p>\n<blockquote><p>A artilharia mais pesada da oposi\u00e7\u00e3o fraterna veio, n\u00e3o obstante, do chamado campo de esquerda. Mesmo que fosse previs\u00edvel que isto acontecesse, confesso que me surpreendi com a forma mais ou menos expl\u00edcita de seu discurso \u00a0compreensivo em rela\u00e7\u00e3o ao terror. No uso expl\u00edcito da trag\u00e9dia para atacar seus inimigos na disputa pol\u00edtica. Na fixa\u00e7\u00e3o em enquadrar qualquer coisa na conversa de esquerda x direita. O terrorismo encontra sua audi\u00eancia no Ocidente.<\/p><\/blockquote>\n<p>A argumenta\u00e7\u00e3o usada por essa turma \u00e9 relativamente uniforme. A estrat\u00e9gia \u00e9 enquadrar o massacre em um quadro mais amplo, que envolve a guerra ao terror, no p\u00f3s-11 de setembro, a opress\u00e3o aos imigrantes, a pol\u00edtica de Israel, o passado colonizador europeu, a crise (sempre ela) do capitalismo. Um conjunto mais ou menos previs\u00edvel de raz\u00f5es que, devidamente ordenadas, produzem uma sutil invers\u00e3o da culpa pelo acontecido. Ela passa a ser sist\u00eamica. O radicalismo isl\u00e2mico torna-se um ator secund\u00e1rio. O Ocidente opressor, tendo \u00e0 frente seu vil\u00e3o habitual, os EUA, passa a ocupar o banco dos r\u00e9us.<\/p>\n<p>Tariq Ali escreveu artigo intitulado &#8220;Guerra entre Fundamentalismos&#8221;. O que testemunhamos, diz ele, &#8220;\u00e9 um conflito entre fundamentalismos rivais, cada um mascarado por diferentes ideologias&#8221;. Tentei descobrir, no artigo, em que consistia exatamente o fundamentalismo rival dos terroristas, mas n\u00e3o consegui.<\/p>\n<p>Ele menciona certas restri\u00e7\u00f5es francesas a piadas antissemitas, o uso de tortura na guerra ao terror, as a\u00e7\u00f5es militares francesas na S\u00edria, a direita francesa e coisas assim. Para Tariq Ali, misturando tudo, o Ocidente se equivale ao terrorismo isl\u00e2mico. Ele n\u00e3o consegue perceber muita diferen\u00e7a. Se vivesse em Cabul, \u00e0 \u00e9poca do Taleban, ou em Teer\u00e3, ao inv\u00e9s de Londres, talvez conseguisse. Mas n\u00e3o o faz, ao menos at\u00e9 o final do artigo.<\/p>\n<p>O discurso se parece com o argumento segundo o qual a frente nacional e o fascismo isl\u00e2mico s\u00e3o da mesma seara. Argumento de mau gosto, visto utilizar uma frase de Charb, diretor de reda\u00e7\u00e3o da Charlie Hebdo, evidentemente retirada de contexto. N\u00e3o passa de um exerc\u00edcio de leviandade intelectual comparar um massacre terrorista com a a\u00e7\u00e3o pol\u00edtica de um partido legalmente constitu\u00eddo.<\/p>\n<p>Um partido do qual pode-se (com raz\u00e3o) n\u00e3o gostar, mas perfeitamente leg\u00edtimo e incorporado \u00e0 democracia francesa. Esp\u00e9cie de fal\u00e1cia da equival\u00eancia comum no dia a dia das discuss\u00f5es pol\u00edticas (n\u00e3o houve quem chamasse o advers\u00e1rio de &#8220;nazista&#8221;, em nossa \u00faltima campanha eleitoral?). O que me surpreende \u00e9 que o truque seja usado por intelectuais com algum preparo. Talvez o fa\u00e7am por imaginar que ser\u00e3o lidos apenas por leitores do devidamente alinhados. Em parte, \u00e9 isso mesmo que acontece.<\/p>\n<p>\u00c9 o caso de Noam Chomsky. Em um entrevista \u00e0 revista digital Raw Story, ele produziu sua vers\u00e3o particular da &#8220;fal\u00e1cia da equival\u00eancia&#8221;: comparou o massacre, entre outros epis\u00f3dios, com a morte de 50 civis decorrentes de a\u00e7\u00f5es do ex\u00e9rcito norte-americano na S\u00edria. Confesso que li v\u00e1rias vezes para me certificar que era isso mesmo que ele dizia.<\/p>\n<p>Chomsky est\u00e1 dizendo que, de um modo geral, os irm\u00e3os Kouachi equivalem-se a Barack Obama. Com alguma vantagem para os primeiros, pensei eu. Ao menos tiveram a coragem de fazer pessoalmente o servi\u00e7o, ao inv\u00e9s de enviar os seus homens. Chomsky d\u00e1 de ombros para o fato de que o ex\u00e9rcito americano \u00e9 uma for\u00e7a regular, que integra uma coaliz\u00e3o internacional, em a\u00e7\u00e3o contra um grupo genocida. E cujo foco n\u00e3o \u00e9 punir infi\u00e9is nem produzir a morte de civis.<\/p>\n<p>Na lista dos opositores fraternos n\u00e3o poderia faltar, por \u00f3bvio, o fil\u00f3sofo Zlavoj Zizek. Em um artigo na revista New Statesman, Zizek define o fundamentalismo como uma &#8220;rea\u00e7\u00e3o contra uma falha real do liberalismo&#8221;. Por isso ele seria &#8220;repetidamente gerado pelo liberalismo&#8221;. Sociedades liberais presumivelmente tem muitas falhas, e fiquei imaginando qual delas teria produzido o fundamentalismo.<\/p>\n<blockquote><p>Zizek n\u00e3o explica, mas parece oferecer uma pista quando diz que a permissividade liberal e o fundamentalismo s\u00e3o dois polos gerando e pressupondo um ao outro. Para ele, n\u00e3o s\u00e3o sociedades teocr\u00e1ticas ou seitas radicais, seja no Ir\u00e3, no Paquist\u00e3o ou na Ar\u00e1bia Saudita que produzem o fundamentalismo. Precisamente sociedades que n\u00e3o atravessaram processos de seculariza\u00e7\u00e3o e moderniza\u00e7\u00e3o liberal. Nada disso. Merecemos n\u00f3s as chicotadas. A democracia liberal e sua maldita sociedade de direitos.<\/p><\/blockquote>\n<p>Zizek busca inspira\u00e7\u00e3o em um frase de Horkheimer sobre fascismo, nos anos 30, para concluir que &#8220;quem n\u00e3o estiver disposto a falar criticamente sobre a democracia liberal, deve tamb\u00e9m ficar quieto com respeito ao fundamentalismo religioso&#8221;.<\/p>\n<p>Parece esquecer o \u00f3bvio: Horkheimer se referia a um fen\u00f4meno (o fascismo) produzido no cora\u00e7\u00e3o do mundo europeu. O que obviamente n\u00e3o \u00e9 caso do fundamentalismo isl\u00e2mico. Al\u00e9m da analogia apressada, o nonsense: era exatamente a favor, e n\u00e3o contra, a democracia liberal e seus valores que marchou a multid\u00e3o, em Paris, seguindo o presidente Hollande. \u00c9 a cren\u00e7a na liberdade que deve se fazer ouvir, ao inv\u00e9s de se calar.<\/p>\n<p>Zizek parece dizer que s\u00f3 uma alternativa ao capitalismo poder\u00e1 resolver o problema do terrorismo. O que n\u00e3o deixa de ser curioso, visto que todos os sistemas que se propuseram esta tarefa se tornaram, sem exce\u00e7\u00e3o, eles mesmos formas de terrorismo de Estado. Mas isto \u00e9 s\u00f3 um detalhe. O papel aceita tudo.<\/p>\n<p><strong>Fernando Schuler<\/strong><\/p>\n","protected":false},"excerpt":{"rendered":"<p>O terror tem seus opositores fraternos. Eles vivem em Paris, lecionam em boas universidades norte-americanas, publicam em nossas melhores editoras. Est\u00e3o por a\u00ed. Diante do horror e da barb\u00e1rie, n\u00e3o perdem a chance de relativizar. \u00a0Foi o que se viu, mais uma vez, no debate que se seguiu ao massacre do Charlie Hebdo, em Paris. [&hellip;]<\/p>\n","protected":false},"author":2,"featured_media":36058,"comment_status":"open","ping_status":"closed","sticky":false,"template":"","format":"standard","meta":{"_acf_changed":false,"footnotes":""},"categories":[25],"tags":[],"class_list":["post-36057","post","type-post","status-publish","format-standard","has-post-thumbnail","hentry","category-opina-ai"],"acf":[],"yoast_head":"<!-- This site is optimized with the Yoast SEO plugin v27.2 - https:\/\/yoast.com\/product\/yoast-seo-wordpress\/ -->\n<title>J\u00e1 que papel aceita tudo, terror ganha espa\u00e7o na banda ocidental - Notibras<\/title>\n<meta name=\"robots\" content=\"index, follow, max-snippet:-1, max-image-preview:large, max-video-preview:-1\" \/>\n<link rel=\"canonical\" href=\"https:\/\/www.notibras.com\/site\/ja-que-papel-aceita-tudo-terror-ganha-espaco-na-banda-ocidental\/\" \/>\n<meta property=\"og:locale\" content=\"pt_BR\" \/>\n<meta property=\"og:type\" content=\"article\" \/>\n<meta property=\"og:title\" content=\"J\u00e1 que papel aceita tudo, terror ganha espa\u00e7o na banda ocidental - Notibras\" \/>\n<meta property=\"og:description\" content=\"O terror tem seus opositores fraternos. Eles vivem em Paris, lecionam em boas universidades norte-americanas, publicam em nossas melhores editoras. Est\u00e3o por a\u00ed. Diante do horror e da barb\u00e1rie, n\u00e3o perdem a chance de relativizar. \u00a0Foi o que se viu, mais uma vez, no debate que se seguiu ao massacre do Charlie Hebdo, em Paris. [&hellip;]\" \/>\n<meta property=\"og:url\" content=\"https:\/\/www.notibras.com\/site\/ja-que-papel-aceita-tudo-terror-ganha-espaco-na-banda-ocidental\/\" \/>\n<meta property=\"og:site_name\" content=\"Notibras\" \/>\n<meta property=\"article:publisher\" content=\"https:\/\/www.facebook.com\/notibras\/\" \/>\n<meta property=\"article:published_time\" content=\"2015-02-05T03:53:27+00:00\" \/>\n<meta property=\"og:image\" content=\"https:\/\/www.notibras.com\/site\/wp-content\/uploads\/2015\/02\/ter.jpg\" \/>\n\t<meta property=\"og:image:width\" content=\"400\" \/>\n\t<meta property=\"og:image:height\" content=\"300\" \/>\n\t<meta property=\"og:image:type\" content=\"image\/jpeg\" \/>\n<meta name=\"author\" content=\"Reda\u00e7\u00e3o\" \/>\n<meta name=\"twitter:card\" content=\"summary_large_image\" \/>\n<meta name=\"twitter:creator\" content=\"@Notibras\" \/>\n<meta name=\"twitter:site\" content=\"@Notibras\" \/>\n<meta name=\"twitter:label1\" content=\"Escrito por\" \/>\n\t<meta name=\"twitter:data1\" content=\"Reda\u00e7\u00e3o\" \/>\n\t<meta name=\"twitter:label2\" content=\"Est. tempo de leitura\" \/>\n\t<meta name=\"twitter:data2\" content=\"6 minutos\" \/>\n<script type=\"application\/ld+json\" class=\"yoast-schema-graph\">{\"@context\":\"https:\/\/schema.org\",\"@graph\":[{\"@type\":\"Article\",\"@id\":\"https:\/\/www.notibras.com\/site\/ja-que-papel-aceita-tudo-terror-ganha-espaco-na-banda-ocidental\/#article\",\"isPartOf\":{\"@id\":\"https:\/\/www.notibras.com\/site\/ja-que-papel-aceita-tudo-terror-ganha-espaco-na-banda-ocidental\/\"},\"author\":{\"name\":\"Reda\u00e7\u00e3o\",\"@id\":\"https:\/\/www.notibras.com\/site\/#\/schema\/person\/36ab0979449956132d3e5b517ea76ac8\"},\"headline\":\"J\u00e1 que papel aceita tudo, terror ganha espa\u00e7o na banda ocidental\",\"datePublished\":\"2015-02-05T03:53:27+00:00\",\"mainEntityOfPage\":{\"@id\":\"https:\/\/www.notibras.com\/site\/ja-que-papel-aceita-tudo-terror-ganha-espaco-na-banda-ocidental\/\"},\"wordCount\":1191,\"commentCount\":0,\"publisher\":{\"@id\":\"https:\/\/www.notibras.com\/site\/#organization\"},\"image\":{\"@id\":\"https:\/\/www.notibras.com\/site\/ja-que-papel-aceita-tudo-terror-ganha-espaco-na-banda-ocidental\/#primaryimage\"},\"thumbnailUrl\":\"https:\/\/www.notibras.com\/site\/wp-content\/uploads\/2015\/02\/ter.jpg\",\"articleSection\":[\"Opina a\u00ed\"],\"inLanguage\":\"pt-BR\",\"potentialAction\":[{\"@type\":\"CommentAction\",\"name\":\"Comment\",\"target\":[\"https:\/\/www.notibras.com\/site\/ja-que-papel-aceita-tudo-terror-ganha-espaco-na-banda-ocidental\/#respond\"]}]},{\"@type\":\"WebPage\",\"@id\":\"https:\/\/www.notibras.com\/site\/ja-que-papel-aceita-tudo-terror-ganha-espaco-na-banda-ocidental\/\",\"url\":\"https:\/\/www.notibras.com\/site\/ja-que-papel-aceita-tudo-terror-ganha-espaco-na-banda-ocidental\/\",\"name\":\"J\u00e1 que papel aceita tudo, terror ganha espa\u00e7o na banda ocidental - Notibras\",\"isPartOf\":{\"@id\":\"https:\/\/www.notibras.com\/site\/#website\"},\"primaryImageOfPage\":{\"@id\":\"https:\/\/www.notibras.com\/site\/ja-que-papel-aceita-tudo-terror-ganha-espaco-na-banda-ocidental\/#primaryimage\"},\"image\":{\"@id\":\"https:\/\/www.notibras.com\/site\/ja-que-papel-aceita-tudo-terror-ganha-espaco-na-banda-ocidental\/#primaryimage\"},\"thumbnailUrl\":\"https:\/\/www.notibras.com\/site\/wp-content\/uploads\/2015\/02\/ter.jpg\",\"datePublished\":\"2015-02-05T03:53:27+00:00\",\"breadcrumb\":{\"@id\":\"https:\/\/www.notibras.com\/site\/ja-que-papel-aceita-tudo-terror-ganha-espaco-na-banda-ocidental\/#breadcrumb\"},\"inLanguage\":\"pt-BR\",\"potentialAction\":[{\"@type\":\"ReadAction\",\"target\":[\"https:\/\/www.notibras.com\/site\/ja-que-papel-aceita-tudo-terror-ganha-espaco-na-banda-ocidental\/\"]}]},{\"@type\":\"ImageObject\",\"inLanguage\":\"pt-BR\",\"@id\":\"https:\/\/www.notibras.com\/site\/ja-que-papel-aceita-tudo-terror-ganha-espaco-na-banda-ocidental\/#primaryimage\",\"url\":\"https:\/\/www.notibras.com\/site\/wp-content\/uploads\/2015\/02\/ter.jpg\",\"contentUrl\":\"https:\/\/www.notibras.com\/site\/wp-content\/uploads\/2015\/02\/ter.jpg\",\"width\":400,\"height\":300},{\"@type\":\"BreadcrumbList\",\"@id\":\"https:\/\/www.notibras.com\/site\/ja-que-papel-aceita-tudo-terror-ganha-espaco-na-banda-ocidental\/#breadcrumb\",\"itemListElement\":[{\"@type\":\"ListItem\",\"position\":1,\"name\":\"In\u00edcio\",\"item\":\"https:\/\/www.notibras.com\/site\/\"},{\"@type\":\"ListItem\",\"position\":2,\"name\":\"J\u00e1 que papel aceita tudo, terror ganha espa\u00e7o na banda ocidental\"}]},{\"@type\":\"WebSite\",\"@id\":\"https:\/\/www.notibras.com\/site\/#website\",\"url\":\"https:\/\/www.notibras.com\/site\/\",\"name\":\"Notibras\",\"description\":\"Not\u00edcias de Bras\u00edlia, do Brasil e do Mundo\",\"publisher\":{\"@id\":\"https:\/\/www.notibras.com\/site\/#organization\"},\"potentialAction\":[{\"@type\":\"SearchAction\",\"target\":{\"@type\":\"EntryPoint\",\"urlTemplate\":\"https:\/\/www.notibras.com\/site\/?s={search_term_string}\"},\"query-input\":{\"@type\":\"PropertyValueSpecification\",\"valueRequired\":true,\"valueName\":\"search_term_string\"}}],\"inLanguage\":\"pt-BR\"},{\"@type\":\"Organization\",\"@id\":\"https:\/\/www.notibras.com\/site\/#organization\",\"name\":\"Grupo Notibras de Comunica\u00e7\u00e3o\",\"url\":\"https:\/\/www.notibras.com\/site\/\",\"logo\":{\"@type\":\"ImageObject\",\"inLanguage\":\"pt-BR\",\"@id\":\"https:\/\/www.notibras.com\/site\/#\/schema\/logo\/image\/\",\"url\":\"https:\/\/www.notibras.com\/site\/wp-content\/uploads\/2023\/01\/notibras23.png\",\"contentUrl\":\"https:\/\/www.notibras.com\/site\/wp-content\/uploads\/2023\/01\/notibras23.png\",\"width\":350,\"height\":87,\"caption\":\"Grupo Notibras de Comunica\u00e7\u00e3o\"},\"image\":{\"@id\":\"https:\/\/www.notibras.com\/site\/#\/schema\/logo\/image\/\"},\"sameAs\":[\"https:\/\/www.facebook.com\/notibras\/\",\"https:\/\/x.com\/Notibras\",\"https:\/\/www.instagram.com\/notibras\/\"]},{\"@type\":\"Person\",\"@id\":\"https:\/\/www.notibras.com\/site\/#\/schema\/person\/36ab0979449956132d3e5b517ea76ac8\",\"name\":\"Reda\u00e7\u00e3o\",\"image\":{\"@type\":\"ImageObject\",\"inLanguage\":\"pt-BR\",\"@id\":\"https:\/\/secure.gravatar.com\/avatar\/e0a867bdedb85fd243eadf09663511f96fc81e0720a4a42581f334ad4303aa6b?s=96&d=mm&r=g\",\"url\":\"https:\/\/secure.gravatar.com\/avatar\/e0a867bdedb85fd243eadf09663511f96fc81e0720a4a42581f334ad4303aa6b?s=96&d=mm&r=g\",\"contentUrl\":\"https:\/\/secure.gravatar.com\/avatar\/e0a867bdedb85fd243eadf09663511f96fc81e0720a4a42581f334ad4303aa6b?s=96&d=mm&r=g\",\"caption\":\"Reda\u00e7\u00e3o\"}}]}<\/script>\n<!-- \/ Yoast SEO plugin. -->","yoast_head_json":{"title":"J\u00e1 que papel aceita tudo, terror ganha espa\u00e7o na banda ocidental - Notibras","robots":{"index":"index","follow":"follow","max-snippet":"max-snippet:-1","max-image-preview":"max-image-preview:large","max-video-preview":"max-video-preview:-1"},"canonical":"https:\/\/www.notibras.com\/site\/ja-que-papel-aceita-tudo-terror-ganha-espaco-na-banda-ocidental\/","og_locale":"pt_BR","og_type":"article","og_title":"J\u00e1 que papel aceita tudo, terror ganha espa\u00e7o na banda ocidental - Notibras","og_description":"O terror tem seus opositores fraternos. Eles vivem em Paris, lecionam em boas universidades norte-americanas, publicam em nossas melhores editoras. Est\u00e3o por a\u00ed. Diante do horror e da barb\u00e1rie, n\u00e3o perdem a chance de relativizar. \u00a0Foi o que se viu, mais uma vez, no debate que se seguiu ao massacre do Charlie Hebdo, em Paris. [&hellip;]","og_url":"https:\/\/www.notibras.com\/site\/ja-que-papel-aceita-tudo-terror-ganha-espaco-na-banda-ocidental\/","og_site_name":"Notibras","article_publisher":"https:\/\/www.facebook.com\/notibras\/","article_published_time":"2015-02-05T03:53:27+00:00","og_image":[{"width":400,"height":300,"url":"https:\/\/www.notibras.com\/site\/wp-content\/uploads\/2015\/02\/ter.jpg","type":"image\/jpeg"}],"author":"Reda\u00e7\u00e3o","twitter_card":"summary_large_image","twitter_creator":"@Notibras","twitter_site":"@Notibras","twitter_misc":{"Escrito por":"Reda\u00e7\u00e3o","Est. tempo de leitura":"6 minutos"},"schema":{"@context":"https:\/\/schema.org","@graph":[{"@type":"Article","@id":"https:\/\/www.notibras.com\/site\/ja-que-papel-aceita-tudo-terror-ganha-espaco-na-banda-ocidental\/#article","isPartOf":{"@id":"https:\/\/www.notibras.com\/site\/ja-que-papel-aceita-tudo-terror-ganha-espaco-na-banda-ocidental\/"},"author":{"name":"Reda\u00e7\u00e3o","@id":"https:\/\/www.notibras.com\/site\/#\/schema\/person\/36ab0979449956132d3e5b517ea76ac8"},"headline":"J\u00e1 que papel aceita tudo, terror ganha espa\u00e7o na banda ocidental","datePublished":"2015-02-05T03:53:27+00:00","mainEntityOfPage":{"@id":"https:\/\/www.notibras.com\/site\/ja-que-papel-aceita-tudo-terror-ganha-espaco-na-banda-ocidental\/"},"wordCount":1191,"commentCount":0,"publisher":{"@id":"https:\/\/www.notibras.com\/site\/#organization"},"image":{"@id":"https:\/\/www.notibras.com\/site\/ja-que-papel-aceita-tudo-terror-ganha-espaco-na-banda-ocidental\/#primaryimage"},"thumbnailUrl":"https:\/\/www.notibras.com\/site\/wp-content\/uploads\/2015\/02\/ter.jpg","articleSection":["Opina a\u00ed"],"inLanguage":"pt-BR","potentialAction":[{"@type":"CommentAction","name":"Comment","target":["https:\/\/www.notibras.com\/site\/ja-que-papel-aceita-tudo-terror-ganha-espaco-na-banda-ocidental\/#respond"]}]},{"@type":"WebPage","@id":"https:\/\/www.notibras.com\/site\/ja-que-papel-aceita-tudo-terror-ganha-espaco-na-banda-ocidental\/","url":"https:\/\/www.notibras.com\/site\/ja-que-papel-aceita-tudo-terror-ganha-espaco-na-banda-ocidental\/","name":"J\u00e1 que papel aceita tudo, terror ganha espa\u00e7o na banda ocidental - Notibras","isPartOf":{"@id":"https:\/\/www.notibras.com\/site\/#website"},"primaryImageOfPage":{"@id":"https:\/\/www.notibras.com\/site\/ja-que-papel-aceita-tudo-terror-ganha-espaco-na-banda-ocidental\/#primaryimage"},"image":{"@id":"https:\/\/www.notibras.com\/site\/ja-que-papel-aceita-tudo-terror-ganha-espaco-na-banda-ocidental\/#primaryimage"},"thumbnailUrl":"https:\/\/www.notibras.com\/site\/wp-content\/uploads\/2015\/02\/ter.jpg","datePublished":"2015-02-05T03:53:27+00:00","breadcrumb":{"@id":"https:\/\/www.notibras.com\/site\/ja-que-papel-aceita-tudo-terror-ganha-espaco-na-banda-ocidental\/#breadcrumb"},"inLanguage":"pt-BR","potentialAction":[{"@type":"ReadAction","target":["https:\/\/www.notibras.com\/site\/ja-que-papel-aceita-tudo-terror-ganha-espaco-na-banda-ocidental\/"]}]},{"@type":"ImageObject","inLanguage":"pt-BR","@id":"https:\/\/www.notibras.com\/site\/ja-que-papel-aceita-tudo-terror-ganha-espaco-na-banda-ocidental\/#primaryimage","url":"https:\/\/www.notibras.com\/site\/wp-content\/uploads\/2015\/02\/ter.jpg","contentUrl":"https:\/\/www.notibras.com\/site\/wp-content\/uploads\/2015\/02\/ter.jpg","width":400,"height":300},{"@type":"BreadcrumbList","@id":"https:\/\/www.notibras.com\/site\/ja-que-papel-aceita-tudo-terror-ganha-espaco-na-banda-ocidental\/#breadcrumb","itemListElement":[{"@type":"ListItem","position":1,"name":"In\u00edcio","item":"https:\/\/www.notibras.com\/site\/"},{"@type":"ListItem","position":2,"name":"J\u00e1 que papel aceita tudo, terror ganha espa\u00e7o na banda ocidental"}]},{"@type":"WebSite","@id":"https:\/\/www.notibras.com\/site\/#website","url":"https:\/\/www.notibras.com\/site\/","name":"Notibras","description":"Not\u00edcias de Bras\u00edlia, do Brasil e do Mundo","publisher":{"@id":"https:\/\/www.notibras.com\/site\/#organization"},"potentialAction":[{"@type":"SearchAction","target":{"@type":"EntryPoint","urlTemplate":"https:\/\/www.notibras.com\/site\/?s={search_term_string}"},"query-input":{"@type":"PropertyValueSpecification","valueRequired":true,"valueName":"search_term_string"}}],"inLanguage":"pt-BR"},{"@type":"Organization","@id":"https:\/\/www.notibras.com\/site\/#organization","name":"Grupo Notibras de Comunica\u00e7\u00e3o","url":"https:\/\/www.notibras.com\/site\/","logo":{"@type":"ImageObject","inLanguage":"pt-BR","@id":"https:\/\/www.notibras.com\/site\/#\/schema\/logo\/image\/","url":"https:\/\/www.notibras.com\/site\/wp-content\/uploads\/2023\/01\/notibras23.png","contentUrl":"https:\/\/www.notibras.com\/site\/wp-content\/uploads\/2023\/01\/notibras23.png","width":350,"height":87,"caption":"Grupo Notibras de Comunica\u00e7\u00e3o"},"image":{"@id":"https:\/\/www.notibras.com\/site\/#\/schema\/logo\/image\/"},"sameAs":["https:\/\/www.facebook.com\/notibras\/","https:\/\/x.com\/Notibras","https:\/\/www.instagram.com\/notibras\/"]},{"@type":"Person","@id":"https:\/\/www.notibras.com\/site\/#\/schema\/person\/36ab0979449956132d3e5b517ea76ac8","name":"Reda\u00e7\u00e3o","image":{"@type":"ImageObject","inLanguage":"pt-BR","@id":"https:\/\/secure.gravatar.com\/avatar\/e0a867bdedb85fd243eadf09663511f96fc81e0720a4a42581f334ad4303aa6b?s=96&d=mm&r=g","url":"https:\/\/secure.gravatar.com\/avatar\/e0a867bdedb85fd243eadf09663511f96fc81e0720a4a42581f334ad4303aa6b?s=96&d=mm&r=g","contentUrl":"https:\/\/secure.gravatar.com\/avatar\/e0a867bdedb85fd243eadf09663511f96fc81e0720a4a42581f334ad4303aa6b?s=96&d=mm&r=g","caption":"Reda\u00e7\u00e3o"}}]}},"amp_enabled":true,"_links":{"self":[{"href":"https:\/\/www.notibras.com\/site\/wp-json\/wp\/v2\/posts\/36057","targetHints":{"allow":["GET"]}}],"collection":[{"href":"https:\/\/www.notibras.com\/site\/wp-json\/wp\/v2\/posts"}],"about":[{"href":"https:\/\/www.notibras.com\/site\/wp-json\/wp\/v2\/types\/post"}],"author":[{"embeddable":true,"href":"https:\/\/www.notibras.com\/site\/wp-json\/wp\/v2\/users\/2"}],"replies":[{"embeddable":true,"href":"https:\/\/www.notibras.com\/site\/wp-json\/wp\/v2\/comments?post=36057"}],"version-history":[{"count":0,"href":"https:\/\/www.notibras.com\/site\/wp-json\/wp\/v2\/posts\/36057\/revisions"}],"wp:featuredmedia":[{"embeddable":true,"href":"https:\/\/www.notibras.com\/site\/wp-json\/wp\/v2\/media\/36058"}],"wp:attachment":[{"href":"https:\/\/www.notibras.com\/site\/wp-json\/wp\/v2\/media?parent=36057"}],"wp:term":[{"taxonomy":"category","embeddable":true,"href":"https:\/\/www.notibras.com\/site\/wp-json\/wp\/v2\/categories?post=36057"},{"taxonomy":"post_tag","embeddable":true,"href":"https:\/\/www.notibras.com\/site\/wp-json\/wp\/v2\/tags?post=36057"}],"curies":[{"name":"wp","href":"https:\/\/api.w.org\/{rel}","templated":true}]}}