{"id":360626,"date":"2025-08-11T02:00:05","date_gmt":"2025-08-11T05:00:05","guid":{"rendered":"https:\/\/www.notibras.com\/site\/?p=360626"},"modified":"2025-08-10T14:08:13","modified_gmt":"2025-08-10T17:08:13","slug":"arnaldo-e-a-incognita-do-acaso","status":"publish","type":"post","link":"https:\/\/www.notibras.com\/site\/arnaldo-e-a-incognita-do-acaso\/","title":{"rendered":"Arnaldo e a inc\u00f3gnita do acaso"},"content":{"rendered":"<p>Arnaldo n\u00e3o acreditou quando Luciana, justamente a mulher mais atraente da festa, se aproximou. N\u00e3o que ela tivesse demonstrado qualquer interesse nele, se bem que tal hip\u00f3tese n\u00e3o pudesse ser descartada por completo. Mesmo diante da quase total impossibilidade, o homem guardava em seu \u00edntimo inabal\u00e1vel resqu\u00edcio de esperan\u00e7a.<\/p>\n<p>N\u00e3o se sabe o que teria acontecido com Arnaldo, mas ele pareceu se encher de esperan\u00e7a. Talvez um momento de insanidade, quando se imaginou Alain Delon ou Tarc\u00edsio Meira. Seja uma coisa ou nenhuma outra imaginada por este escritor, a verdade, segundo ouvi dizer, \u00e9 que Luciana resvalou o olhar com o do sujeito. Ele precisou segurar o \u00edmpeto de baixar os olhos, a despeito da costumeira falta de coragem.<\/p>\n<p>\u2014 Luciana.<\/p>\n<p>\u2014 O qu\u00ea?<\/p>\n<p>\u2014 Sou a Luciana.<\/p>\n<p>\u2014 Ah, sim! Sou o Arnaldo.<\/p>\n<p>\u2014 Prazer, Arnaldo.<\/p>\n<p>Desacostumado a ser abordado por mulheres, ainda mais uma que certamente seria destaque em qualquer passarela, Armando sentiu o peito dar fortes sobressaltos. N\u00e3o porque estivesse tomado de orgulho da pr\u00f3pria capacidade de atrair tamanha beldade. N\u00e3o. N\u00e3o mesmo! Era simplesmente o cora\u00e7\u00e3o acelerado implorando para que Armando fugisse daquela incongru\u00eancia de destinos.<\/p>\n<p>Os p\u00e9s, impacientes, batiam ligeiramente o piso. N\u00e3o obstante \u00e0 covardia e provavelmente at\u00e9 por conta dela, n\u00e3o foram capazes de fazer com que Armando inven-tasse desculpa qualquer e fosse embora. O gajo sorriu tentando demonstrar naturalidade e segurou a m\u00e3o da mulher.<\/p>\n<p>\u2014 O prazer \u00e9 todo meu. Aceita uma bebida?<\/p>\n<p>Arnaldo n\u00e3o entendeu por que Luciana havia se aproximado. Era n\u00edtido que ele n\u00e3o era o cara de apar\u00eancia mais agrad\u00e1vel naquele ambiente, t\u00e3o cheio de gente que carregada de altivez. Seja como for, deixou-se levar pela incerteza e at\u00e9 chegou a imaginar aqueles l\u00e1bios juntos aos seus. Se isso iria ou n\u00e3o acontecer, resolveu n\u00e3o se desesperar e curtir a noite. Afinal, o desconhecimento entre os dois era rec\u00edproco.<\/p>\n<p>\u2026\u2026\u2026\u2026\u2026\u2026\u2026\u2026<\/p>\n<p><strong>Eduardo Mart\u00ednez \u00e9 autor do livro \u201957 Contos e Cr\u00f4nicas por um Autor Muito Velho\u2019<\/strong><\/p>\n<p><strong>Compre aqui<\/strong>\u00a0<img decoding=\"async\" class=\"emoji\" role=\"img\" draggable=\"false\" src=\"https:\/\/s.w.org\/images\/core\/emoji\/16.0.1\/svg\/1f447-1f3ff.svg\" alt=\"\" \/><\/p>\n<p><a href=\"https:\/\/www.joanineditora.com.br\/57-contos-e-cronicas-por-um-autor-muito-velho\">https:\/\/www.joanineditora.com.br\/57-contos-e-cronicas-por-um-autor-muito-velho<\/a><\/p>\n","protected":false},"excerpt":{"rendered":"<p>Arnaldo n\u00e3o acreditou quando Luciana, justamente a mulher mais atraente da festa, se aproximou. N\u00e3o que ela tivesse demonstrado qualquer interesse nele, se bem que tal hip\u00f3tese n\u00e3o pudesse ser descartada por completo. Mesmo diante da quase total impossibilidade, o homem guardava em seu \u00edntimo inabal\u00e1vel resqu\u00edcio de esperan\u00e7a. N\u00e3o se sabe o que teria [&hellip;]<\/p>\n","protected":false},"author":21,"featured_media":360627,"comment_status":"closed","ping_status":"closed","sticky":false,"template":"","format":"standard","meta":{"_acf_changed":false,"footnotes":""},"categories":[161],"tags":[],"class_list":["post-360626","post","type-post","status-publish","format-standard","has-post-thumbnail","hentry","category-quadradinho-em-foco"],"acf":[],"_links":{"self":[{"href":"https:\/\/www.notibras.com\/site\/wp-json\/wp\/v2\/posts\/360626","targetHints":{"allow":["GET"]}}],"collection":[{"href":"https:\/\/www.notibras.com\/site\/wp-json\/wp\/v2\/posts"}],"about":[{"href":"https:\/\/www.notibras.com\/site\/wp-json\/wp\/v2\/types\/post"}],"author":[{"embeddable":true,"href":"https:\/\/www.notibras.com\/site\/wp-json\/wp\/v2\/users\/21"}],"replies":[{"embeddable":true,"href":"https:\/\/www.notibras.com\/site\/wp-json\/wp\/v2\/comments?post=360626"}],"version-history":[{"count":3,"href":"https:\/\/www.notibras.com\/site\/wp-json\/wp\/v2\/posts\/360626\/revisions"}],"predecessor-version":[{"id":360630,"href":"https:\/\/www.notibras.com\/site\/wp-json\/wp\/v2\/posts\/360626\/revisions\/360630"}],"wp:featuredmedia":[{"embeddable":true,"href":"https:\/\/www.notibras.com\/site\/wp-json\/wp\/v2\/media\/360627"}],"wp:attachment":[{"href":"https:\/\/www.notibras.com\/site\/wp-json\/wp\/v2\/media?parent=360626"}],"wp:term":[{"taxonomy":"category","embeddable":true,"href":"https:\/\/www.notibras.com\/site\/wp-json\/wp\/v2\/categories?post=360626"},{"taxonomy":"post_tag","embeddable":true,"href":"https:\/\/www.notibras.com\/site\/wp-json\/wp\/v2\/tags?post=360626"}],"curies":[{"name":"wp","href":"https:\/\/api.w.org\/{rel}","templated":true}]}}