{"id":36064,"date":"2015-02-05T08:44:16","date_gmt":"2015-02-05T11:44:16","guid":{"rendered":"http:\/\/www.notibras.com\/site\/?p=36064"},"modified":"2015-02-05T08:49:29","modified_gmt":"2015-02-05T11:49:29","slug":"federais-saem-a-caca-de-vaccari-tesoureiro-do-pt","status":"publish","type":"post","link":"https:\/\/www.notibras.com\/site\/federais-saem-a-caca-de-vaccari-tesoureiro-do-pt\/","title":{"rendered":"Federais saem \u00e0 ca\u00e7a de Vaccari, caixa do PT, em nova a\u00e7\u00e3o da Lava Jato"},"content":{"rendered":"<p class=\"text\">A Pol\u00edcia Federal deu in\u00edcio, na manh\u00e3 desta quinta-feira, a uma nova fase da Opera\u00e7\u00e3o Lava Jato, que investiga um esquema de corrup\u00e7\u00e3o na Petrobras. A a\u00e7\u00e3o acontece em quatro estados: S\u00e3o Paulo, Rio de Janeiro, Bahia e Santa Catarina.Um dos procurados \u00e9 Jo deputado o\u00e3o Vaccari Neto, tesoureiro do PT.<\/p>\n<p class=\"text\">Cerca de 200 policiais federais e 25 servidores da Receita Federal cumprem 62 mandados judiciais: um de pris\u00e3o preventiva, tr\u00eas de pris\u00e3o tempor\u00e1ria, 40 de busca e apreens\u00e3o e\u00a018 de condu\u00e7\u00e3o coercitiva &#8211; quando a pessoa \u00e9 levada \u00e0 delegacia para prestar depoimento.<\/p>\n<p class=\"text\">De acordo com a PF, esta fase, que \u00e9 a nona da Lava Jato, resulta da an\u00e1lise de documentos e contratos apreendidos anteriormente. Tamb\u00e9m contribu\u00edram para esta etapa as informa\u00e7\u00f5es oriundas da colabora\u00e7\u00e3o de um investigado, al\u00e9m da den\u00fancia apresentada por uma ex-funcion\u00e1ria de uma das empresas investigadas.<\/p>\n<blockquote>\n<p class=\"text\">Os investigados poder\u00e3o responder pelos crimes de fraude a licita\u00e7\u00e3o, corrup\u00e7\u00e3o ativa, lavagem de dinheiro e associa\u00e7\u00e3o criminosa, conforme suas participa\u00e7\u00f5es individuais.<\/p>\n<\/blockquote>\n<p class=\"text\">Em S\u00e3o Paulo, Rio de Janeiro e Bahia, todos os mandados judiciais est\u00e3o sendo cumpridos nas capitais.<\/p>\n<p class=\"text\">Na capital paulista, s\u00e3o dez mandados de busca e dois de condu\u00e7\u00e3o coercitiva. No Rio, a PF cumpre 12 mandados de busca, oito de condu\u00e7\u00e3o coercitiva e um de pris\u00e3o preventiva. J\u00e1 em Salvador s\u00e3o dois mandados de busca e um de condu\u00e7\u00e3o coercitiva.<\/p>\n<p class=\"text\">Em Santa Catarina, os agentes envolvidos na opera\u00e7\u00e3o cumprem 16 mandados de busca, sete de condu\u00e7\u00e3o coercitiva e tr\u00eas de pris\u00e3o tempor\u00e1ria, nas cidades de Itaja\u00ed, Balne\u00e1rio Cambori\u00fa, Pi\u00e7arras, Navegantes, Penha e Palmitos.<\/p>\n<p class=\"text\">A Lava Jato foi deflagrada no dia 17 de mar\u00e7o de 2014. A opera\u00e7\u00e3o identificou um esquema de corrup\u00e7\u00e3o na Petrobras, envolvendo pagamento de propina a pol\u00edticos e diretores da petroleira que fechavam contratos com executivos de empreiteiras.<\/p>\n","protected":false},"excerpt":{"rendered":"<p>A Pol\u00edcia Federal deu in\u00edcio, na manh\u00e3 desta quinta-feira, a uma nova fase da Opera\u00e7\u00e3o Lava Jato, que investiga um esquema de corrup\u00e7\u00e3o na Petrobras. A a\u00e7\u00e3o acontece em quatro estados: S\u00e3o Paulo, Rio de Janeiro, Bahia e Santa Catarina.Um dos procurados \u00e9 Jo deputado o\u00e3o Vaccari Neto, tesoureiro do PT. Cerca de 200 policiais [&hellip;]<\/p>\n","protected":false},"author":2,"featured_media":36065,"comment_status":"open","ping_status":"closed","sticky":false,"template":"","format":"standard","meta":{"_acf_changed":false,"footnotes":""},"categories":[16],"tags":[],"class_list":["post-36064","post","type-post","status-publish","format-standard","has-post-thumbnail","hentry","category-brasil"],"acf":[],"yoast_head":"<!-- This site is optimized with the Yoast SEO plugin v27.2 - https:\/\/yoast.com\/product\/yoast-seo-wordpress\/ -->\n<title>Federais saem \u00e0 ca\u00e7a de Vaccari, caixa do PT, em nova a\u00e7\u00e3o da Lava Jato - Notibras<\/title>\n<meta name=\"robots\" content=\"index, follow, max-snippet:-1, max-image-preview:large, max-video-preview:-1\" \/>\n<link rel=\"canonical\" href=\"https:\/\/www.notibras.com\/site\/federais-saem-a-caca-de-vaccari-tesoureiro-do-pt\/\" \/>\n<meta property=\"og:locale\" content=\"pt_BR\" \/>\n<meta property=\"og:type\" content=\"article\" \/>\n<meta property=\"og:title\" content=\"Federais saem \u00e0 ca\u00e7a de Vaccari, caixa do PT, em nova a\u00e7\u00e3o da Lava Jato - Notibras\" \/>\n<meta property=\"og:description\" content=\"A Pol\u00edcia Federal deu in\u00edcio, na manh\u00e3 desta quinta-feira, a uma nova fase da Opera\u00e7\u00e3o Lava Jato, que investiga um esquema de corrup\u00e7\u00e3o na Petrobras. A a\u00e7\u00e3o acontece em quatro estados: S\u00e3o Paulo, Rio de Janeiro, Bahia e Santa Catarina.Um dos procurados \u00e9 Jo deputado o\u00e3o Vaccari Neto, tesoureiro do PT. Cerca de 200 policiais [&hellip;]\" \/>\n<meta property=\"og:url\" content=\"https:\/\/www.notibras.com\/site\/federais-saem-a-caca-de-vaccari-tesoureiro-do-pt\/\" \/>\n<meta property=\"og:site_name\" content=\"Notibras\" \/>\n<meta property=\"article:publisher\" content=\"https:\/\/www.facebook.com\/notibras\/\" \/>\n<meta property=\"article:published_time\" content=\"2015-02-05T11:44:16+00:00\" \/>\n<meta property=\"article:modified_time\" content=\"2015-02-05T11:49:29+00:00\" \/>\n<meta property=\"og:image\" content=\"https:\/\/www.notibras.com\/site\/wp-content\/uploads\/2015\/02\/joaovaccarinetoroosewelt-pinheiroabr.jpg\" \/>\n\t<meta property=\"og:image:width\" content=\"460\" \/>\n\t<meta property=\"og:image:height\" content=\"341\" \/>\n\t<meta property=\"og:image:type\" content=\"image\/jpeg\" \/>\n<meta name=\"author\" content=\"Reda\u00e7\u00e3o\" \/>\n<meta name=\"twitter:card\" content=\"summary_large_image\" \/>\n<meta name=\"twitter:creator\" content=\"@Notibras\" \/>\n<meta name=\"twitter:site\" content=\"@Notibras\" \/>\n<meta name=\"twitter:label1\" content=\"Escrito por\" \/>\n\t<meta name=\"twitter:data1\" content=\"Reda\u00e7\u00e3o\" \/>\n\t<meta name=\"twitter:label2\" content=\"Est. tempo de leitura\" \/>\n\t<meta name=\"twitter:data2\" content=\"2 minutos\" \/>\n<script type=\"application\/ld+json\" class=\"yoast-schema-graph\">{\"@context\":\"https:\/\/schema.org\",\"@graph\":[{\"@type\":\"Article\",\"@id\":\"https:\/\/www.notibras.com\/site\/federais-saem-a-caca-de-vaccari-tesoureiro-do-pt\/#article\",\"isPartOf\":{\"@id\":\"https:\/\/www.notibras.com\/site\/federais-saem-a-caca-de-vaccari-tesoureiro-do-pt\/\"},\"author\":{\"name\":\"Reda\u00e7\u00e3o\",\"@id\":\"https:\/\/www.notibras.com\/site\/#\/schema\/person\/36ab0979449956132d3e5b517ea76ac8\"},\"headline\":\"Federais saem \u00e0 ca\u00e7a de Vaccari, caixa do PT, em nova a\u00e7\u00e3o da Lava Jato\",\"datePublished\":\"2015-02-05T11:44:16+00:00\",\"dateModified\":\"2015-02-05T11:49:29+00:00\",\"mainEntityOfPage\":{\"@id\":\"https:\/\/www.notibras.com\/site\/federais-saem-a-caca-de-vaccari-tesoureiro-do-pt\/\"},\"wordCount\":346,\"commentCount\":0,\"publisher\":{\"@id\":\"https:\/\/www.notibras.com\/site\/#organization\"},\"image\":{\"@id\":\"https:\/\/www.notibras.com\/site\/federais-saem-a-caca-de-vaccari-tesoureiro-do-pt\/#primaryimage\"},\"thumbnailUrl\":\"https:\/\/www.notibras.com\/site\/wp-content\/uploads\/2015\/02\/joaovaccarinetoroosewelt-pinheiroabr.jpg\",\"articleSection\":[\"Brasil\"],\"inLanguage\":\"pt-BR\",\"potentialAction\":[{\"@type\":\"CommentAction\",\"name\":\"Comment\",\"target\":[\"https:\/\/www.notibras.com\/site\/federais-saem-a-caca-de-vaccari-tesoureiro-do-pt\/#respond\"]}]},{\"@type\":\"WebPage\",\"@id\":\"https:\/\/www.notibras.com\/site\/federais-saem-a-caca-de-vaccari-tesoureiro-do-pt\/\",\"url\":\"https:\/\/www.notibras.com\/site\/federais-saem-a-caca-de-vaccari-tesoureiro-do-pt\/\",\"name\":\"Federais saem \u00e0 ca\u00e7a de Vaccari, caixa do PT, em nova a\u00e7\u00e3o da Lava Jato - Notibras\",\"isPartOf\":{\"@id\":\"https:\/\/www.notibras.com\/site\/#website\"},\"primaryImageOfPage\":{\"@id\":\"https:\/\/www.notibras.com\/site\/federais-saem-a-caca-de-vaccari-tesoureiro-do-pt\/#primaryimage\"},\"image\":{\"@id\":\"https:\/\/www.notibras.com\/site\/federais-saem-a-caca-de-vaccari-tesoureiro-do-pt\/#primaryimage\"},\"thumbnailUrl\":\"https:\/\/www.notibras.com\/site\/wp-content\/uploads\/2015\/02\/joaovaccarinetoroosewelt-pinheiroabr.jpg\",\"datePublished\":\"2015-02-05T11:44:16+00:00\",\"dateModified\":\"2015-02-05T11:49:29+00:00\",\"breadcrumb\":{\"@id\":\"https:\/\/www.notibras.com\/site\/federais-saem-a-caca-de-vaccari-tesoureiro-do-pt\/#breadcrumb\"},\"inLanguage\":\"pt-BR\",\"potentialAction\":[{\"@type\":\"ReadAction\",\"target\":[\"https:\/\/www.notibras.com\/site\/federais-saem-a-caca-de-vaccari-tesoureiro-do-pt\/\"]}]},{\"@type\":\"ImageObject\",\"inLanguage\":\"pt-BR\",\"@id\":\"https:\/\/www.notibras.com\/site\/federais-saem-a-caca-de-vaccari-tesoureiro-do-pt\/#primaryimage\",\"url\":\"https:\/\/www.notibras.com\/site\/wp-content\/uploads\/2015\/02\/joaovaccarinetoroosewelt-pinheiroabr.jpg\",\"contentUrl\":\"https:\/\/www.notibras.com\/site\/wp-content\/uploads\/2015\/02\/joaovaccarinetoroosewelt-pinheiroabr.jpg\",\"width\":460,\"height\":341},{\"@type\":\"BreadcrumbList\",\"@id\":\"https:\/\/www.notibras.com\/site\/federais-saem-a-caca-de-vaccari-tesoureiro-do-pt\/#breadcrumb\",\"itemListElement\":[{\"@type\":\"ListItem\",\"position\":1,\"name\":\"In\u00edcio\",\"item\":\"https:\/\/www.notibras.com\/site\/\"},{\"@type\":\"ListItem\",\"position\":2,\"name\":\"Federais saem \u00e0 ca\u00e7a de Vaccari, caixa do PT, em nova a\u00e7\u00e3o da Lava Jato\"}]},{\"@type\":\"WebSite\",\"@id\":\"https:\/\/www.notibras.com\/site\/#website\",\"url\":\"https:\/\/www.notibras.com\/site\/\",\"name\":\"Notibras\",\"description\":\"Not\u00edcias de Bras\u00edlia, do Brasil e do Mundo\",\"publisher\":{\"@id\":\"https:\/\/www.notibras.com\/site\/#organization\"},\"potentialAction\":[{\"@type\":\"SearchAction\",\"target\":{\"@type\":\"EntryPoint\",\"urlTemplate\":\"https:\/\/www.notibras.com\/site\/?s={search_term_string}\"},\"query-input\":{\"@type\":\"PropertyValueSpecification\",\"valueRequired\":true,\"valueName\":\"search_term_string\"}}],\"inLanguage\":\"pt-BR\"},{\"@type\":\"Organization\",\"@id\":\"https:\/\/www.notibras.com\/site\/#organization\",\"name\":\"Grupo Notibras de Comunica\u00e7\u00e3o\",\"url\":\"https:\/\/www.notibras.com\/site\/\",\"logo\":{\"@type\":\"ImageObject\",\"inLanguage\":\"pt-BR\",\"@id\":\"https:\/\/www.notibras.com\/site\/#\/schema\/logo\/image\/\",\"url\":\"https:\/\/www.notibras.com\/site\/wp-content\/uploads\/2023\/01\/notibras23.png\",\"contentUrl\":\"https:\/\/www.notibras.com\/site\/wp-content\/uploads\/2023\/01\/notibras23.png\",\"width\":350,\"height\":87,\"caption\":\"Grupo Notibras de Comunica\u00e7\u00e3o\"},\"image\":{\"@id\":\"https:\/\/www.notibras.com\/site\/#\/schema\/logo\/image\/\"},\"sameAs\":[\"https:\/\/www.facebook.com\/notibras\/\",\"https:\/\/x.com\/Notibras\",\"https:\/\/www.instagram.com\/notibras\/\"]},{\"@type\":\"Person\",\"@id\":\"https:\/\/www.notibras.com\/site\/#\/schema\/person\/36ab0979449956132d3e5b517ea76ac8\",\"name\":\"Reda\u00e7\u00e3o\",\"image\":{\"@type\":\"ImageObject\",\"inLanguage\":\"pt-BR\",\"@id\":\"https:\/\/secure.gravatar.com\/avatar\/e0a867bdedb85fd243eadf09663511f96fc81e0720a4a42581f334ad4303aa6b?s=96&d=mm&r=g\",\"url\":\"https:\/\/secure.gravatar.com\/avatar\/e0a867bdedb85fd243eadf09663511f96fc81e0720a4a42581f334ad4303aa6b?s=96&d=mm&r=g\",\"contentUrl\":\"https:\/\/secure.gravatar.com\/avatar\/e0a867bdedb85fd243eadf09663511f96fc81e0720a4a42581f334ad4303aa6b?s=96&d=mm&r=g\",\"caption\":\"Reda\u00e7\u00e3o\"}}]}<\/script>\n<!-- \/ Yoast SEO plugin. -->","yoast_head_json":{"title":"Federais saem \u00e0 ca\u00e7a de Vaccari, caixa do PT, em nova a\u00e7\u00e3o da Lava Jato - Notibras","robots":{"index":"index","follow":"follow","max-snippet":"max-snippet:-1","max-image-preview":"max-image-preview:large","max-video-preview":"max-video-preview:-1"},"canonical":"https:\/\/www.notibras.com\/site\/federais-saem-a-caca-de-vaccari-tesoureiro-do-pt\/","og_locale":"pt_BR","og_type":"article","og_title":"Federais saem \u00e0 ca\u00e7a de Vaccari, caixa do PT, em nova a\u00e7\u00e3o da Lava Jato - Notibras","og_description":"A Pol\u00edcia Federal deu in\u00edcio, na manh\u00e3 desta quinta-feira, a uma nova fase da Opera\u00e7\u00e3o Lava Jato, que investiga um esquema de corrup\u00e7\u00e3o na Petrobras. A a\u00e7\u00e3o acontece em quatro estados: S\u00e3o Paulo, Rio de Janeiro, Bahia e Santa Catarina.Um dos procurados \u00e9 Jo deputado o\u00e3o Vaccari Neto, tesoureiro do PT. Cerca de 200 policiais [&hellip;]","og_url":"https:\/\/www.notibras.com\/site\/federais-saem-a-caca-de-vaccari-tesoureiro-do-pt\/","og_site_name":"Notibras","article_publisher":"https:\/\/www.facebook.com\/notibras\/","article_published_time":"2015-02-05T11:44:16+00:00","article_modified_time":"2015-02-05T11:49:29+00:00","og_image":[{"width":460,"height":341,"url":"https:\/\/www.notibras.com\/site\/wp-content\/uploads\/2015\/02\/joaovaccarinetoroosewelt-pinheiroabr.jpg","type":"image\/jpeg"}],"author":"Reda\u00e7\u00e3o","twitter_card":"summary_large_image","twitter_creator":"@Notibras","twitter_site":"@Notibras","twitter_misc":{"Escrito por":"Reda\u00e7\u00e3o","Est. tempo de leitura":"2 minutos"},"schema":{"@context":"https:\/\/schema.org","@graph":[{"@type":"Article","@id":"https:\/\/www.notibras.com\/site\/federais-saem-a-caca-de-vaccari-tesoureiro-do-pt\/#article","isPartOf":{"@id":"https:\/\/www.notibras.com\/site\/federais-saem-a-caca-de-vaccari-tesoureiro-do-pt\/"},"author":{"name":"Reda\u00e7\u00e3o","@id":"https:\/\/www.notibras.com\/site\/#\/schema\/person\/36ab0979449956132d3e5b517ea76ac8"},"headline":"Federais saem \u00e0 ca\u00e7a de Vaccari, caixa do PT, em nova a\u00e7\u00e3o da Lava Jato","datePublished":"2015-02-05T11:44:16+00:00","dateModified":"2015-02-05T11:49:29+00:00","mainEntityOfPage":{"@id":"https:\/\/www.notibras.com\/site\/federais-saem-a-caca-de-vaccari-tesoureiro-do-pt\/"},"wordCount":346,"commentCount":0,"publisher":{"@id":"https:\/\/www.notibras.com\/site\/#organization"},"image":{"@id":"https:\/\/www.notibras.com\/site\/federais-saem-a-caca-de-vaccari-tesoureiro-do-pt\/#primaryimage"},"thumbnailUrl":"https:\/\/www.notibras.com\/site\/wp-content\/uploads\/2015\/02\/joaovaccarinetoroosewelt-pinheiroabr.jpg","articleSection":["Brasil"],"inLanguage":"pt-BR","potentialAction":[{"@type":"CommentAction","name":"Comment","target":["https:\/\/www.notibras.com\/site\/federais-saem-a-caca-de-vaccari-tesoureiro-do-pt\/#respond"]}]},{"@type":"WebPage","@id":"https:\/\/www.notibras.com\/site\/federais-saem-a-caca-de-vaccari-tesoureiro-do-pt\/","url":"https:\/\/www.notibras.com\/site\/federais-saem-a-caca-de-vaccari-tesoureiro-do-pt\/","name":"Federais saem \u00e0 ca\u00e7a de Vaccari, caixa do PT, em nova a\u00e7\u00e3o da Lava Jato - Notibras","isPartOf":{"@id":"https:\/\/www.notibras.com\/site\/#website"},"primaryImageOfPage":{"@id":"https:\/\/www.notibras.com\/site\/federais-saem-a-caca-de-vaccari-tesoureiro-do-pt\/#primaryimage"},"image":{"@id":"https:\/\/www.notibras.com\/site\/federais-saem-a-caca-de-vaccari-tesoureiro-do-pt\/#primaryimage"},"thumbnailUrl":"https:\/\/www.notibras.com\/site\/wp-content\/uploads\/2015\/02\/joaovaccarinetoroosewelt-pinheiroabr.jpg","datePublished":"2015-02-05T11:44:16+00:00","dateModified":"2015-02-05T11:49:29+00:00","breadcrumb":{"@id":"https:\/\/www.notibras.com\/site\/federais-saem-a-caca-de-vaccari-tesoureiro-do-pt\/#breadcrumb"},"inLanguage":"pt-BR","potentialAction":[{"@type":"ReadAction","target":["https:\/\/www.notibras.com\/site\/federais-saem-a-caca-de-vaccari-tesoureiro-do-pt\/"]}]},{"@type":"ImageObject","inLanguage":"pt-BR","@id":"https:\/\/www.notibras.com\/site\/federais-saem-a-caca-de-vaccari-tesoureiro-do-pt\/#primaryimage","url":"https:\/\/www.notibras.com\/site\/wp-content\/uploads\/2015\/02\/joaovaccarinetoroosewelt-pinheiroabr.jpg","contentUrl":"https:\/\/www.notibras.com\/site\/wp-content\/uploads\/2015\/02\/joaovaccarinetoroosewelt-pinheiroabr.jpg","width":460,"height":341},{"@type":"BreadcrumbList","@id":"https:\/\/www.notibras.com\/site\/federais-saem-a-caca-de-vaccari-tesoureiro-do-pt\/#breadcrumb","itemListElement":[{"@type":"ListItem","position":1,"name":"In\u00edcio","item":"https:\/\/www.notibras.com\/site\/"},{"@type":"ListItem","position":2,"name":"Federais saem \u00e0 ca\u00e7a de Vaccari, caixa do PT, em nova a\u00e7\u00e3o da Lava Jato"}]},{"@type":"WebSite","@id":"https:\/\/www.notibras.com\/site\/#website","url":"https:\/\/www.notibras.com\/site\/","name":"Notibras","description":"Not\u00edcias de Bras\u00edlia, do Brasil e do Mundo","publisher":{"@id":"https:\/\/www.notibras.com\/site\/#organization"},"potentialAction":[{"@type":"SearchAction","target":{"@type":"EntryPoint","urlTemplate":"https:\/\/www.notibras.com\/site\/?s={search_term_string}"},"query-input":{"@type":"PropertyValueSpecification","valueRequired":true,"valueName":"search_term_string"}}],"inLanguage":"pt-BR"},{"@type":"Organization","@id":"https:\/\/www.notibras.com\/site\/#organization","name":"Grupo Notibras de Comunica\u00e7\u00e3o","url":"https:\/\/www.notibras.com\/site\/","logo":{"@type":"ImageObject","inLanguage":"pt-BR","@id":"https:\/\/www.notibras.com\/site\/#\/schema\/logo\/image\/","url":"https:\/\/www.notibras.com\/site\/wp-content\/uploads\/2023\/01\/notibras23.png","contentUrl":"https:\/\/www.notibras.com\/site\/wp-content\/uploads\/2023\/01\/notibras23.png","width":350,"height":87,"caption":"Grupo Notibras de Comunica\u00e7\u00e3o"},"image":{"@id":"https:\/\/www.notibras.com\/site\/#\/schema\/logo\/image\/"},"sameAs":["https:\/\/www.facebook.com\/notibras\/","https:\/\/x.com\/Notibras","https:\/\/www.instagram.com\/notibras\/"]},{"@type":"Person","@id":"https:\/\/www.notibras.com\/site\/#\/schema\/person\/36ab0979449956132d3e5b517ea76ac8","name":"Reda\u00e7\u00e3o","image":{"@type":"ImageObject","inLanguage":"pt-BR","@id":"https:\/\/secure.gravatar.com\/avatar\/e0a867bdedb85fd243eadf09663511f96fc81e0720a4a42581f334ad4303aa6b?s=96&d=mm&r=g","url":"https:\/\/secure.gravatar.com\/avatar\/e0a867bdedb85fd243eadf09663511f96fc81e0720a4a42581f334ad4303aa6b?s=96&d=mm&r=g","contentUrl":"https:\/\/secure.gravatar.com\/avatar\/e0a867bdedb85fd243eadf09663511f96fc81e0720a4a42581f334ad4303aa6b?s=96&d=mm&r=g","caption":"Reda\u00e7\u00e3o"}}]}},"amp_enabled":true,"_links":{"self":[{"href":"https:\/\/www.notibras.com\/site\/wp-json\/wp\/v2\/posts\/36064","targetHints":{"allow":["GET"]}}],"collection":[{"href":"https:\/\/www.notibras.com\/site\/wp-json\/wp\/v2\/posts"}],"about":[{"href":"https:\/\/www.notibras.com\/site\/wp-json\/wp\/v2\/types\/post"}],"author":[{"embeddable":true,"href":"https:\/\/www.notibras.com\/site\/wp-json\/wp\/v2\/users\/2"}],"replies":[{"embeddable":true,"href":"https:\/\/www.notibras.com\/site\/wp-json\/wp\/v2\/comments?post=36064"}],"version-history":[{"count":0,"href":"https:\/\/www.notibras.com\/site\/wp-json\/wp\/v2\/posts\/36064\/revisions"}],"wp:featuredmedia":[{"embeddable":true,"href":"https:\/\/www.notibras.com\/site\/wp-json\/wp\/v2\/media\/36065"}],"wp:attachment":[{"href":"https:\/\/www.notibras.com\/site\/wp-json\/wp\/v2\/media?parent=36064"}],"wp:term":[{"taxonomy":"category","embeddable":true,"href":"https:\/\/www.notibras.com\/site\/wp-json\/wp\/v2\/categories?post=36064"},{"taxonomy":"post_tag","embeddable":true,"href":"https:\/\/www.notibras.com\/site\/wp-json\/wp\/v2\/tags?post=36064"}],"curies":[{"name":"wp","href":"https:\/\/api.w.org\/{rel}","templated":true}]}}