{"id":360650,"date":"2025-08-12T02:00:21","date_gmt":"2025-08-12T05:00:21","guid":{"rendered":"https:\/\/www.notibras.com\/site\/?p=360650"},"modified":"2025-08-10T20:09:58","modified_gmt":"2025-08-10T23:09:58","slug":"a-costumeira-urbanidade-de-tio-jorge","status":"publish","type":"post","link":"https:\/\/www.notibras.com\/site\/a-costumeira-urbanidade-de-tio-jorge\/","title":{"rendered":"A costumeira urbanidade de tio Jorge"},"content":{"rendered":"<p>Festa de fam\u00edlia \u00e9 algo que invariavelmente me estressa. N\u00e3o que eu seja totalmente avessa a tais eventos, mas, caso possa evit\u00e1-los, n\u00e3o fa\u00e7o a menor cerim\u00f4nia, ainda mais quando acontecem na casa de algum dos meus parentes.<\/p>\n<p>\u2014 Jos\u00e9, voc\u00ea n\u00e3o queria passar o domingo com os seus pais? Sua m\u00e3e me disse que iria fazer aquela macarronada que a gente adora.<\/p>\n<p>\u2014 Marg\u00f4, minha flor, mas eu prometi pra sua tia que ir\u00edamos.<\/p>\n<p>A tia em quest\u00e3o \u00e9 a Solange, irm\u00e3 favorita de papai. Eu at\u00e9 gosto dela. O problema \u00e9 o marido, tio Jorge. Sabe aquele ser inconveniente at\u00e9 em missa de s\u00e9timo dia? Pois \u00e9 assim que ele \u00e9.<\/p>\n<p>E l\u00e1 est\u00e1vamos todos tristonhos assistindo ao padre Carlos, quando tio Jorge soltou essa:<\/p>\n<p>\u2014 Estranho, n\u00e9, Marg\u00f4?<\/p>\n<p>\u2014 O que \u00e9 estranho, tio?<\/p>\n<p>\u2014 Essa descompostura.<\/p>\n<p>\u2014 Do que o senhor t\u00e1 falando?<\/p>\n<p>\u2014 Ele nem veio?<\/p>\n<p>\u2014 Ele quem, tio?<\/p>\n<p>\u2014 O Mauro.<\/p>\n<p>E caiu na gargalhada. Para voc\u00ea que n\u00e3o est\u00e1 entendendo, Mauro era outro tio, que havia partido desta para melhor h\u00e1 exatos sete dias. Vendo por esse \u00e2ngulo, imagino que o finado esteja mesmo em um ambiente mais agrad\u00e1vel.<\/p>\n<p>Mas a \u00faltima mesmo do tio Jorge aconteceu ontem, quando meu marido insistiu para que f\u00f4ssemos almo\u00e7ar na casa da tia Solange. Uma santa, por sinal, pois para aturar o esposo&#8230; Ah, haja est\u00f4mago!<\/p>\n<p>Logo ap\u00f3s o almo\u00e7o, est\u00e1vamos sentados na ampla varanda, quando tio Jorge, com sua costumeira urbanidade, come\u00e7ou a puxar conversa comigo. Educada que sou, n\u00e3o quis causar imbr\u00f3glios desnecess\u00e1rios.<\/p>\n<p>\u2014 E a\u00ed, Marg\u00f4, quais as novidades?<\/p>\n<p>\u2014 Ih, tio, n\u00e3o tem novidade, n\u00e3o.<\/p>\n<p>\u2014 E o seu marido ainda t\u00e1 pisando duro?<\/p>\n<p>Olhei para meu tio com \u00f3dio e respondi:<\/p>\n<p>\u2014 O senhor t\u00e1 variando ou t\u00e1 caducando?<\/p>\n<p>Em seguida, me levantei, dei dois beijos no rosto de tia Solange, olhei para meu marido e fui firme:<\/p>\n<p>\u2014 Jos\u00e9, j\u00e1 t\u00e1 na hora de irmos embora.<\/p>\n<p>E fomos!<\/p>\n<p>\u2026\u2026\u2026\u2026\u2026\u2026\u2026\u2026<\/p>\n<p><strong>Eduardo Mart\u00ednez \u00e9 autor do livro \u201957 Contos e Cr\u00f4nicas por um Autor Muito Velho\u2019<\/strong><\/p>\n<p><strong>Compre aqui<\/strong>\u00a0<img decoding=\"async\" class=\"emoji\" role=\"img\" draggable=\"false\" src=\"https:\/\/s.w.org\/images\/core\/emoji\/16.0.1\/svg\/1f447-1f3ff.svg\" alt=\"\" \/><\/p>\n<p><a href=\"https:\/\/www.joanineditora.com.br\/57-contos-e-cronicas-por-um-autor-muito-velho\">https:\/\/www.joanineditora.com.br\/57-contos-e-cronicas-por-um-autor-muito-velho<\/a><\/p>\n","protected":false},"excerpt":{"rendered":"<p>Festa de fam\u00edlia \u00e9 algo que invariavelmente me estressa. N\u00e3o que eu seja totalmente avessa a tais eventos, mas, caso possa evit\u00e1-los, n\u00e3o fa\u00e7o a menor cerim\u00f4nia, ainda mais quando acontecem na casa de algum dos meus parentes. \u2014 Jos\u00e9, voc\u00ea n\u00e3o queria passar o domingo com os seus pais? Sua m\u00e3e me disse que [&hellip;]<\/p>\n","protected":false},"author":21,"featured_media":360652,"comment_status":"closed","ping_status":"closed","sticky":false,"template":"","format":"standard","meta":{"_acf_changed":false,"footnotes":""},"categories":[161],"tags":[],"class_list":["post-360650","post","type-post","status-publish","format-standard","has-post-thumbnail","hentry","category-quadradinho-em-foco"],"acf":[],"_links":{"self":[{"href":"https:\/\/www.notibras.com\/site\/wp-json\/wp\/v2\/posts\/360650","targetHints":{"allow":["GET"]}}],"collection":[{"href":"https:\/\/www.notibras.com\/site\/wp-json\/wp\/v2\/posts"}],"about":[{"href":"https:\/\/www.notibras.com\/site\/wp-json\/wp\/v2\/types\/post"}],"author":[{"embeddable":true,"href":"https:\/\/www.notibras.com\/site\/wp-json\/wp\/v2\/users\/21"}],"replies":[{"embeddable":true,"href":"https:\/\/www.notibras.com\/site\/wp-json\/wp\/v2\/comments?post=360650"}],"version-history":[{"count":3,"href":"https:\/\/www.notibras.com\/site\/wp-json\/wp\/v2\/posts\/360650\/revisions"}],"predecessor-version":[{"id":360654,"href":"https:\/\/www.notibras.com\/site\/wp-json\/wp\/v2\/posts\/360650\/revisions\/360654"}],"wp:featuredmedia":[{"embeddable":true,"href":"https:\/\/www.notibras.com\/site\/wp-json\/wp\/v2\/media\/360652"}],"wp:attachment":[{"href":"https:\/\/www.notibras.com\/site\/wp-json\/wp\/v2\/media?parent=360650"}],"wp:term":[{"taxonomy":"category","embeddable":true,"href":"https:\/\/www.notibras.com\/site\/wp-json\/wp\/v2\/categories?post=360650"},{"taxonomy":"post_tag","embeddable":true,"href":"https:\/\/www.notibras.com\/site\/wp-json\/wp\/v2\/tags?post=360650"}],"curies":[{"name":"wp","href":"https:\/\/api.w.org\/{rel}","templated":true}]}}