{"id":360713,"date":"2025-08-11T00:00:45","date_gmt":"2025-08-11T03:00:45","guid":{"rendered":"https:\/\/www.notibras.com\/site\/?p=360713"},"modified":"2025-08-11T08:55:26","modified_gmt":"2025-08-11T11:55:26","slug":"viveiros-da-novacap-produzem-mais-de-14-milhao-de-mudas-de-arvores","status":"publish","type":"post","link":"https:\/\/www.notibras.com\/site\/viveiros-da-novacap-produzem-mais-de-14-milhao-de-mudas-de-arvores\/","title":{"rendered":"Viveiros da Novacap produzem mais de 1,4 milh\u00e3o de mudas de \u00e1rvores"},"content":{"rendered":"<p>Os viveiros da Companhia Urbanizadora da Nova Capital (Novacap) s\u00e3o respons\u00e1veis por cultivar as \u00e1rvores, flores e arbustos que enfeitam Bras\u00edlia desde sua inaugura\u00e7\u00e3o, em 1960. De l\u00e1 para c\u00e1, o servi\u00e7o tem sido bem-feito: a capital do pa\u00eds \u00e9 conhecida como cidade-parque e re\u00fane mais de 5,5 milh\u00f5es de \u00e1rvores, conforme dados da pr\u00f3pria empresa p\u00fablica. Em 2024, foram produzidas e distribu\u00eddas 2.960.640 mudas de diferentes tipos de vegeta\u00e7\u00e3o. At\u00e9 junho deste ano, 1.461.437 unidades foram cultivadas em 583 canteiros.<\/p>\n<p>O plantio das flores \u00e9 semanal, conforme a necessidade de cada ponto. As ornamenta\u00e7\u00f5es s\u00e3o divididas entre tempor\u00e1rias, que duram de quatro a seis meses, e perenes, que permanecem nos canteiros por maior per\u00edodo de tempo. Entre as flores tempor\u00e1rias, est\u00e3o s\u00e1lvias vermelhas e azuis, z\u00ednias, cravos, pet\u00fanias; e as perenes s\u00e3o l\u00edrios, sampatios, iresines e moreias. \u201cPor semana, plantamos de 50 mil a 100 mil mudas de flores em todo o DF\u201d, destaca a chefe dos viveiros, Jana\u00edna Gonzal\u00e9s.<\/p>\n<p>Segundo ela, as esp\u00e9cies s\u00e3o selecionadas conforme o clima de cada esta\u00e7\u00e3o. \u201cDurante a seca, temos pet\u00fania, flocos, \u00e1lisso roxo e \u00e1lisso branco, que se adaptam melhor e resistem bastante. Quando come\u00e7a o per\u00edodo chuvoso, trocamos por esp\u00e9cies como z\u00ednia e cravo, que podem ser usadas o ano inteiro. A ideia \u00e9 sempre ter um canteiro florido e colorido\u201d, descreve a chefe dos viveiros.<\/p>\n<p>J\u00e1 o cultivo das \u00e1rvores segue o programa anual de arboriza\u00e7\u00e3o. As plantas s\u00e3o introduzidas em pontos mapeados previamente pela Novacap, sempre no per\u00edodo chuvoso, entre outubro e mar\u00e7o, para que a planta crie ra\u00edzes antes da estiagem. O Quadradinho conta com cerca de 200 esp\u00e9cies, entre nativas do Cerrado e ex\u00f3ticas, categorizadas entre floridas, frut\u00edferas e que geram sombra.<\/p>\n<p>As caracter\u00edsticas das esp\u00e9cies s\u00e3o analisadas antes do plantio, para garantir a seguran\u00e7a da popula\u00e7\u00e3o. \u201cN\u00e3o podemos plantar uma \u00e1rvore que produz fruto perto de cal\u00e7adas, porque vai tornar o ch\u00e3o escorregadio e representar risco para os pedestres. Da mesma forma, em estacionamentos, porque, no caso de frutos grandes, podem cair em cima dos carros ou acabar manchando os ve\u00edculos. O ideal em estacionamentos s\u00e3o \u00e1rvores de folha perene, que produzem poucos frutos e t\u00eam flores pequenas\u201d, exemplifica.<\/p>\n<p><strong>Onde as sementes brotam<\/strong><br \/>\nLocalizado no Park Way, o primeiro viveiro da Novacap foi fundado na d\u00e9cada de 1960 e \u00e9 respons\u00e1vel pela produ\u00e7\u00e3o de flores, arbustos, palm\u00e1ceas, herb\u00e1ceas e folhagens. A estrutura passou por uma reforma completa em 2023, com investimento de R$ 3,4 milh\u00f5es, que incluiu pavimenta\u00e7\u00e3o de acessos, constru\u00e7\u00e3o de cal\u00e7adas e reestrutura\u00e7\u00e3o das estufas. O outro viveiro, no Setor de Oficinas Norte, foi inaugurado em 1971 para o cultivo de \u00e1rvores. Ambos comp\u00f5em o Departamento de Parques e Jardins (DPJ) da Novacap.<\/p>\n<p>Todo o trabalho de produ\u00e7\u00e3o das mudas \u00e9 feito nesses dois espa\u00e7os, que contam com \u00e1reas de produ\u00e7\u00e3o, preserva\u00e7\u00e3o, salas administrativas, entre outras depend\u00eancias. O efetivo \u00e9 composto por 53 empregados p\u00fablicos, 15 estagi\u00e1rios de t\u00e9cnica em agropecu\u00e1ria e agronomia e 120 reeducandas da a Funda\u00e7\u00e3o de Amparo ao Trabalhador Preso (Funap). A Novacap promove o projeto de ressocializa\u00e7\u00e3o desde 2017, por meio de conv\u00eanio.<\/p>\n<p>As reeducandas s\u00e3o parte essencial na produ\u00e7\u00e3o das mudas, principalmente de flores. H\u00e1 quatro anos trabalhando no Viveiro I, a reeducanda Maria Almeida (nome fict\u00edcio), 39 anos, conta que encontrou conforto nas atividades. \u201cHoje eu mexo com substrato, encho as caixas e planto as sementes. \u00c9 uma coisa de que aprendi a gostar cada dia que passa. \u00c0s vezes, chego estressada, mas s\u00f3 de entrar aqui, o estresse vai embora. O nosso dia a dia \u00e9 correria: levamos as caixas, plantamos, cuidamos da horta, tudo com amor e carinho\u201d, compartilha.<\/p>\n<p>A mesma fun\u00e7\u00e3o \u00e9 exercida pela reeducanda Luciana Santos (nome fict\u00edcio), 33, que conquistou a vaga h\u00e1 dois meses. \u201cPrimeiro, a gente semeia tudo bonitinho. Quando as mudas brotam, transferimos de uma caixa para outra para elas crescerem e assim vai, mudando de caixa para caixa, at\u00e9 chegar nos vasinhos e a planta ficar grandona\u201d, explica ela, que acrescenta que o contato di\u00e1rio com a terra funciona como uma terapia. \u201cTem hora que a gente at\u00e9 conversa com as plantas. Nos ajuda muito mesmo, sa\u00edmos diferentes\u201d.<br \/>\nAten\u00e7\u00e3o<\/p>\n<p>O plantio de \u00e1rvores em \u00e1rea p\u00fablica deve ser autorizado pelo Departamento de Parques e Jardins e orientado por equipes t\u00e9cnicas da Novacap, para evitar preju\u00edzos estruturais e at\u00e9 acidentes. O servi\u00e7o pode ser solicitado pelo Portal Participa-DF.<\/p>\n","protected":false},"excerpt":{"rendered":"<p>Os viveiros da Companhia Urbanizadora da Nova Capital (Novacap) s\u00e3o respons\u00e1veis por cultivar as \u00e1rvores, flores e arbustos que enfeitam Bras\u00edlia desde sua inaugura\u00e7\u00e3o, em 1960. De l\u00e1 para c\u00e1, o servi\u00e7o tem sido bem-feito: a capital do pa\u00eds \u00e9 conhecida como cidade-parque e re\u00fane mais de 5,5 milh\u00f5es de \u00e1rvores, conforme dados da pr\u00f3pria [&hellip;]<\/p>\n","protected":false},"author":2,"featured_media":360714,"comment_status":"closed","ping_status":"closed","sticky":false,"template":"","format":"standard","meta":{"_acf_changed":false,"footnotes":""},"categories":[161],"tags":[],"class_list":["post-360713","post","type-post","status-publish","format-standard","has-post-thumbnail","hentry","category-quadradinho-em-foco"],"acf":[],"_links":{"self":[{"href":"https:\/\/www.notibras.com\/site\/wp-json\/wp\/v2\/posts\/360713","targetHints":{"allow":["GET"]}}],"collection":[{"href":"https:\/\/www.notibras.com\/site\/wp-json\/wp\/v2\/posts"}],"about":[{"href":"https:\/\/www.notibras.com\/site\/wp-json\/wp\/v2\/types\/post"}],"author":[{"embeddable":true,"href":"https:\/\/www.notibras.com\/site\/wp-json\/wp\/v2\/users\/2"}],"replies":[{"embeddable":true,"href":"https:\/\/www.notibras.com\/site\/wp-json\/wp\/v2\/comments?post=360713"}],"version-history":[{"count":1,"href":"https:\/\/www.notibras.com\/site\/wp-json\/wp\/v2\/posts\/360713\/revisions"}],"predecessor-version":[{"id":360715,"href":"https:\/\/www.notibras.com\/site\/wp-json\/wp\/v2\/posts\/360713\/revisions\/360715"}],"wp:featuredmedia":[{"embeddable":true,"href":"https:\/\/www.notibras.com\/site\/wp-json\/wp\/v2\/media\/360714"}],"wp:attachment":[{"href":"https:\/\/www.notibras.com\/site\/wp-json\/wp\/v2\/media?parent=360713"}],"wp:term":[{"taxonomy":"category","embeddable":true,"href":"https:\/\/www.notibras.com\/site\/wp-json\/wp\/v2\/categories?post=360713"},{"taxonomy":"post_tag","embeddable":true,"href":"https:\/\/www.notibras.com\/site\/wp-json\/wp\/v2\/tags?post=360713"}],"curies":[{"name":"wp","href":"https:\/\/api.w.org\/{rel}","templated":true}]}}