{"id":360733,"date":"2025-08-13T02:00:41","date_gmt":"2025-08-13T05:00:41","guid":{"rendered":"https:\/\/www.notibras.com\/site\/?p=360733"},"modified":"2025-08-11T11:32:03","modified_gmt":"2025-08-11T14:32:03","slug":"e-e-assim-que-e-a-vida","status":"publish","type":"post","link":"https:\/\/www.notibras.com\/site\/e-e-assim-que-e-a-vida\/","title":{"rendered":"E \u00e9 assim que \u00e9 a vida"},"content":{"rendered":"<p>N\u00e3o que Patr\u00edcia tenha se afastado de amigos e parentes. Quer dizer, ela passou a v\u00ea-los com menos frequ\u00eancia, mas isso era algo que sempre esteve presente no seu \u00edntimo, como se j\u00e1 soubesse que todo ser humano, al\u00e9m de humano, \u00e9 um ser solit\u00e1rio. \u00c9 verdade que h\u00e1 aqueles que cismam em aparentar felicidade quando em bando, mesmo que, inconscientemente, saibam que n\u00e3o passam de meros atores med\u00edocres.<\/p>\n<p>\u2014 Eu te amo, Patr\u00edcia! Voc\u00ea \u00e9 a minha vida!<\/p>\n<p>A mulher, diante do namorado, o observava enquanto a mente divagava por assuntos mais interessantes. Ela possu\u00eda sentimentos em rela\u00e7\u00e3o \u00e0quele homem, que lhe proporcionava momentos divertidos. Todavia, a frase &#8220;voc\u00ea \u00e9 a minha vida&#8217;, ainda mais dita com tamanha \u00eanfase, lhe pareceu pat\u00e9tica.<\/p>\n<p>\u2014 N\u00e3o vai dizer nada? Voc\u00ea n\u00e3o me ama, n\u00e9, Patr\u00edcia?<\/p>\n<p>Queria ficar muda, mas foi obrigada a dizer algo, que talvez magoasse o sujeito. Por outro lado, n\u00e3o queria ser desonesta consigo. Sorriu consternada e o abra\u00e7ou.<\/p>\n<p>\u2014 Est\u00e1 tudo bem, Fernando.<\/p>\n<p>Eles se conheceram no \u00faltimo semestre da faculdade de letras. Fernando, apaixonado por Casimiro de Abreu, parecia viver os versos do poeta a cada instante. J\u00e1 a mulher preferia a realidade ir\u00f4nica de Machado de Assis. E n\u00e3o se sabe ao certo se esse contraste os aproximou ou, ent\u00e3o, foi por mero acaso. N\u00e3o se pode descartar por completo, entretanto, que Patr\u00edcia tenha sentido curiosidade de saber qual seria a sensa\u00e7\u00e3o de tocar os l\u00e1bios daquele rapaz de belas m\u00e3os, cujos dedos levaram-na a crer que seriam de um habilidoso pianista.<\/p>\n<p>O primeiro encontro aconteceu dois ou tr\u00eas semanas ap\u00f3s. Gra\u00e7as \u00e0 iniciativa dela, \u00e9 bom dizer. Fernando, t\u00e3o rom\u00e2ntico, imaginava uma s\u00e9rie de cortejos, como se pav\u00e3o fosse, antes de convid\u00e1-la. E, apesar do susto, n\u00e3o viu motivo para reclama\u00e7\u00f5es.<\/p>\n<p>Quase um ano ap\u00f3s o primeiro beijo, l\u00e1 estava o casal abra\u00e7ado. Fernando solu\u00e7ava, enquanto Patr\u00edcia passava os dedos nos cabelos quase loiros do rapaz.<\/p>\n<p>\u2014 Calma, Fernando, vai ficar tudo bem.<\/p>\n<p>Afinal, todo mundo quer ser o \u00faltimo biscoito do pacote de algu\u00e9m. Mas isso fica s\u00f3 no querer. E \u00e9 assim que as coisas s\u00e3o.<\/p>\n<p>\u2026\u2026\u2026\u2026\u2026\u2026\u2026\u2026<\/p>\n<p><strong>Eduardo Mart\u00ednez \u00e9 autor do livro \u201957 Contos e Cr\u00f4nicas por um Autor Muito Velho\u2019<\/strong><\/p>\n<p><strong>Compre aqui<\/strong>\u00a0<img decoding=\"async\" class=\"emoji\" role=\"img\" draggable=\"false\" src=\"https:\/\/s.w.org\/images\/core\/emoji\/16.0.1\/svg\/1f447-1f3ff.svg\" alt=\"\" \/><\/p>\n<p><a href=\"https:\/\/www.joanineditora.com.br\/57-contos-e-cronicas-por-um-autor-muito-velho\">https:\/\/www.joanineditora.com.br\/57-contos-e-cronicas-por-um-autor-muito-velho<\/a><\/p>\n","protected":false},"excerpt":{"rendered":"<p>N\u00e3o que Patr\u00edcia tenha se afastado de amigos e parentes. Quer dizer, ela passou a v\u00ea-los com menos frequ\u00eancia, mas isso era algo que sempre esteve presente no seu \u00edntimo, como se j\u00e1 soubesse que todo ser humano, al\u00e9m de humano, \u00e9 um ser solit\u00e1rio. \u00c9 verdade que h\u00e1 aqueles que cismam em aparentar felicidade [&hellip;]<\/p>\n","protected":false},"author":21,"featured_media":360734,"comment_status":"closed","ping_status":"closed","sticky":false,"template":"","format":"standard","meta":{"_acf_changed":false,"footnotes":""},"categories":[161],"tags":[],"class_list":["post-360733","post","type-post","status-publish","format-standard","has-post-thumbnail","hentry","category-quadradinho-em-foco"],"acf":[],"_links":{"self":[{"href":"https:\/\/www.notibras.com\/site\/wp-json\/wp\/v2\/posts\/360733","targetHints":{"allow":["GET"]}}],"collection":[{"href":"https:\/\/www.notibras.com\/site\/wp-json\/wp\/v2\/posts"}],"about":[{"href":"https:\/\/www.notibras.com\/site\/wp-json\/wp\/v2\/types\/post"}],"author":[{"embeddable":true,"href":"https:\/\/www.notibras.com\/site\/wp-json\/wp\/v2\/users\/21"}],"replies":[{"embeddable":true,"href":"https:\/\/www.notibras.com\/site\/wp-json\/wp\/v2\/comments?post=360733"}],"version-history":[{"count":2,"href":"https:\/\/www.notibras.com\/site\/wp-json\/wp\/v2\/posts\/360733\/revisions"}],"predecessor-version":[{"id":360737,"href":"https:\/\/www.notibras.com\/site\/wp-json\/wp\/v2\/posts\/360733\/revisions\/360737"}],"wp:featuredmedia":[{"embeddable":true,"href":"https:\/\/www.notibras.com\/site\/wp-json\/wp\/v2\/media\/360734"}],"wp:attachment":[{"href":"https:\/\/www.notibras.com\/site\/wp-json\/wp\/v2\/media?parent=360733"}],"wp:term":[{"taxonomy":"category","embeddable":true,"href":"https:\/\/www.notibras.com\/site\/wp-json\/wp\/v2\/categories?post=360733"},{"taxonomy":"post_tag","embeddable":true,"href":"https:\/\/www.notibras.com\/site\/wp-json\/wp\/v2\/tags?post=360733"}],"curies":[{"name":"wp","href":"https:\/\/api.w.org\/{rel}","templated":true}]}}