{"id":360777,"date":"2025-08-12T00:01:08","date_gmt":"2025-08-12T03:01:08","guid":{"rendered":"https:\/\/www.notibras.com\/site\/?p=360777"},"modified":"2025-08-12T00:02:28","modified_gmt":"2025-08-12T03:02:28","slug":"de-ibaneis-a-trump-e-uma-troca-de-farpa-com-lula","status":"publish","type":"post","link":"https:\/\/www.notibras.com\/site\/de-ibaneis-a-trump-e-uma-troca-de-farpa-com-lula\/","title":{"rendered":"De Ibaneis a Trump (e uma troca de farpa com Lula)"},"content":{"rendered":"<p data-start=\"230\" data-end=\"572\">Donald Trump, do alto de sua verve para criar listas pol\u00eamicas, resolveu colocar Bras\u00edlia entre as \u201ccapitais violentas\u201d do planeta. Usou dados velhos, de 2021, e empurrou ao governador do Distrito Federal, Ibaneis Rocha (MDB), a tarefa de responder. E Ibaneis n\u00e3o perdeu a chance de, al\u00e9m de corrigir o americano, dar uma beliscada em Lula.<\/p>\n<p data-start=\"574\" data-end=\"844\">\u2014 Vamos responder de forma educada, mas firme. Quem governa o Distrito Federal sou eu. Aqui, o Lula \u00e9 s\u00f3 h\u00f3spede, e n\u00e3o mexe na minha panela \u2014 disse Ibaneis, ao <em data-start=\"735\" data-end=\"744\">Estad\u00e3o<\/em>, com aquele tom de quem mistura planilha de seguran\u00e7a p\u00fablica com pitadas de provoca\u00e7\u00e3o pol\u00edtica.<\/p>\n<p data-start=\"846\" data-end=\"1158\">A resposta a Trump, segundo ele, trar\u00e1 dados atualizados: em 2023, Bras\u00edlia registrou taxa de 11 homic\u00eddios por 100 mil habitantes, contra quase 40 da capital americana. No Anu\u00e1rio Brasileiro da Seguran\u00e7a P\u00fablica, o DF aparece entre as tr\u00eas unidades menos violentas do pa\u00eds, com 8,9 mortes por 100 mil em 2024.<\/p>\n<p>A men\u00e7\u00e3o de Trump a Bras\u00edlia ocorreu durante um pronunciamento sobre a mobiliza\u00e7\u00e3o de tropas da Guarda Nacional para fazer o policiamento Washington, diante dos elevados \u00edndices de viol\u00eancia na cidade.<\/p>\n<p>O presidente comparou os n\u00fameros da capital norte-americana com o de outras cidades, como Bras\u00edlia, Bogot\u00e1 e Cidade do Panam\u00e1, mas cometeu imprecis\u00f5es, incluindo Washington D.C. L\u00e1 os crimes violentos ca\u00edram 26% na capital em compara\u00e7\u00e3o com o mesmo per\u00edodo de 2024, segundo dados da pol\u00edcia local.<\/p>\n<p data-start=\"1160\" data-end=\"1499\">Lula, por sua vez, n\u00e3o comentou oficialmente a cutucada, mas, segundo auxiliares, teria soltado, de forma atravessada, que \u201co DF \u00e9 seguro mesmo\u2026 quando n\u00e3o tem gente invadindo pr\u00e9dios p\u00fablicos\u201d. Ibaneis, ao ser informado, respondeu de bate-pronto que \u201cseguran\u00e7a p\u00fablica se faz com pol\u00edcia na rua, n\u00e3o com discurso na varanda do Pal\u00e1cio\u201d.<\/p>\n<p data-start=\"1501\" data-end=\"1791\">Enquanto Trump erra os n\u00fameros e Lula e Ibaneis trocam indiretas dignas de uma reuni\u00e3o de condom\u00ednio, os dados mostram que Bras\u00edlia est\u00e1 longe do caos descrito pelo americano. Mas, como todo brasiliense sabe, a capital pode ser pacata nos \u00edndices \u2014 e barulhenta nas entrelinhas pol\u00edticas. No mais, uma frase emblem\u00e1tica de Ibaneis: &#8220;Sou oposi\u00e7\u00e3o a Lula&#8221;, como quem diz 2026 est\u00e1 chegando r\u00e1pido pelo retrovisor.<\/p>\n<p data-start=\"1501\" data-end=\"1791\">&#8230;&#8230;&#8230;&#8230;&#8230;&#8230;&#8230;&#8230;..<\/p>\n<p data-start=\"1501\" data-end=\"1791\"><strong>Marta Nobre \u00e9 Editora Executiva de Notibras<\/strong><\/p>\n","protected":false},"excerpt":{"rendered":"<p>Donald Trump, do alto de sua verve para criar listas pol\u00eamicas, resolveu colocar Bras\u00edlia entre as \u201ccapitais violentas\u201d do planeta. Usou dados velhos, de 2021, e empurrou ao governador do Distrito Federal, Ibaneis Rocha (MDB), a tarefa de responder. E Ibaneis n\u00e3o perdeu a chance de, al\u00e9m de corrigir o americano, dar uma beliscada em [&hellip;]<\/p>\n","protected":false},"author":2,"featured_media":301231,"comment_status":"closed","ping_status":"closed","sticky":false,"template":"","format":"standard","meta":{"_acf_changed":false,"footnotes":""},"categories":[161],"tags":[95],"class_list":["post-360777","post","type-post","status-publish","format-standard","has-post-thumbnail","hentry","category-quadradinho-em-foco","tag-capa"],"acf":[],"_links":{"self":[{"href":"https:\/\/www.notibras.com\/site\/wp-json\/wp\/v2\/posts\/360777","targetHints":{"allow":["GET"]}}],"collection":[{"href":"https:\/\/www.notibras.com\/site\/wp-json\/wp\/v2\/posts"}],"about":[{"href":"https:\/\/www.notibras.com\/site\/wp-json\/wp\/v2\/types\/post"}],"author":[{"embeddable":true,"href":"https:\/\/www.notibras.com\/site\/wp-json\/wp\/v2\/users\/2"}],"replies":[{"embeddable":true,"href":"https:\/\/www.notibras.com\/site\/wp-json\/wp\/v2\/comments?post=360777"}],"version-history":[{"count":2,"href":"https:\/\/www.notibras.com\/site\/wp-json\/wp\/v2\/posts\/360777\/revisions"}],"predecessor-version":[{"id":360779,"href":"https:\/\/www.notibras.com\/site\/wp-json\/wp\/v2\/posts\/360777\/revisions\/360779"}],"wp:featuredmedia":[{"embeddable":true,"href":"https:\/\/www.notibras.com\/site\/wp-json\/wp\/v2\/media\/301231"}],"wp:attachment":[{"href":"https:\/\/www.notibras.com\/site\/wp-json\/wp\/v2\/media?parent=360777"}],"wp:term":[{"taxonomy":"category","embeddable":true,"href":"https:\/\/www.notibras.com\/site\/wp-json\/wp\/v2\/categories?post=360777"},{"taxonomy":"post_tag","embeddable":true,"href":"https:\/\/www.notibras.com\/site\/wp-json\/wp\/v2\/tags?post=360777"}],"curies":[{"name":"wp","href":"https:\/\/api.w.org\/{rel}","templated":true}]}}