{"id":360834,"date":"2025-08-12T03:35:21","date_gmt":"2025-08-12T06:35:21","guid":{"rendered":"https:\/\/www.notibras.com\/site\/?p=360834"},"modified":"2025-08-12T03:39:03","modified_gmt":"2025-08-12T06:39:03","slug":"altaneira-a-lua-desce-e-sussurra-que-vive-para-iluminar-toda-a-cidade","status":"publish","type":"post","link":"https:\/\/www.notibras.com\/site\/altaneira-a-lua-desce-e-sussurra-que-vive-para-iluminar-toda-a-cidade\/","title":{"rendered":"Altaneira, a Lua desce e sussurra que vive para iluminar toda a cidade"},"content":{"rendered":"<p>Bras\u00edlia n\u00e3o tem os coqueirais do Nordeste, onde a Lua Cheia nasce altaneira, espalhando prata na pele quente da noite. Aqui, no cora\u00e7\u00e3o do Planalto, s\u00e3o as palmeiras imperiais que se erguem, finas e orgulhosas, coroando o c\u00e9u com folhas que dan\u00e7am de leve no vento. \u00c9 nelas que a filha mais nova do Astro Rei se esconde. Parece ter algo de timidez, mas n\u00e3o tanto. Um v\u00e9u verde cobre-lhe o rosto, deixando entrever s\u00f3 o bastante para fazer arder a curiosidade dos simples mortais.<\/p>\n<p>A cidade dorme cedo, mas a Lua n\u00e3o conhece rel\u00f3gio. Ela caminha lentamente sobre a Esplanada, vestindo de branco as curvas de Niemeyer, e mergulhando de mansinho no espelho do Lago Parano\u00e1. As \u00e1guas, encantadas, devolvem-lhe o reflexo com um tremor de emo\u00e7\u00e3o. E quando um barco corta seu lume, \u00e9 como se mil peda\u00e7os de luz sa\u00edssem dan\u00e7ando num passo mi\u00fado, desaparecendo no escuro.<\/p>\n<p>E quem j\u00e1 sentiu o cheiro de maresia, quem j\u00e1 viu sanfoneiro dedilhar a saudade na beira da praia, sabe que o luar nordestino \u00e9 primo-irm\u00e3o deste aqui. Mudam as palmeiras, muda o vento, muda o sotaque da noite. Mas o feiti\u00e7o \u00e9 o mesmo.<\/p>\n<p>N\u00e3o resisto \u00e0 sua presen\u00e7a, l\u00e1 no alto, e suspiro.<\/p>\n<p>\u2014 Lua bonita\u2026 Se n\u00e3o fosses comprometida com o c\u00e9u, eu subiria numa escada de nuvens pra te alcan\u00e7ar. Misturava teu frio com meu calor. Fazia promessa a Nosso Senhor, pedindo para morar contigo nesse clar\u00e3o que acende o mundo.<\/p>\n<p>Mas d\u00f3i, minha Lua &#8211; enfatizei nesse di\u00e1logo imagin\u00e1rio -, ver S\u00e3o Jorge no seu jumento, pisando firme sobre o teu peito como quem guarda a chave de um cofre que n\u00e3o abre. Por que escolheste um senhor t\u00e3o sisudo, que come, dorme e faz de tudo sem jamais entender a m\u00fasica que vive em ti?<\/p>\n<p>\u2014 E quem disse que estou presa? \u2014 soprou a Lua, com a voz macia do vento que atravessa as asas da noite.<\/p>\n<p>\u2014 Mas\u2026 e S\u00e3o Jorge? \u2014 perguntei, quase em segredo.<\/p>\n<p>\u2014 Ele \u00e9 s\u00f3 meu guardi\u00e3o. Eu brilho por conta pr\u00f3pria\u2026 e \u00e9 por ti que \u00e0s vezes me abaixo, s\u00f3 pra ficar ao alcance dos teus olhos.<\/p>\n<p>\u2014 Ent\u00e3o me queres? \u2014 arrisquei, com um sorriso que s\u00f3 ela podia ver.<\/p>\n<p>\u2014 Talvez\u2026 \u2014 respondeu, brincando de se esconder atr\u00e1s da copa das palmeiras. \u2014 Mas se eu descer demais, corro o risco de ficar. E a\u00ed, quem \u00e9 que vai iluminar Bras\u00edlia?<\/p>\n<p>Ela se ergueu outra vez, num giro lento, deixando-me tremendo de saudade. E eu, com o cora\u00e7\u00e3o cheio de m\u00fasica, percebi que nessa noite a Lua n\u00e3o estava apenas no c\u00e9u. Estava inteira dentro de mim.<\/p>\n<p>&#8230;&#8230;&#8230;&#8230;&#8230;<\/p>\n<p><strong>Jos\u00e9 Seabra \u00e9 diretor da Sucursal Regional Nordeste de Notibras, de passagem por Bras\u00edlia<\/strong><\/p>\n","protected":false},"excerpt":{"rendered":"<p>Bras\u00edlia n\u00e3o tem os coqueirais do Nordeste, onde a Lua Cheia nasce altaneira, espalhando prata na pele quente da noite. Aqui, no cora\u00e7\u00e3o do Planalto, s\u00e3o as palmeiras imperiais que se erguem, finas e orgulhosas, coroando o c\u00e9u com folhas que dan\u00e7am de leve no vento. \u00c9 nelas que a filha mais nova do Astro [&hellip;]<\/p>\n","protected":false},"author":2,"featured_media":360835,"comment_status":"closed","ping_status":"closed","sticky":false,"template":"","format":"standard","meta":{"_acf_changed":false,"footnotes":""},"categories":[161],"tags":[],"class_list":["post-360834","post","type-post","status-publish","format-standard","has-post-thumbnail","hentry","category-quadradinho-em-foco"],"acf":[],"_links":{"self":[{"href":"https:\/\/www.notibras.com\/site\/wp-json\/wp\/v2\/posts\/360834","targetHints":{"allow":["GET"]}}],"collection":[{"href":"https:\/\/www.notibras.com\/site\/wp-json\/wp\/v2\/posts"}],"about":[{"href":"https:\/\/www.notibras.com\/site\/wp-json\/wp\/v2\/types\/post"}],"author":[{"embeddable":true,"href":"https:\/\/www.notibras.com\/site\/wp-json\/wp\/v2\/users\/2"}],"replies":[{"embeddable":true,"href":"https:\/\/www.notibras.com\/site\/wp-json\/wp\/v2\/comments?post=360834"}],"version-history":[{"count":5,"href":"https:\/\/www.notibras.com\/site\/wp-json\/wp\/v2\/posts\/360834\/revisions"}],"predecessor-version":[{"id":360840,"href":"https:\/\/www.notibras.com\/site\/wp-json\/wp\/v2\/posts\/360834\/revisions\/360840"}],"wp:featuredmedia":[{"embeddable":true,"href":"https:\/\/www.notibras.com\/site\/wp-json\/wp\/v2\/media\/360835"}],"wp:attachment":[{"href":"https:\/\/www.notibras.com\/site\/wp-json\/wp\/v2\/media?parent=360834"}],"wp:term":[{"taxonomy":"category","embeddable":true,"href":"https:\/\/www.notibras.com\/site\/wp-json\/wp\/v2\/categories?post=360834"},{"taxonomy":"post_tag","embeddable":true,"href":"https:\/\/www.notibras.com\/site\/wp-json\/wp\/v2\/tags?post=360834"}],"curies":[{"name":"wp","href":"https:\/\/api.w.org\/{rel}","templated":true}]}}