{"id":360961,"date":"2025-08-14T04:37:09","date_gmt":"2025-08-14T07:37:09","guid":{"rendered":"https:\/\/www.notibras.com\/site\/?p=360961"},"modified":"2025-08-14T04:39:30","modified_gmt":"2025-08-14T07:39:30","slug":"coalizao-europeia-descarta-cessao-de-territorios-da-ucrania-para-a-russia","status":"publish","type":"post","link":"https:\/\/www.notibras.com\/site\/coalizao-europeia-descarta-cessao-de-territorios-da-ucrania-para-a-russia\/","title":{"rendered":"Coaliz\u00e3o europeia descarta cess\u00e3o de territ\u00f3rios da Ucr\u00e2nia para a R\u00fassia"},"content":{"rendered":"<p>A chamada &#8220;coaliz\u00e3o dos dispostos&#8221; se op\u00f4s a quaisquer restri\u00e7\u00f5es \u00e0s for\u00e7as armadas ucranianas como parte do acordo para resolver o conflito na Ucr\u00e2nia antes do encontro entre o presidente russo, Vladimir Putin, e o presidente dos EUA, Donald Trump, segundo uma declara\u00e7\u00e3o conjunta.<\/p>\n<p>&#8220;A Ucr\u00e2nia precisa de garantias de seguran\u00e7a robustas e confi\u00e1veis para defender eficazmente sua soberania e integridade territorial. A Coaliz\u00e3o dos Dispostos est\u00e1 pronta para desempenhar um papel ativo, inclusive por meio de planos daqueles que desejam mobilizar uma for\u00e7a de seguran\u00e7a assim que as hostilidades cessarem. N\u00e3o devem ser impostas limita\u00e7\u00f5es \u00e0s For\u00e7as Armadas da Ucr\u00e2nia ou \u00e0 sua coopera\u00e7\u00e3o com terceiros pa\u00edses. A R\u00fassia n\u00e3o poderia ter poder de veto contra o caminho da Ucr\u00e2nia para a UE e a OTAN&#8221;, afirmou a coaliz\u00e3o em um comunicado conjunto publicado pelo gabinete do primeiro-ministro brit\u00e2nico, Keir Starmer, na quarta-feira.<\/p>\n<p>A coaliz\u00e3o tamb\u00e9m acredita que negocia\u00e7\u00f5es construtivas s\u00f3 podem ocorrer &#8220;no contexto de um cessar-fogo&#8221;.<\/p>\n<p>O encontro entre o presidente dos EUA, Donald Trump, e o presidente russo, Vladimir Putin, est\u00e1 marcado para esta sexta-feira em Anchorage, Alasca. Os l\u00edderes devem discutir maneiras de resolver o conflito ucraniano, bem como outras quest\u00f5es de interesse m\u00fatuo.<\/p>\n","protected":false},"excerpt":{"rendered":"<p>A chamada &#8220;coaliz\u00e3o dos dispostos&#8221; se op\u00f4s a quaisquer restri\u00e7\u00f5es \u00e0s for\u00e7as armadas ucranianas como parte do acordo para resolver o conflito na Ucr\u00e2nia antes do encontro entre o presidente russo, Vladimir Putin, e o presidente dos EUA, Donald Trump, segundo uma declara\u00e7\u00e3o conjunta. &#8220;A Ucr\u00e2nia precisa de garantias de seguran\u00e7a robustas e confi\u00e1veis para [&hellip;]<\/p>\n","protected":false},"author":2,"featured_media":360962,"comment_status":"closed","ping_status":"closed","sticky":false,"template":"","format":"standard","meta":{"_acf_changed":false,"footnotes":""},"categories":[159],"tags":[],"class_list":["post-360961","post","type-post","status-publish","format-standard","has-post-thumbnail","hentry","category-apocalipse"],"acf":[],"yoast_head":"<!-- This site is optimized with the Yoast SEO plugin v27.2 - https:\/\/yoast.com\/product\/yoast-seo-wordpress\/ -->\n<title>Coaliz\u00e3o europeia descarta cess\u00e3o de territ\u00f3rios da Ucr\u00e2nia para a R\u00fassia - Notibras<\/title>\n<meta name=\"robots\" content=\"index, follow, max-snippet:-1, max-image-preview:large, max-video-preview:-1\" \/>\n<link rel=\"canonical\" href=\"https:\/\/www.notibras.com\/site\/coalizao-europeia-descarta-cessao-de-territorios-da-ucrania-para-a-russia\/\" \/>\n<meta property=\"og:locale\" content=\"pt_BR\" \/>\n<meta property=\"og:type\" content=\"article\" \/>\n<meta property=\"og:title\" content=\"Coaliz\u00e3o europeia descarta cess\u00e3o de territ\u00f3rios da Ucr\u00e2nia para a R\u00fassia - Notibras\" \/>\n<meta property=\"og:description\" content=\"A chamada &#8220;coaliz\u00e3o dos dispostos&#8221; se op\u00f4s a quaisquer restri\u00e7\u00f5es \u00e0s for\u00e7as armadas ucranianas como parte do acordo para resolver o conflito na Ucr\u00e2nia antes do encontro entre o presidente russo, Vladimir Putin, e o presidente dos EUA, Donald Trump, segundo uma declara\u00e7\u00e3o conjunta. &#8220;A Ucr\u00e2nia precisa de garantias de seguran\u00e7a robustas e confi\u00e1veis para [&hellip;]\" \/>\n<meta property=\"og:url\" content=\"https:\/\/www.notibras.com\/site\/coalizao-europeia-descarta-cessao-de-territorios-da-ucrania-para-a-russia\/\" \/>\n<meta property=\"og:site_name\" content=\"Notibras\" \/>\n<meta property=\"article:publisher\" content=\"https:\/\/www.facebook.com\/notibras\/\" \/>\n<meta property=\"article:published_time\" content=\"2025-08-14T07:37:09+00:00\" \/>\n<meta property=\"article:modified_time\" content=\"2025-08-14T07:39:30+00:00\" \/>\n<meta property=\"og:image\" content=\"https:\/\/www.notibras.com\/site\/wp-content\/uploads\/2025\/08\/1121701914_0_0_3072_1728_1920x0_80_0_0_55467694275ba86825c4ee9be591a381.jpg.webp\" \/>\n\t<meta property=\"og:image:width\" content=\"1920\" \/>\n\t<meta property=\"og:image:height\" content=\"1080\" \/>\n\t<meta property=\"og:image:type\" content=\"image\/webp\" \/>\n<meta name=\"author\" content=\"Reda\u00e7\u00e3o\" \/>\n<meta name=\"twitter:card\" content=\"summary_large_image\" \/>\n<meta name=\"twitter:creator\" content=\"@Notibras\" \/>\n<meta name=\"twitter:site\" content=\"@Notibras\" \/>\n<meta name=\"twitter:label1\" content=\"Escrito por\" \/>\n\t<meta name=\"twitter:data1\" content=\"Reda\u00e7\u00e3o\" \/>\n\t<meta name=\"twitter:label2\" content=\"Est. tempo de leitura\" \/>\n\t<meta name=\"twitter:data2\" content=\"2 minutos\" \/>\n<script type=\"application\/ld+json\" class=\"yoast-schema-graph\">{\"@context\":\"https:\/\/schema.org\",\"@graph\":[{\"@type\":\"Article\",\"@id\":\"https:\/\/www.notibras.com\/site\/coalizao-europeia-descarta-cessao-de-territorios-da-ucrania-para-a-russia\/#article\",\"isPartOf\":{\"@id\":\"https:\/\/www.notibras.com\/site\/coalizao-europeia-descarta-cessao-de-territorios-da-ucrania-para-a-russia\/\"},\"author\":{\"name\":\"Reda\u00e7\u00e3o\",\"@id\":\"https:\/\/www.notibras.com\/site\/#\/schema\/person\/36ab0979449956132d3e5b517ea76ac8\"},\"headline\":\"Coaliz\u00e3o europeia descarta cess\u00e3o de territ\u00f3rios da Ucr\u00e2nia para a R\u00fassia\",\"datePublished\":\"2025-08-14T07:37:09+00:00\",\"dateModified\":\"2025-08-14T07:39:30+00:00\",\"mainEntityOfPage\":{\"@id\":\"https:\/\/www.notibras.com\/site\/coalizao-europeia-descarta-cessao-de-territorios-da-ucrania-para-a-russia\/\"},\"wordCount\":243,\"publisher\":{\"@id\":\"https:\/\/www.notibras.com\/site\/#organization\"},\"image\":{\"@id\":\"https:\/\/www.notibras.com\/site\/coalizao-europeia-descarta-cessao-de-territorios-da-ucrania-para-a-russia\/#primaryimage\"},\"thumbnailUrl\":\"https:\/\/www.notibras.com\/site\/wp-content\/uploads\/2025\/08\/1121701914_0_0_3072_1728_1920x0_80_0_0_55467694275ba86825c4ee9be591a381.jpg.webp\",\"articleSection\":[\"Apocalipse\"],\"inLanguage\":\"pt-BR\"},{\"@type\":\"WebPage\",\"@id\":\"https:\/\/www.notibras.com\/site\/coalizao-europeia-descarta-cessao-de-territorios-da-ucrania-para-a-russia\/\",\"url\":\"https:\/\/www.notibras.com\/site\/coalizao-europeia-descarta-cessao-de-territorios-da-ucrania-para-a-russia\/\",\"name\":\"Coaliz\u00e3o europeia descarta cess\u00e3o de territ\u00f3rios da Ucr\u00e2nia para a R\u00fassia - Notibras\",\"isPartOf\":{\"@id\":\"https:\/\/www.notibras.com\/site\/#website\"},\"primaryImageOfPage\":{\"@id\":\"https:\/\/www.notibras.com\/site\/coalizao-europeia-descarta-cessao-de-territorios-da-ucrania-para-a-russia\/#primaryimage\"},\"image\":{\"@id\":\"https:\/\/www.notibras.com\/site\/coalizao-europeia-descarta-cessao-de-territorios-da-ucrania-para-a-russia\/#primaryimage\"},\"thumbnailUrl\":\"https:\/\/www.notibras.com\/site\/wp-content\/uploads\/2025\/08\/1121701914_0_0_3072_1728_1920x0_80_0_0_55467694275ba86825c4ee9be591a381.jpg.webp\",\"datePublished\":\"2025-08-14T07:37:09+00:00\",\"dateModified\":\"2025-08-14T07:39:30+00:00\",\"breadcrumb\":{\"@id\":\"https:\/\/www.notibras.com\/site\/coalizao-europeia-descarta-cessao-de-territorios-da-ucrania-para-a-russia\/#breadcrumb\"},\"inLanguage\":\"pt-BR\",\"potentialAction\":[{\"@type\":\"ReadAction\",\"target\":[\"https:\/\/www.notibras.com\/site\/coalizao-europeia-descarta-cessao-de-territorios-da-ucrania-para-a-russia\/\"]}]},{\"@type\":\"ImageObject\",\"inLanguage\":\"pt-BR\",\"@id\":\"https:\/\/www.notibras.com\/site\/coalizao-europeia-descarta-cessao-de-territorios-da-ucrania-para-a-russia\/#primaryimage\",\"url\":\"https:\/\/www.notibras.com\/site\/wp-content\/uploads\/2025\/08\/1121701914_0_0_3072_1728_1920x0_80_0_0_55467694275ba86825c4ee9be591a381.jpg.webp\",\"contentUrl\":\"https:\/\/www.notibras.com\/site\/wp-content\/uploads\/2025\/08\/1121701914_0_0_3072_1728_1920x0_80_0_0_55467694275ba86825c4ee9be591a381.jpg.webp\",\"width\":1920,\"height\":1080},{\"@type\":\"BreadcrumbList\",\"@id\":\"https:\/\/www.notibras.com\/site\/coalizao-europeia-descarta-cessao-de-territorios-da-ucrania-para-a-russia\/#breadcrumb\",\"itemListElement\":[{\"@type\":\"ListItem\",\"position\":1,\"name\":\"In\u00edcio\",\"item\":\"https:\/\/www.notibras.com\/site\/\"},{\"@type\":\"ListItem\",\"position\":2,\"name\":\"Coaliz\u00e3o europeia descarta cess\u00e3o de territ\u00f3rios da Ucr\u00e2nia para a R\u00fassia\"}]},{\"@type\":\"WebSite\",\"@id\":\"https:\/\/www.notibras.com\/site\/#website\",\"url\":\"https:\/\/www.notibras.com\/site\/\",\"name\":\"Notibras\",\"description\":\"Not\u00edcias de Bras\u00edlia, do Brasil e do Mundo\",\"publisher\":{\"@id\":\"https:\/\/www.notibras.com\/site\/#organization\"},\"potentialAction\":[{\"@type\":\"SearchAction\",\"target\":{\"@type\":\"EntryPoint\",\"urlTemplate\":\"https:\/\/www.notibras.com\/site\/?s={search_term_string}\"},\"query-input\":{\"@type\":\"PropertyValueSpecification\",\"valueRequired\":true,\"valueName\":\"search_term_string\"}}],\"inLanguage\":\"pt-BR\"},{\"@type\":\"Organization\",\"@id\":\"https:\/\/www.notibras.com\/site\/#organization\",\"name\":\"Grupo Notibras de Comunica\u00e7\u00e3o\",\"url\":\"https:\/\/www.notibras.com\/site\/\",\"logo\":{\"@type\":\"ImageObject\",\"inLanguage\":\"pt-BR\",\"@id\":\"https:\/\/www.notibras.com\/site\/#\/schema\/logo\/image\/\",\"url\":\"https:\/\/www.notibras.com\/site\/wp-content\/uploads\/2023\/01\/notibras23.png\",\"contentUrl\":\"https:\/\/www.notibras.com\/site\/wp-content\/uploads\/2023\/01\/notibras23.png\",\"width\":350,\"height\":87,\"caption\":\"Grupo Notibras de Comunica\u00e7\u00e3o\"},\"image\":{\"@id\":\"https:\/\/www.notibras.com\/site\/#\/schema\/logo\/image\/\"},\"sameAs\":[\"https:\/\/www.facebook.com\/notibras\/\",\"https:\/\/x.com\/Notibras\",\"https:\/\/www.instagram.com\/notibras\/\"]},{\"@type\":\"Person\",\"@id\":\"https:\/\/www.notibras.com\/site\/#\/schema\/person\/36ab0979449956132d3e5b517ea76ac8\",\"name\":\"Reda\u00e7\u00e3o\",\"image\":{\"@type\":\"ImageObject\",\"inLanguage\":\"pt-BR\",\"@id\":\"https:\/\/secure.gravatar.com\/avatar\/e0a867bdedb85fd243eadf09663511f96fc81e0720a4a42581f334ad4303aa6b?s=96&d=mm&r=g\",\"url\":\"https:\/\/secure.gravatar.com\/avatar\/e0a867bdedb85fd243eadf09663511f96fc81e0720a4a42581f334ad4303aa6b?s=96&d=mm&r=g\",\"contentUrl\":\"https:\/\/secure.gravatar.com\/avatar\/e0a867bdedb85fd243eadf09663511f96fc81e0720a4a42581f334ad4303aa6b?s=96&d=mm&r=g\",\"caption\":\"Reda\u00e7\u00e3o\"}}]}<\/script>\n<!-- \/ Yoast SEO plugin. -->","yoast_head_json":{"title":"Coaliz\u00e3o europeia descarta cess\u00e3o de territ\u00f3rios da Ucr\u00e2nia para a R\u00fassia - Notibras","robots":{"index":"index","follow":"follow","max-snippet":"max-snippet:-1","max-image-preview":"max-image-preview:large","max-video-preview":"max-video-preview:-1"},"canonical":"https:\/\/www.notibras.com\/site\/coalizao-europeia-descarta-cessao-de-territorios-da-ucrania-para-a-russia\/","og_locale":"pt_BR","og_type":"article","og_title":"Coaliz\u00e3o europeia descarta cess\u00e3o de territ\u00f3rios da Ucr\u00e2nia para a R\u00fassia - Notibras","og_description":"A chamada &#8220;coaliz\u00e3o dos dispostos&#8221; se op\u00f4s a quaisquer restri\u00e7\u00f5es \u00e0s for\u00e7as armadas ucranianas como parte do acordo para resolver o conflito na Ucr\u00e2nia antes do encontro entre o presidente russo, Vladimir Putin, e o presidente dos EUA, Donald Trump, segundo uma declara\u00e7\u00e3o conjunta. &#8220;A Ucr\u00e2nia precisa de garantias de seguran\u00e7a robustas e confi\u00e1veis para [&hellip;]","og_url":"https:\/\/www.notibras.com\/site\/coalizao-europeia-descarta-cessao-de-territorios-da-ucrania-para-a-russia\/","og_site_name":"Notibras","article_publisher":"https:\/\/www.facebook.com\/notibras\/","article_published_time":"2025-08-14T07:37:09+00:00","article_modified_time":"2025-08-14T07:39:30+00:00","og_image":[{"width":1920,"height":1080,"url":"https:\/\/www.notibras.com\/site\/wp-content\/uploads\/2025\/08\/1121701914_0_0_3072_1728_1920x0_80_0_0_55467694275ba86825c4ee9be591a381.jpg.webp","type":"image\/webp"}],"author":"Reda\u00e7\u00e3o","twitter_card":"summary_large_image","twitter_creator":"@Notibras","twitter_site":"@Notibras","twitter_misc":{"Escrito por":"Reda\u00e7\u00e3o","Est. tempo de leitura":"2 minutos"},"schema":{"@context":"https:\/\/schema.org","@graph":[{"@type":"Article","@id":"https:\/\/www.notibras.com\/site\/coalizao-europeia-descarta-cessao-de-territorios-da-ucrania-para-a-russia\/#article","isPartOf":{"@id":"https:\/\/www.notibras.com\/site\/coalizao-europeia-descarta-cessao-de-territorios-da-ucrania-para-a-russia\/"},"author":{"name":"Reda\u00e7\u00e3o","@id":"https:\/\/www.notibras.com\/site\/#\/schema\/person\/36ab0979449956132d3e5b517ea76ac8"},"headline":"Coaliz\u00e3o europeia descarta cess\u00e3o de territ\u00f3rios da Ucr\u00e2nia para a R\u00fassia","datePublished":"2025-08-14T07:37:09+00:00","dateModified":"2025-08-14T07:39:30+00:00","mainEntityOfPage":{"@id":"https:\/\/www.notibras.com\/site\/coalizao-europeia-descarta-cessao-de-territorios-da-ucrania-para-a-russia\/"},"wordCount":243,"publisher":{"@id":"https:\/\/www.notibras.com\/site\/#organization"},"image":{"@id":"https:\/\/www.notibras.com\/site\/coalizao-europeia-descarta-cessao-de-territorios-da-ucrania-para-a-russia\/#primaryimage"},"thumbnailUrl":"https:\/\/www.notibras.com\/site\/wp-content\/uploads\/2025\/08\/1121701914_0_0_3072_1728_1920x0_80_0_0_55467694275ba86825c4ee9be591a381.jpg.webp","articleSection":["Apocalipse"],"inLanguage":"pt-BR"},{"@type":"WebPage","@id":"https:\/\/www.notibras.com\/site\/coalizao-europeia-descarta-cessao-de-territorios-da-ucrania-para-a-russia\/","url":"https:\/\/www.notibras.com\/site\/coalizao-europeia-descarta-cessao-de-territorios-da-ucrania-para-a-russia\/","name":"Coaliz\u00e3o europeia descarta cess\u00e3o de territ\u00f3rios da Ucr\u00e2nia para a R\u00fassia - Notibras","isPartOf":{"@id":"https:\/\/www.notibras.com\/site\/#website"},"primaryImageOfPage":{"@id":"https:\/\/www.notibras.com\/site\/coalizao-europeia-descarta-cessao-de-territorios-da-ucrania-para-a-russia\/#primaryimage"},"image":{"@id":"https:\/\/www.notibras.com\/site\/coalizao-europeia-descarta-cessao-de-territorios-da-ucrania-para-a-russia\/#primaryimage"},"thumbnailUrl":"https:\/\/www.notibras.com\/site\/wp-content\/uploads\/2025\/08\/1121701914_0_0_3072_1728_1920x0_80_0_0_55467694275ba86825c4ee9be591a381.jpg.webp","datePublished":"2025-08-14T07:37:09+00:00","dateModified":"2025-08-14T07:39:30+00:00","breadcrumb":{"@id":"https:\/\/www.notibras.com\/site\/coalizao-europeia-descarta-cessao-de-territorios-da-ucrania-para-a-russia\/#breadcrumb"},"inLanguage":"pt-BR","potentialAction":[{"@type":"ReadAction","target":["https:\/\/www.notibras.com\/site\/coalizao-europeia-descarta-cessao-de-territorios-da-ucrania-para-a-russia\/"]}]},{"@type":"ImageObject","inLanguage":"pt-BR","@id":"https:\/\/www.notibras.com\/site\/coalizao-europeia-descarta-cessao-de-territorios-da-ucrania-para-a-russia\/#primaryimage","url":"https:\/\/www.notibras.com\/site\/wp-content\/uploads\/2025\/08\/1121701914_0_0_3072_1728_1920x0_80_0_0_55467694275ba86825c4ee9be591a381.jpg.webp","contentUrl":"https:\/\/www.notibras.com\/site\/wp-content\/uploads\/2025\/08\/1121701914_0_0_3072_1728_1920x0_80_0_0_55467694275ba86825c4ee9be591a381.jpg.webp","width":1920,"height":1080},{"@type":"BreadcrumbList","@id":"https:\/\/www.notibras.com\/site\/coalizao-europeia-descarta-cessao-de-territorios-da-ucrania-para-a-russia\/#breadcrumb","itemListElement":[{"@type":"ListItem","position":1,"name":"In\u00edcio","item":"https:\/\/www.notibras.com\/site\/"},{"@type":"ListItem","position":2,"name":"Coaliz\u00e3o europeia descarta cess\u00e3o de territ\u00f3rios da Ucr\u00e2nia para a R\u00fassia"}]},{"@type":"WebSite","@id":"https:\/\/www.notibras.com\/site\/#website","url":"https:\/\/www.notibras.com\/site\/","name":"Notibras","description":"Not\u00edcias de Bras\u00edlia, do Brasil e do Mundo","publisher":{"@id":"https:\/\/www.notibras.com\/site\/#organization"},"potentialAction":[{"@type":"SearchAction","target":{"@type":"EntryPoint","urlTemplate":"https:\/\/www.notibras.com\/site\/?s={search_term_string}"},"query-input":{"@type":"PropertyValueSpecification","valueRequired":true,"valueName":"search_term_string"}}],"inLanguage":"pt-BR"},{"@type":"Organization","@id":"https:\/\/www.notibras.com\/site\/#organization","name":"Grupo Notibras de Comunica\u00e7\u00e3o","url":"https:\/\/www.notibras.com\/site\/","logo":{"@type":"ImageObject","inLanguage":"pt-BR","@id":"https:\/\/www.notibras.com\/site\/#\/schema\/logo\/image\/","url":"https:\/\/www.notibras.com\/site\/wp-content\/uploads\/2023\/01\/notibras23.png","contentUrl":"https:\/\/www.notibras.com\/site\/wp-content\/uploads\/2023\/01\/notibras23.png","width":350,"height":87,"caption":"Grupo Notibras de Comunica\u00e7\u00e3o"},"image":{"@id":"https:\/\/www.notibras.com\/site\/#\/schema\/logo\/image\/"},"sameAs":["https:\/\/www.facebook.com\/notibras\/","https:\/\/x.com\/Notibras","https:\/\/www.instagram.com\/notibras\/"]},{"@type":"Person","@id":"https:\/\/www.notibras.com\/site\/#\/schema\/person\/36ab0979449956132d3e5b517ea76ac8","name":"Reda\u00e7\u00e3o","image":{"@type":"ImageObject","inLanguage":"pt-BR","@id":"https:\/\/secure.gravatar.com\/avatar\/e0a867bdedb85fd243eadf09663511f96fc81e0720a4a42581f334ad4303aa6b?s=96&d=mm&r=g","url":"https:\/\/secure.gravatar.com\/avatar\/e0a867bdedb85fd243eadf09663511f96fc81e0720a4a42581f334ad4303aa6b?s=96&d=mm&r=g","contentUrl":"https:\/\/secure.gravatar.com\/avatar\/e0a867bdedb85fd243eadf09663511f96fc81e0720a4a42581f334ad4303aa6b?s=96&d=mm&r=g","caption":"Reda\u00e7\u00e3o"}}]}},"amp_enabled":true,"_links":{"self":[{"href":"https:\/\/www.notibras.com\/site\/wp-json\/wp\/v2\/posts\/360961","targetHints":{"allow":["GET"]}}],"collection":[{"href":"https:\/\/www.notibras.com\/site\/wp-json\/wp\/v2\/posts"}],"about":[{"href":"https:\/\/www.notibras.com\/site\/wp-json\/wp\/v2\/types\/post"}],"author":[{"embeddable":true,"href":"https:\/\/www.notibras.com\/site\/wp-json\/wp\/v2\/users\/2"}],"replies":[{"embeddable":true,"href":"https:\/\/www.notibras.com\/site\/wp-json\/wp\/v2\/comments?post=360961"}],"version-history":[{"count":2,"href":"https:\/\/www.notibras.com\/site\/wp-json\/wp\/v2\/posts\/360961\/revisions"}],"predecessor-version":[{"id":360964,"href":"https:\/\/www.notibras.com\/site\/wp-json\/wp\/v2\/posts\/360961\/revisions\/360964"}],"wp:featuredmedia":[{"embeddable":true,"href":"https:\/\/www.notibras.com\/site\/wp-json\/wp\/v2\/media\/360962"}],"wp:attachment":[{"href":"https:\/\/www.notibras.com\/site\/wp-json\/wp\/v2\/media?parent=360961"}],"wp:term":[{"taxonomy":"category","embeddable":true,"href":"https:\/\/www.notibras.com\/site\/wp-json\/wp\/v2\/categories?post=360961"},{"taxonomy":"post_tag","embeddable":true,"href":"https:\/\/www.notibras.com\/site\/wp-json\/wp\/v2\/tags?post=360961"}],"curies":[{"name":"wp","href":"https:\/\/api.w.org\/{rel}","templated":true}]}}