{"id":360965,"date":"2025-08-14T04:30:58","date_gmt":"2025-08-14T07:30:58","guid":{"rendered":"https:\/\/www.notibras.com\/site\/?p=360965"},"modified":"2025-08-14T04:46:24","modified_gmt":"2025-08-14T07:46:24","slug":"bombardeio-russo-acaba-com-fabrica-de-misseis-ucranianos","status":"publish","type":"post","link":"https:\/\/www.notibras.com\/site\/bombardeio-russo-acaba-com-fabrica-de-misseis-ucranianos\/","title":{"rendered":"Bombardeio russo acaba com f\u00e1brica de m\u00edsseis ucranianos"},"content":{"rendered":"<p>O complexo militar-industrial da Ucr\u00e2nia sofreu danos irrevers\u00edveis como resultado de uma opera\u00e7\u00e3o russa que teve como alvo a produ\u00e7\u00e3o do sistema de m\u00edsseis bal\u00edsticosSapsan, informou o Servi\u00e7o Federal de Seguran\u00e7a da R\u00fassia (FSB) em um comunicado.<\/p>\n<p>Os planos da Ucr\u00e2nia de produzir sistemas Sapsan para ataques dentro da R\u00fassia foram frustrados pelos esfor\u00e7os conjuntos do Servi\u00e7o Federal de Seguran\u00e7a (FSB) e das For\u00e7as Armadas Russas, com ataques de precis\u00e3o desferidos contra instala\u00e7\u00f5es da ind\u00fastria de defesa ucraniana.<\/p>\n<p>O desenvolvimento e a produ\u00e7\u00e3o dos m\u00edsseis ucranianos estavam sendo realizados em empresas de defesa nas regi\u00f5es de Dnepropetrovsk e Sumy, com apoio financeiro e assist\u00eancia t\u00e9cnica de especialistas ocidentais , disse o FSB em um comunicado. A intelig\u00eancia confirmou a participa\u00e7\u00e3o da Alemanha no financiamento do programa da Ucr\u00e2nia.<\/p>\n<p>O FSB tamb\u00e9m obteve detalhes sobre as instala\u00e7\u00f5es da ind\u00fastria de defesa ucraniana envolvidas no programa, as localiza\u00e7\u00f5es das defesas a\u00e9reas e de m\u00edsseis, bem como sistemas de guerra eletr\u00f4nica, incluindo ativos dos EUA e da OTAN. Informa\u00e7\u00f5es incriminat\u00f3rias tamb\u00e9m foram descobertas sobre a lideran\u00e7a do setor de defesa da Ucr\u00e2nia, envolvida em fraudes com contratos de defesa estatais.<\/p>\n","protected":false},"excerpt":{"rendered":"<p>O complexo militar-industrial da Ucr\u00e2nia sofreu danos irrevers\u00edveis como resultado de uma opera\u00e7\u00e3o russa que teve como alvo a produ\u00e7\u00e3o do sistema de m\u00edsseis bal\u00edsticosSapsan, informou o Servi\u00e7o Federal de Seguran\u00e7a da R\u00fassia (FSB) em um comunicado. Os planos da Ucr\u00e2nia de produzir sistemas Sapsan para ataques dentro da R\u00fassia foram frustrados pelos esfor\u00e7os conjuntos [&hellip;]<\/p>\n","protected":false},"author":2,"featured_media":360966,"comment_status":"closed","ping_status":"closed","sticky":false,"template":"","format":"standard","meta":{"_acf_changed":false,"footnotes":""},"categories":[159],"tags":[],"class_list":["post-360965","post","type-post","status-publish","format-standard","has-post-thumbnail","hentry","category-apocalipse"],"acf":[],"yoast_head":"<!-- This site is optimized with the Yoast SEO plugin v27.2 - https:\/\/yoast.com\/product\/yoast-seo-wordpress\/ -->\n<title>Bombardeio russo acaba com f\u00e1brica de m\u00edsseis ucranianos - Notibras<\/title>\n<meta name=\"robots\" content=\"index, follow, max-snippet:-1, max-image-preview:large, max-video-preview:-1\" \/>\n<link rel=\"canonical\" href=\"https:\/\/www.notibras.com\/site\/bombardeio-russo-acaba-com-fabrica-de-misseis-ucranianos\/\" \/>\n<meta property=\"og:locale\" content=\"pt_BR\" \/>\n<meta property=\"og:type\" content=\"article\" \/>\n<meta property=\"og:title\" content=\"Bombardeio russo acaba com f\u00e1brica de m\u00edsseis ucranianos - Notibras\" \/>\n<meta property=\"og:description\" content=\"O complexo militar-industrial da Ucr\u00e2nia sofreu danos irrevers\u00edveis como resultado de uma opera\u00e7\u00e3o russa que teve como alvo a produ\u00e7\u00e3o do sistema de m\u00edsseis bal\u00edsticosSapsan, informou o Servi\u00e7o Federal de Seguran\u00e7a da R\u00fassia (FSB) em um comunicado. Os planos da Ucr\u00e2nia de produzir sistemas Sapsan para ataques dentro da R\u00fassia foram frustrados pelos esfor\u00e7os conjuntos [&hellip;]\" \/>\n<meta property=\"og:url\" content=\"https:\/\/www.notibras.com\/site\/bombardeio-russo-acaba-com-fabrica-de-misseis-ucranianos\/\" \/>\n<meta property=\"og:site_name\" content=\"Notibras\" \/>\n<meta property=\"article:publisher\" content=\"https:\/\/www.facebook.com\/notibras\/\" \/>\n<meta property=\"article:published_time\" content=\"2025-08-14T07:30:58+00:00\" \/>\n<meta property=\"article:modified_time\" content=\"2025-08-14T07:46:24+00:00\" \/>\n<meta property=\"og:image\" content=\"https:\/\/www.notibras.com\/site\/wp-content\/uploads\/2025\/08\/1117228523_0_0_1920_1080_1920x0_80_0_0_e364239f0d73850746310c45efbeb864.jpg.webp\" \/>\n\t<meta property=\"og:image:width\" content=\"1920\" \/>\n\t<meta property=\"og:image:height\" content=\"1080\" \/>\n\t<meta property=\"og:image:type\" content=\"image\/webp\" \/>\n<meta name=\"author\" content=\"Reda\u00e7\u00e3o\" \/>\n<meta name=\"twitter:card\" content=\"summary_large_image\" \/>\n<meta name=\"twitter:creator\" content=\"@Notibras\" \/>\n<meta name=\"twitter:site\" content=\"@Notibras\" \/>\n<meta name=\"twitter:label1\" content=\"Escrito por\" \/>\n\t<meta name=\"twitter:data1\" content=\"Reda\u00e7\u00e3o\" \/>\n\t<meta name=\"twitter:label2\" content=\"Est. tempo de leitura\" \/>\n\t<meta name=\"twitter:data2\" content=\"2 minutos\" \/>\n<script type=\"application\/ld+json\" class=\"yoast-schema-graph\">{\"@context\":\"https:\/\/schema.org\",\"@graph\":[{\"@type\":\"Article\",\"@id\":\"https:\/\/www.notibras.com\/site\/bombardeio-russo-acaba-com-fabrica-de-misseis-ucranianos\/#article\",\"isPartOf\":{\"@id\":\"https:\/\/www.notibras.com\/site\/bombardeio-russo-acaba-com-fabrica-de-misseis-ucranianos\/\"},\"author\":{\"name\":\"Reda\u00e7\u00e3o\",\"@id\":\"https:\/\/www.notibras.com\/site\/#\/schema\/person\/36ab0979449956132d3e5b517ea76ac8\"},\"headline\":\"Bombardeio russo acaba com f\u00e1brica de m\u00edsseis ucranianos\",\"datePublished\":\"2025-08-14T07:30:58+00:00\",\"dateModified\":\"2025-08-14T07:46:24+00:00\",\"mainEntityOfPage\":{\"@id\":\"https:\/\/www.notibras.com\/site\/bombardeio-russo-acaba-com-fabrica-de-misseis-ucranianos\/\"},\"wordCount\":234,\"publisher\":{\"@id\":\"https:\/\/www.notibras.com\/site\/#organization\"},\"image\":{\"@id\":\"https:\/\/www.notibras.com\/site\/bombardeio-russo-acaba-com-fabrica-de-misseis-ucranianos\/#primaryimage\"},\"thumbnailUrl\":\"https:\/\/www.notibras.com\/site\/wp-content\/uploads\/2025\/08\/1117228523_0_0_1920_1080_1920x0_80_0_0_e364239f0d73850746310c45efbeb864.jpg.webp\",\"articleSection\":[\"Apocalipse\"],\"inLanguage\":\"pt-BR\"},{\"@type\":\"WebPage\",\"@id\":\"https:\/\/www.notibras.com\/site\/bombardeio-russo-acaba-com-fabrica-de-misseis-ucranianos\/\",\"url\":\"https:\/\/www.notibras.com\/site\/bombardeio-russo-acaba-com-fabrica-de-misseis-ucranianos\/\",\"name\":\"Bombardeio russo acaba com f\u00e1brica de m\u00edsseis ucranianos - Notibras\",\"isPartOf\":{\"@id\":\"https:\/\/www.notibras.com\/site\/#website\"},\"primaryImageOfPage\":{\"@id\":\"https:\/\/www.notibras.com\/site\/bombardeio-russo-acaba-com-fabrica-de-misseis-ucranianos\/#primaryimage\"},\"image\":{\"@id\":\"https:\/\/www.notibras.com\/site\/bombardeio-russo-acaba-com-fabrica-de-misseis-ucranianos\/#primaryimage\"},\"thumbnailUrl\":\"https:\/\/www.notibras.com\/site\/wp-content\/uploads\/2025\/08\/1117228523_0_0_1920_1080_1920x0_80_0_0_e364239f0d73850746310c45efbeb864.jpg.webp\",\"datePublished\":\"2025-08-14T07:30:58+00:00\",\"dateModified\":\"2025-08-14T07:46:24+00:00\",\"breadcrumb\":{\"@id\":\"https:\/\/www.notibras.com\/site\/bombardeio-russo-acaba-com-fabrica-de-misseis-ucranianos\/#breadcrumb\"},\"inLanguage\":\"pt-BR\",\"potentialAction\":[{\"@type\":\"ReadAction\",\"target\":[\"https:\/\/www.notibras.com\/site\/bombardeio-russo-acaba-com-fabrica-de-misseis-ucranianos\/\"]}]},{\"@type\":\"ImageObject\",\"inLanguage\":\"pt-BR\",\"@id\":\"https:\/\/www.notibras.com\/site\/bombardeio-russo-acaba-com-fabrica-de-misseis-ucranianos\/#primaryimage\",\"url\":\"https:\/\/www.notibras.com\/site\/wp-content\/uploads\/2025\/08\/1117228523_0_0_1920_1080_1920x0_80_0_0_e364239f0d73850746310c45efbeb864.jpg.webp\",\"contentUrl\":\"https:\/\/www.notibras.com\/site\/wp-content\/uploads\/2025\/08\/1117228523_0_0_1920_1080_1920x0_80_0_0_e364239f0d73850746310c45efbeb864.jpg.webp\",\"width\":1920,\"height\":1080},{\"@type\":\"BreadcrumbList\",\"@id\":\"https:\/\/www.notibras.com\/site\/bombardeio-russo-acaba-com-fabrica-de-misseis-ucranianos\/#breadcrumb\",\"itemListElement\":[{\"@type\":\"ListItem\",\"position\":1,\"name\":\"In\u00edcio\",\"item\":\"https:\/\/www.notibras.com\/site\/\"},{\"@type\":\"ListItem\",\"position\":2,\"name\":\"Bombardeio russo acaba com f\u00e1brica de m\u00edsseis ucranianos\"}]},{\"@type\":\"WebSite\",\"@id\":\"https:\/\/www.notibras.com\/site\/#website\",\"url\":\"https:\/\/www.notibras.com\/site\/\",\"name\":\"Notibras\",\"description\":\"Not\u00edcias de Bras\u00edlia, do Brasil e do Mundo\",\"publisher\":{\"@id\":\"https:\/\/www.notibras.com\/site\/#organization\"},\"potentialAction\":[{\"@type\":\"SearchAction\",\"target\":{\"@type\":\"EntryPoint\",\"urlTemplate\":\"https:\/\/www.notibras.com\/site\/?s={search_term_string}\"},\"query-input\":{\"@type\":\"PropertyValueSpecification\",\"valueRequired\":true,\"valueName\":\"search_term_string\"}}],\"inLanguage\":\"pt-BR\"},{\"@type\":\"Organization\",\"@id\":\"https:\/\/www.notibras.com\/site\/#organization\",\"name\":\"Grupo Notibras de Comunica\u00e7\u00e3o\",\"url\":\"https:\/\/www.notibras.com\/site\/\",\"logo\":{\"@type\":\"ImageObject\",\"inLanguage\":\"pt-BR\",\"@id\":\"https:\/\/www.notibras.com\/site\/#\/schema\/logo\/image\/\",\"url\":\"https:\/\/www.notibras.com\/site\/wp-content\/uploads\/2023\/01\/notibras23.png\",\"contentUrl\":\"https:\/\/www.notibras.com\/site\/wp-content\/uploads\/2023\/01\/notibras23.png\",\"width\":350,\"height\":87,\"caption\":\"Grupo Notibras de Comunica\u00e7\u00e3o\"},\"image\":{\"@id\":\"https:\/\/www.notibras.com\/site\/#\/schema\/logo\/image\/\"},\"sameAs\":[\"https:\/\/www.facebook.com\/notibras\/\",\"https:\/\/x.com\/Notibras\",\"https:\/\/www.instagram.com\/notibras\/\"]},{\"@type\":\"Person\",\"@id\":\"https:\/\/www.notibras.com\/site\/#\/schema\/person\/36ab0979449956132d3e5b517ea76ac8\",\"name\":\"Reda\u00e7\u00e3o\",\"image\":{\"@type\":\"ImageObject\",\"inLanguage\":\"pt-BR\",\"@id\":\"https:\/\/secure.gravatar.com\/avatar\/e0a867bdedb85fd243eadf09663511f96fc81e0720a4a42581f334ad4303aa6b?s=96&d=mm&r=g\",\"url\":\"https:\/\/secure.gravatar.com\/avatar\/e0a867bdedb85fd243eadf09663511f96fc81e0720a4a42581f334ad4303aa6b?s=96&d=mm&r=g\",\"contentUrl\":\"https:\/\/secure.gravatar.com\/avatar\/e0a867bdedb85fd243eadf09663511f96fc81e0720a4a42581f334ad4303aa6b?s=96&d=mm&r=g\",\"caption\":\"Reda\u00e7\u00e3o\"}}]}<\/script>\n<!-- \/ Yoast SEO plugin. -->","yoast_head_json":{"title":"Bombardeio russo acaba com f\u00e1brica de m\u00edsseis ucranianos - Notibras","robots":{"index":"index","follow":"follow","max-snippet":"max-snippet:-1","max-image-preview":"max-image-preview:large","max-video-preview":"max-video-preview:-1"},"canonical":"https:\/\/www.notibras.com\/site\/bombardeio-russo-acaba-com-fabrica-de-misseis-ucranianos\/","og_locale":"pt_BR","og_type":"article","og_title":"Bombardeio russo acaba com f\u00e1brica de m\u00edsseis ucranianos - Notibras","og_description":"O complexo militar-industrial da Ucr\u00e2nia sofreu danos irrevers\u00edveis como resultado de uma opera\u00e7\u00e3o russa que teve como alvo a produ\u00e7\u00e3o do sistema de m\u00edsseis bal\u00edsticosSapsan, informou o Servi\u00e7o Federal de Seguran\u00e7a da R\u00fassia (FSB) em um comunicado. Os planos da Ucr\u00e2nia de produzir sistemas Sapsan para ataques dentro da R\u00fassia foram frustrados pelos esfor\u00e7os conjuntos [&hellip;]","og_url":"https:\/\/www.notibras.com\/site\/bombardeio-russo-acaba-com-fabrica-de-misseis-ucranianos\/","og_site_name":"Notibras","article_publisher":"https:\/\/www.facebook.com\/notibras\/","article_published_time":"2025-08-14T07:30:58+00:00","article_modified_time":"2025-08-14T07:46:24+00:00","og_image":[{"width":1920,"height":1080,"url":"https:\/\/www.notibras.com\/site\/wp-content\/uploads\/2025\/08\/1117228523_0_0_1920_1080_1920x0_80_0_0_e364239f0d73850746310c45efbeb864.jpg.webp","type":"image\/webp"}],"author":"Reda\u00e7\u00e3o","twitter_card":"summary_large_image","twitter_creator":"@Notibras","twitter_site":"@Notibras","twitter_misc":{"Escrito por":"Reda\u00e7\u00e3o","Est. tempo de leitura":"2 minutos"},"schema":{"@context":"https:\/\/schema.org","@graph":[{"@type":"Article","@id":"https:\/\/www.notibras.com\/site\/bombardeio-russo-acaba-com-fabrica-de-misseis-ucranianos\/#article","isPartOf":{"@id":"https:\/\/www.notibras.com\/site\/bombardeio-russo-acaba-com-fabrica-de-misseis-ucranianos\/"},"author":{"name":"Reda\u00e7\u00e3o","@id":"https:\/\/www.notibras.com\/site\/#\/schema\/person\/36ab0979449956132d3e5b517ea76ac8"},"headline":"Bombardeio russo acaba com f\u00e1brica de m\u00edsseis ucranianos","datePublished":"2025-08-14T07:30:58+00:00","dateModified":"2025-08-14T07:46:24+00:00","mainEntityOfPage":{"@id":"https:\/\/www.notibras.com\/site\/bombardeio-russo-acaba-com-fabrica-de-misseis-ucranianos\/"},"wordCount":234,"publisher":{"@id":"https:\/\/www.notibras.com\/site\/#organization"},"image":{"@id":"https:\/\/www.notibras.com\/site\/bombardeio-russo-acaba-com-fabrica-de-misseis-ucranianos\/#primaryimage"},"thumbnailUrl":"https:\/\/www.notibras.com\/site\/wp-content\/uploads\/2025\/08\/1117228523_0_0_1920_1080_1920x0_80_0_0_e364239f0d73850746310c45efbeb864.jpg.webp","articleSection":["Apocalipse"],"inLanguage":"pt-BR"},{"@type":"WebPage","@id":"https:\/\/www.notibras.com\/site\/bombardeio-russo-acaba-com-fabrica-de-misseis-ucranianos\/","url":"https:\/\/www.notibras.com\/site\/bombardeio-russo-acaba-com-fabrica-de-misseis-ucranianos\/","name":"Bombardeio russo acaba com f\u00e1brica de m\u00edsseis ucranianos - Notibras","isPartOf":{"@id":"https:\/\/www.notibras.com\/site\/#website"},"primaryImageOfPage":{"@id":"https:\/\/www.notibras.com\/site\/bombardeio-russo-acaba-com-fabrica-de-misseis-ucranianos\/#primaryimage"},"image":{"@id":"https:\/\/www.notibras.com\/site\/bombardeio-russo-acaba-com-fabrica-de-misseis-ucranianos\/#primaryimage"},"thumbnailUrl":"https:\/\/www.notibras.com\/site\/wp-content\/uploads\/2025\/08\/1117228523_0_0_1920_1080_1920x0_80_0_0_e364239f0d73850746310c45efbeb864.jpg.webp","datePublished":"2025-08-14T07:30:58+00:00","dateModified":"2025-08-14T07:46:24+00:00","breadcrumb":{"@id":"https:\/\/www.notibras.com\/site\/bombardeio-russo-acaba-com-fabrica-de-misseis-ucranianos\/#breadcrumb"},"inLanguage":"pt-BR","potentialAction":[{"@type":"ReadAction","target":["https:\/\/www.notibras.com\/site\/bombardeio-russo-acaba-com-fabrica-de-misseis-ucranianos\/"]}]},{"@type":"ImageObject","inLanguage":"pt-BR","@id":"https:\/\/www.notibras.com\/site\/bombardeio-russo-acaba-com-fabrica-de-misseis-ucranianos\/#primaryimage","url":"https:\/\/www.notibras.com\/site\/wp-content\/uploads\/2025\/08\/1117228523_0_0_1920_1080_1920x0_80_0_0_e364239f0d73850746310c45efbeb864.jpg.webp","contentUrl":"https:\/\/www.notibras.com\/site\/wp-content\/uploads\/2025\/08\/1117228523_0_0_1920_1080_1920x0_80_0_0_e364239f0d73850746310c45efbeb864.jpg.webp","width":1920,"height":1080},{"@type":"BreadcrumbList","@id":"https:\/\/www.notibras.com\/site\/bombardeio-russo-acaba-com-fabrica-de-misseis-ucranianos\/#breadcrumb","itemListElement":[{"@type":"ListItem","position":1,"name":"In\u00edcio","item":"https:\/\/www.notibras.com\/site\/"},{"@type":"ListItem","position":2,"name":"Bombardeio russo acaba com f\u00e1brica de m\u00edsseis ucranianos"}]},{"@type":"WebSite","@id":"https:\/\/www.notibras.com\/site\/#website","url":"https:\/\/www.notibras.com\/site\/","name":"Notibras","description":"Not\u00edcias de Bras\u00edlia, do Brasil e do Mundo","publisher":{"@id":"https:\/\/www.notibras.com\/site\/#organization"},"potentialAction":[{"@type":"SearchAction","target":{"@type":"EntryPoint","urlTemplate":"https:\/\/www.notibras.com\/site\/?s={search_term_string}"},"query-input":{"@type":"PropertyValueSpecification","valueRequired":true,"valueName":"search_term_string"}}],"inLanguage":"pt-BR"},{"@type":"Organization","@id":"https:\/\/www.notibras.com\/site\/#organization","name":"Grupo Notibras de Comunica\u00e7\u00e3o","url":"https:\/\/www.notibras.com\/site\/","logo":{"@type":"ImageObject","inLanguage":"pt-BR","@id":"https:\/\/www.notibras.com\/site\/#\/schema\/logo\/image\/","url":"https:\/\/www.notibras.com\/site\/wp-content\/uploads\/2023\/01\/notibras23.png","contentUrl":"https:\/\/www.notibras.com\/site\/wp-content\/uploads\/2023\/01\/notibras23.png","width":350,"height":87,"caption":"Grupo Notibras de Comunica\u00e7\u00e3o"},"image":{"@id":"https:\/\/www.notibras.com\/site\/#\/schema\/logo\/image\/"},"sameAs":["https:\/\/www.facebook.com\/notibras\/","https:\/\/x.com\/Notibras","https:\/\/www.instagram.com\/notibras\/"]},{"@type":"Person","@id":"https:\/\/www.notibras.com\/site\/#\/schema\/person\/36ab0979449956132d3e5b517ea76ac8","name":"Reda\u00e7\u00e3o","image":{"@type":"ImageObject","inLanguage":"pt-BR","@id":"https:\/\/secure.gravatar.com\/avatar\/e0a867bdedb85fd243eadf09663511f96fc81e0720a4a42581f334ad4303aa6b?s=96&d=mm&r=g","url":"https:\/\/secure.gravatar.com\/avatar\/e0a867bdedb85fd243eadf09663511f96fc81e0720a4a42581f334ad4303aa6b?s=96&d=mm&r=g","contentUrl":"https:\/\/secure.gravatar.com\/avatar\/e0a867bdedb85fd243eadf09663511f96fc81e0720a4a42581f334ad4303aa6b?s=96&d=mm&r=g","caption":"Reda\u00e7\u00e3o"}}]}},"amp_enabled":true,"_links":{"self":[{"href":"https:\/\/www.notibras.com\/site\/wp-json\/wp\/v2\/posts\/360965","targetHints":{"allow":["GET"]}}],"collection":[{"href":"https:\/\/www.notibras.com\/site\/wp-json\/wp\/v2\/posts"}],"about":[{"href":"https:\/\/www.notibras.com\/site\/wp-json\/wp\/v2\/types\/post"}],"author":[{"embeddable":true,"href":"https:\/\/www.notibras.com\/site\/wp-json\/wp\/v2\/users\/2"}],"replies":[{"embeddable":true,"href":"https:\/\/www.notibras.com\/site\/wp-json\/wp\/v2\/comments?post=360965"}],"version-history":[{"count":1,"href":"https:\/\/www.notibras.com\/site\/wp-json\/wp\/v2\/posts\/360965\/revisions"}],"predecessor-version":[{"id":360967,"href":"https:\/\/www.notibras.com\/site\/wp-json\/wp\/v2\/posts\/360965\/revisions\/360967"}],"wp:featuredmedia":[{"embeddable":true,"href":"https:\/\/www.notibras.com\/site\/wp-json\/wp\/v2\/media\/360966"}],"wp:attachment":[{"href":"https:\/\/www.notibras.com\/site\/wp-json\/wp\/v2\/media?parent=360965"}],"wp:term":[{"taxonomy":"category","embeddable":true,"href":"https:\/\/www.notibras.com\/site\/wp-json\/wp\/v2\/categories?post=360965"},{"taxonomy":"post_tag","embeddable":true,"href":"https:\/\/www.notibras.com\/site\/wp-json\/wp\/v2\/tags?post=360965"}],"curies":[{"name":"wp","href":"https:\/\/api.w.org\/{rel}","templated":true}]}}