{"id":361025,"date":"2025-08-14T00:00:15","date_gmt":"2025-08-14T03:00:15","guid":{"rendered":"https:\/\/www.notibras.com\/site\/?p=361025"},"modified":"2025-08-14T07:39:35","modified_gmt":"2025-08-14T10:39:35","slug":"planos-terao-de-oferecer-implante-contraceptivo-hormonal","status":"publish","type":"post","link":"https:\/\/www.notibras.com\/site\/planos-terao-de-oferecer-implante-contraceptivo-hormonal\/","title":{"rendered":"Planos ter\u00e3o de oferecer implante contraceptivo hormonal"},"content":{"rendered":"<p>A Ag\u00eancia Nacional de Sa\u00fade Suplementar (ANS) determinou que os planos particulares ter\u00e3o de oferecer implante contraceptivo hormonal na cobertura obrigat\u00f3ria. Ele \u00e9 popularmente conhecido como implanon. O procedimento tamb\u00e9m foi aprovado recentemente para uso no Sistema \u00danico de Sa\u00fade (SUS).<\/p>\n<p>De acordo com o Minist\u00e9rio da Sa\u00fade, a op\u00e7\u00e3o \u00e9 considerada vantajosa em rela\u00e7\u00e3o aos demais contraceptivos em raz\u00e3o da longa dura\u00e7\u00e3o (age no organismo por at\u00e9 tr\u00eas anos) e efic\u00e1cia alta.<\/p>\n<p>A cobertura assistencial para todas as pessoas entre 18 e 49 anos na preven\u00e7\u00e3o de gravidez n\u00e3o desejada passar\u00e1 a ter cobertura obrigat\u00f3ria a partir do dia primeiro de setembro.<\/p>\n<p>A ANS tamb\u00e9m aprovou, em reuni\u00e3o do dia oito de agosto, a inclus\u00e3o no rol de procedimentos da Radioterapia de intensidade modulada (IMRT) para tratamento de pacientes adultos com tumores do canal anal. A tecnologia passa a ter cobertura obrigat\u00f3ria nos planos de sa\u00fade a partir do dia primeiro de setembro.<\/p>\n<p>Outro procedimento analisado foi o do transplante de membrana amni\u00f3tica, procedimento para tratar pacientes com queimaduras de pele. Mas, nesse caso, a ANS decidiu adiar a inclus\u00e3o por causa da necessidade de ajustes na estrutura\u00e7\u00e3o do Sistema Nacional de Transplantes e no funcionamento dos bancos de tecidos, e para que haja atualiza\u00e7\u00e3o do regulamento t\u00e9cnico, do protocolo cl\u00ednico e de diretrizes t\u00e9cnicas por parte do Minist\u00e9rio da Sa\u00fade.<\/p>\n","protected":false},"excerpt":{"rendered":"<p>A Ag\u00eancia Nacional de Sa\u00fade Suplementar (ANS) determinou que os planos particulares ter\u00e3o de oferecer implante contraceptivo hormonal na cobertura obrigat\u00f3ria. Ele \u00e9 popularmente conhecido como implanon. O procedimento tamb\u00e9m foi aprovado recentemente para uso no Sistema \u00danico de Sa\u00fade (SUS). De acordo com o Minist\u00e9rio da Sa\u00fade, a op\u00e7\u00e3o \u00e9 considerada vantajosa em rela\u00e7\u00e3o [&hellip;]<\/p>\n","protected":false},"author":2,"featured_media":361026,"comment_status":"closed","ping_status":"closed","sticky":false,"template":"","format":"standard","meta":{"_acf_changed":false,"footnotes":""},"categories":[161],"tags":[],"class_list":["post-361025","post","type-post","status-publish","format-standard","has-post-thumbnail","hentry","category-quadradinho-em-foco"],"acf":[],"_links":{"self":[{"href":"https:\/\/www.notibras.com\/site\/wp-json\/wp\/v2\/posts\/361025","targetHints":{"allow":["GET"]}}],"collection":[{"href":"https:\/\/www.notibras.com\/site\/wp-json\/wp\/v2\/posts"}],"about":[{"href":"https:\/\/www.notibras.com\/site\/wp-json\/wp\/v2\/types\/post"}],"author":[{"embeddable":true,"href":"https:\/\/www.notibras.com\/site\/wp-json\/wp\/v2\/users\/2"}],"replies":[{"embeddable":true,"href":"https:\/\/www.notibras.com\/site\/wp-json\/wp\/v2\/comments?post=361025"}],"version-history":[{"count":1,"href":"https:\/\/www.notibras.com\/site\/wp-json\/wp\/v2\/posts\/361025\/revisions"}],"predecessor-version":[{"id":361027,"href":"https:\/\/www.notibras.com\/site\/wp-json\/wp\/v2\/posts\/361025\/revisions\/361027"}],"wp:featuredmedia":[{"embeddable":true,"href":"https:\/\/www.notibras.com\/site\/wp-json\/wp\/v2\/media\/361026"}],"wp:attachment":[{"href":"https:\/\/www.notibras.com\/site\/wp-json\/wp\/v2\/media?parent=361025"}],"wp:term":[{"taxonomy":"category","embeddable":true,"href":"https:\/\/www.notibras.com\/site\/wp-json\/wp\/v2\/categories?post=361025"},{"taxonomy":"post_tag","embeddable":true,"href":"https:\/\/www.notibras.com\/site\/wp-json\/wp\/v2\/tags?post=361025"}],"curies":[{"name":"wp","href":"https:\/\/api.w.org\/{rel}","templated":true}]}}