{"id":361031,"date":"2025-08-14T00:00:44","date_gmt":"2025-08-14T03:00:44","guid":{"rendered":"https:\/\/www.notibras.com\/site\/?p=361031"},"modified":"2025-08-14T08:01:08","modified_gmt":"2025-08-14T11:01:08","slug":"anderson-pede-ao-stf-rejeicao-da-denuncia-da-trama-golpista","status":"publish","type":"post","link":"https:\/\/www.notibras.com\/site\/anderson-pede-ao-stf-rejeicao-da-denuncia-da-trama-golpista\/","title":{"rendered":"Anderson pede ao STF rejei\u00e7\u00e3o da den\u00fancia da trama golpista"},"content":{"rendered":"<p>A defesa do ex-secret\u00e1rio de Seguran\u00e7a e ex-ministro da Justi\u00e7a Anderson Torres pediu nesta quarta-feira (13) ao Supremo Tribunal Federal (STF) a rejei\u00e7\u00e3o da den\u00fancia da trama golpista. Torres \u00e9 um dos r\u00e9us do n\u00facleo crucial da tentativa de golpe de Estado ocorrida no governo Jair Bolsonaro.<\/p>\n<p>Durante as investiga\u00e7\u00f5es, a Pol\u00edcia Federal (PF) encontrou na casa de Torres um documento chamado de \u201cminuta do golpe\u201d.<\/p>\n<p>Na manifesta\u00e7\u00e3o enviada ao Supremo, os advogados reafirmaram que o documento \u00e9 ap\u00f3crifo e n\u00e3o tem qualquer valor jur\u00eddico.<\/p>\n<p>A defesa disse que o documento foi parar na casa do ex-ministro por \u201cmero esquecimento material\u201d.<\/p>\n<p>\u201cO texto afrontava os pressupostos constitucionais do Estado de Defesa, n\u00e3o fazia qualquer sentido jur\u00eddico e jamais poderia ser levado a s\u00e9rio por qualquer jurista. Sua presen\u00e7a isolada, sem atos subsequentes de circula\u00e7\u00e3o, delibera\u00e7\u00e3o ou articula\u00e7\u00e3o, n\u00e3o autoriza qualquer presun\u00e7\u00e3o de dolo\u201d, argumentaram os advogados.<\/p>\n<p>A manifesta\u00e7\u00e3o da defesa de Torres est\u00e1 nas alega\u00e7\u00f5es finais que foram encaminhadas ao ministro Alexandre de Moraes, relator do processo.<\/p>\n","protected":false},"excerpt":{"rendered":"<p>A defesa do ex-secret\u00e1rio de Seguran\u00e7a e ex-ministro da Justi\u00e7a Anderson Torres pediu nesta quarta-feira (13) ao Supremo Tribunal Federal (STF) a rejei\u00e7\u00e3o da den\u00fancia da trama golpista. Torres \u00e9 um dos r\u00e9us do n\u00facleo crucial da tentativa de golpe de Estado ocorrida no governo Jair Bolsonaro. Durante as investiga\u00e7\u00f5es, a Pol\u00edcia Federal (PF) encontrou [&hellip;]<\/p>\n","protected":false},"author":2,"featured_media":361032,"comment_status":"closed","ping_status":"closed","sticky":false,"template":"","format":"standard","meta":{"_acf_changed":false,"footnotes":""},"categories":[161],"tags":[],"class_list":["post-361031","post","type-post","status-publish","format-standard","has-post-thumbnail","hentry","category-quadradinho-em-foco"],"acf":[],"_links":{"self":[{"href":"https:\/\/www.notibras.com\/site\/wp-json\/wp\/v2\/posts\/361031","targetHints":{"allow":["GET"]}}],"collection":[{"href":"https:\/\/www.notibras.com\/site\/wp-json\/wp\/v2\/posts"}],"about":[{"href":"https:\/\/www.notibras.com\/site\/wp-json\/wp\/v2\/types\/post"}],"author":[{"embeddable":true,"href":"https:\/\/www.notibras.com\/site\/wp-json\/wp\/v2\/users\/2"}],"replies":[{"embeddable":true,"href":"https:\/\/www.notibras.com\/site\/wp-json\/wp\/v2\/comments?post=361031"}],"version-history":[{"count":1,"href":"https:\/\/www.notibras.com\/site\/wp-json\/wp\/v2\/posts\/361031\/revisions"}],"predecessor-version":[{"id":361033,"href":"https:\/\/www.notibras.com\/site\/wp-json\/wp\/v2\/posts\/361031\/revisions\/361033"}],"wp:featuredmedia":[{"embeddable":true,"href":"https:\/\/www.notibras.com\/site\/wp-json\/wp\/v2\/media\/361032"}],"wp:attachment":[{"href":"https:\/\/www.notibras.com\/site\/wp-json\/wp\/v2\/media?parent=361031"}],"wp:term":[{"taxonomy":"category","embeddable":true,"href":"https:\/\/www.notibras.com\/site\/wp-json\/wp\/v2\/categories?post=361031"},{"taxonomy":"post_tag","embeddable":true,"href":"https:\/\/www.notibras.com\/site\/wp-json\/wp\/v2\/tags?post=361031"}],"curies":[{"name":"wp","href":"https:\/\/api.w.org\/{rel}","templated":true}]}}