{"id":361037,"date":"2025-08-14T00:00:22","date_gmt":"2025-08-14T03:00:22","guid":{"rendered":"https:\/\/www.notibras.com\/site\/?p=361037"},"modified":"2025-08-14T08:15:48","modified_gmt":"2025-08-14T11:15:48","slug":"prazo-de-adesao-ao-programa-etr-acerta-esta-acabando","status":"publish","type":"post","link":"https:\/\/www.notibras.com\/site\/prazo-de-adesao-ao-programa-etr-acerta-esta-acabando\/","title":{"rendered":"Prazo de ades\u00e3o ao Programa ETR Acerta est\u00e1 acabando"},"content":{"rendered":"<p>O prazo de ades\u00e3o ao Programa ETR Acerta termina sexta (15). Ap\u00f3s a prorroga\u00e7\u00e3o, no \u00faltimo dia 16 de julho, os produtores rurais em atraso com a taxa de retribui\u00e7\u00e3o anual podem regularizar a situa\u00e7\u00e3o junto \u00e0 Empresa de Regulariza\u00e7\u00e3o de Terras Rurais (ETR). Os descontos podem chegar a at\u00e9 100% nos encargos.<\/p>\n<p>O programa desenvolvido com condi\u00e7\u00f5es especiais de renegocia\u00e7\u00e3o de d\u00e9bitos para produtores, com contratos, oferece desconto sobre juros e multa no montante da retribui\u00e7\u00e3o, em atraso. Vale lembrar que o valor devido pelo produtor respeita regras de proporcionalidade da parcela tendo como valor m\u00ednimo de R$ 200.<\/p>\n<p>O pagamento da retribui\u00e7\u00e3o anual \u00e9 uma obriga\u00e7\u00e3o estipulada no contrato firmado entre a ETR e o produtor rural. O valor da retribui\u00e7\u00e3o anual \u00e9 determinado pelo Instituto Nacional de Coloniza\u00e7\u00e3o e Reforma Agr\u00e1ria (Incra) com base na terra nua, atualmente estipulado em R$ 148,27 por hectare.<\/p>\n<p>Para aderir ao programa, o produtor rural dever\u00e1 pagar uma entrada \u00e0 vista e poder\u00e1 parcelar o restante em at\u00e9 12 vezes, respeitando as demais regras estabelecidas no edital. O edital prev\u00ea, entre outras obriga\u00e7\u00f5es, que o produtor rural inadimplente que n\u00e3o aderir ao programa seja cobrado administrativamente. Ele poder\u00e1, ainda, ser cobrado judicialmente, o que o torna pass\u00edvel de ter o contrato cancelado, impedindo a continuidade do processo de regulariza\u00e7\u00e3o rural.<\/p>\n<p><strong>Condi\u00e7\u00f5es<\/strong><br \/>\nParcelamento em at\u00e9 3 vezes \u2013 valores acima de R$ 600<br \/>\nParcelamento em at\u00e9 6 vezes \u2013 valores acima de R$ 1.200<br \/>\nParcelamento em at\u00e9 9 vezes \u2013 valores acima de R$ 2.400<br \/>\nParcelamento em at\u00e9 12 vezes \u2013 valores acima de R$ 3.000<\/p>\n","protected":false},"excerpt":{"rendered":"<p>O prazo de ades\u00e3o ao Programa ETR Acerta termina sexta (15). Ap\u00f3s a prorroga\u00e7\u00e3o, no \u00faltimo dia 16 de julho, os produtores rurais em atraso com a taxa de retribui\u00e7\u00e3o anual podem regularizar a situa\u00e7\u00e3o junto \u00e0 Empresa de Regulariza\u00e7\u00e3o de Terras Rurais (ETR). Os descontos podem chegar a at\u00e9 100% nos encargos. O programa [&hellip;]<\/p>\n","protected":false},"author":2,"featured_media":361038,"comment_status":"closed","ping_status":"closed","sticky":false,"template":"","format":"standard","meta":{"_acf_changed":false,"footnotes":""},"categories":[161],"tags":[],"class_list":["post-361037","post","type-post","status-publish","format-standard","has-post-thumbnail","hentry","category-quadradinho-em-foco"],"acf":[],"_links":{"self":[{"href":"https:\/\/www.notibras.com\/site\/wp-json\/wp\/v2\/posts\/361037","targetHints":{"allow":["GET"]}}],"collection":[{"href":"https:\/\/www.notibras.com\/site\/wp-json\/wp\/v2\/posts"}],"about":[{"href":"https:\/\/www.notibras.com\/site\/wp-json\/wp\/v2\/types\/post"}],"author":[{"embeddable":true,"href":"https:\/\/www.notibras.com\/site\/wp-json\/wp\/v2\/users\/2"}],"replies":[{"embeddable":true,"href":"https:\/\/www.notibras.com\/site\/wp-json\/wp\/v2\/comments?post=361037"}],"version-history":[{"count":1,"href":"https:\/\/www.notibras.com\/site\/wp-json\/wp\/v2\/posts\/361037\/revisions"}],"predecessor-version":[{"id":361039,"href":"https:\/\/www.notibras.com\/site\/wp-json\/wp\/v2\/posts\/361037\/revisions\/361039"}],"wp:featuredmedia":[{"embeddable":true,"href":"https:\/\/www.notibras.com\/site\/wp-json\/wp\/v2\/media\/361038"}],"wp:attachment":[{"href":"https:\/\/www.notibras.com\/site\/wp-json\/wp\/v2\/media?parent=361037"}],"wp:term":[{"taxonomy":"category","embeddable":true,"href":"https:\/\/www.notibras.com\/site\/wp-json\/wp\/v2\/categories?post=361037"},{"taxonomy":"post_tag","embeddable":true,"href":"https:\/\/www.notibras.com\/site\/wp-json\/wp\/v2\/tags?post=361037"}],"curies":[{"name":"wp","href":"https:\/\/api.w.org\/{rel}","templated":true}]}}