{"id":361128,"date":"2025-08-15T00:00:36","date_gmt":"2025-08-15T03:00:36","guid":{"rendered":"https:\/\/www.notibras.com\/site\/?p=361128"},"modified":"2025-08-15T05:53:11","modified_gmt":"2025-08-15T08:53:11","slug":"ouvidoria-da-mulher-vai-fortalecer-combate-a-violencia-de-genero","status":"publish","type":"post","link":"https:\/\/www.notibras.com\/site\/ouvidoria-da-mulher-vai-fortalecer-combate-a-violencia-de-genero\/","title":{"rendered":"Ouvidoria da Mulher vai fortalecer combate \u00e0 viol\u00eancia de g\u00eanero"},"content":{"rendered":"<p>A Pol\u00edcia Civil do Distrito Federal criou a Ouvidoria da Mulher, novo servi\u00e7o com o objetivo de aprimorar o acolhimento e a escuta de demandas relacionadas aos direitos das mulheres. A iniciativa foi oficializada pela Portaria n\u00ba 318, de 12 de agosto de 2025. O documento foi publicado no Di\u00e1rio Oficial do Distrito Federal (DODF) desta quinta-feira (14) e representa um passo importante no enfrentamento \u00e0 viol\u00eancia de g\u00eanero e \u00e0 discrimina\u00e7\u00e3o.<\/p>\n<p>Vinculada \u00e0 Ouvidoria da PCDF, a nova unidade ter\u00e1 como principais atribui\u00e7\u00f5es receber, examinar e encaminhar den\u00fancias, reclama\u00e7\u00f5es, sugest\u00f5es e elogios. O foco \u00e9 orientar as v\u00edtimas sobre seus direitos e o acesso aos servi\u00e7os previstos em lei. Al\u00e9m disso, a ouvidoria ir\u00e1 contribuir para o aprimoramento das pol\u00edticas internas da institui\u00e7\u00e3o e promover a integra\u00e7\u00e3o com outras entidades que trabalham na preven\u00e7\u00e3o e no combate \u00e0 viol\u00eancia contra a mulher.<\/p>\n<p>\u201cA cria\u00e7\u00e3o da Ouvidoria da Mulher representa um avan\u00e7o significativo no fortalecimento da escuta qualificada e no respeito aos direitos das mulheres. Nosso compromisso \u00e9 assegurar um canal seguro e humanizado, que acolha as v\u00edtimas e contribua para o aperfei\u00e7oamento das pol\u00edticas institucionais voltadas \u00e0 igualdade e \u00e0 prote\u00e7\u00e3o\u201d, explica o ouvidor da PCDF, Raimundo Vanderly.<\/p>\n<p>Para garantir um atendimento humanizado e especializado, a portaria estabelece que a equipe da Ouvidoria da Mulher ser\u00e1 composta, preferencialmente, por policiais femininas. Essas servidoras dever\u00e3o ser capacitadas em temas como g\u00eanero, direitos das mulheres, escuta ativa e acolhimento de v\u00edtimas. A fun\u00e7\u00e3o de Ouvidora da Mulher ser\u00e1 exercida por uma delegada de pol\u00edcia indicada pelo delegado-geral, para um mandato de um ano, com possibilidade de recondu\u00e7\u00e3o.<\/p>\n<p>A Ouvidoria da Mulher \u00e9 um reflexo das delibera\u00e7\u00f5es do Comit\u00ea Permanente de Acompanhamento da Pol\u00edtica de Atendimento ao Cidad\u00e3o. \u201cCom a cria\u00e7\u00e3o da Ouvidoria da Mulher, a PCDF reafirma o compromisso com uma atua\u00e7\u00e3o policial que vai al\u00e9m da repress\u00e3o e da investiga\u00e7\u00e3o: a institui\u00e7\u00e3o reconhece seu papel como agente de transforma\u00e7\u00e3o social\u201d, destaca a chefe da Assessoria Institucional da PCDF e secret\u00e1ria executiva do comit\u00ea, Anie Rampon.<\/p>\n<p>\u201cA Ouvidoria da Mulher nasce como espa\u00e7o de escuta qualificada e a\u00e7\u00e3o concreta, fortalecendo a prote\u00e7\u00e3o \u00e0s mulheres, a confian\u00e7a da popula\u00e7\u00e3o na institui\u00e7\u00e3o e promovendo cidadania. Garantir direitos e respeito \u00e9 construir, junto \u00e0 sociedade, o futuro que desejamos\u201d, completa.<\/p>\n","protected":false},"excerpt":{"rendered":"<p>A Pol\u00edcia Civil do Distrito Federal criou a Ouvidoria da Mulher, novo servi\u00e7o com o objetivo de aprimorar o acolhimento e a escuta de demandas relacionadas aos direitos das mulheres. A iniciativa foi oficializada pela Portaria n\u00ba 318, de 12 de agosto de 2025. O documento foi publicado no Di\u00e1rio Oficial do Distrito Federal (DODF) [&hellip;]<\/p>\n","protected":false},"author":2,"featured_media":361129,"comment_status":"closed","ping_status":"closed","sticky":false,"template":"","format":"standard","meta":{"_acf_changed":false,"footnotes":""},"categories":[161],"tags":[],"class_list":["post-361128","post","type-post","status-publish","format-standard","has-post-thumbnail","hentry","category-quadradinho-em-foco"],"acf":[],"_links":{"self":[{"href":"https:\/\/www.notibras.com\/site\/wp-json\/wp\/v2\/posts\/361128","targetHints":{"allow":["GET"]}}],"collection":[{"href":"https:\/\/www.notibras.com\/site\/wp-json\/wp\/v2\/posts"}],"about":[{"href":"https:\/\/www.notibras.com\/site\/wp-json\/wp\/v2\/types\/post"}],"author":[{"embeddable":true,"href":"https:\/\/www.notibras.com\/site\/wp-json\/wp\/v2\/users\/2"}],"replies":[{"embeddable":true,"href":"https:\/\/www.notibras.com\/site\/wp-json\/wp\/v2\/comments?post=361128"}],"version-history":[{"count":1,"href":"https:\/\/www.notibras.com\/site\/wp-json\/wp\/v2\/posts\/361128\/revisions"}],"predecessor-version":[{"id":361130,"href":"https:\/\/www.notibras.com\/site\/wp-json\/wp\/v2\/posts\/361128\/revisions\/361130"}],"wp:featuredmedia":[{"embeddable":true,"href":"https:\/\/www.notibras.com\/site\/wp-json\/wp\/v2\/media\/361129"}],"wp:attachment":[{"href":"https:\/\/www.notibras.com\/site\/wp-json\/wp\/v2\/media?parent=361128"}],"wp:term":[{"taxonomy":"category","embeddable":true,"href":"https:\/\/www.notibras.com\/site\/wp-json\/wp\/v2\/categories?post=361128"},{"taxonomy":"post_tag","embeddable":true,"href":"https:\/\/www.notibras.com\/site\/wp-json\/wp\/v2\/tags?post=361128"}],"curies":[{"name":"wp","href":"https:\/\/api.w.org\/{rel}","templated":true}]}}