{"id":361199,"date":"2025-08-16T08:53:10","date_gmt":"2025-08-16T11:53:10","guid":{"rendered":"https:\/\/www.notibras.com\/site\/?p=361199"},"modified":"2025-08-16T09:57:27","modified_gmt":"2025-08-16T12:57:27","slug":"reuniao-trump-putin-nao-silencia-canhoes-russos","status":"publish","type":"post","link":"https:\/\/www.notibras.com\/site\/reuniao-trump-putin-nao-silencia-canhoes-russos\/","title":{"rendered":"Reuni\u00e3o Trump-Putin n\u00e3o silencia canh\u00f5es russos"},"content":{"rendered":"<p>O presidente ucraniano Volodymyr Zelenskiy disse que visitar\u00e1 Washington na segunda-feira, 18, para se encontrar com Donald Trump. O presidente dos Estados Unidos conversou longamente com o presidente da Ucr\u00e2nia e com l\u00edderes da OTAN e europeus ap\u00f3s a c\u00fapula do no Alasca com seu hom\u00f3logo russo, Vladimir Putin.<\/p>\n<p>A t\u00e3o aguardada c\u00fapula Trump-Putin n\u00e3o produziu nenhum acordo para resolver ou interromper a guerra da R\u00fassia na Ucr\u00e2nia, embora ambos os l\u00edderes tenham descrito as negocia\u00e7\u00f5es como produtivas antes de voltarem para casa.<\/p>\n<p>Trump manteve as liga\u00e7\u00f5es com Zelenskiy e aliados dos EUA durante seu retorno a Washington, onde desembarcou nas primeiras horas da manh\u00e3 deste s\u00e1bado, 16, informou a Casa Branca. Zelenskiy descreveu a liga\u00e7\u00e3o de mais de 90 minutos com Trump como &#8220;longa e substancial&#8221;.<\/p>\n<p>Zelenskiy afirmou que a Ucr\u00e2nia apoiou a proposta de Trump para uma reuni\u00e3o trilateral entre Ucr\u00e2nia, EUA e R\u00fassia. Ele tamb\u00e9m afirmou ter discutido com Trump os &#8220;sinais positivos do lado americano em rela\u00e7\u00e3o \u00e0 participa\u00e7\u00e3o na garantia da seguran\u00e7a da Ucr\u00e2nia&#8221;.<\/p>\n<p>&#8220;A Ucr\u00e2nia enfatiza que quest\u00f5es-chave podem ser discutidas no n\u00edvel de l\u00edderes, e um formato trilateral \u00e9 adequado para isso. Na segunda-feira, me reunirei com o presidente Trump em Washington, D.C., para discutir todos os detalhes sobre o fim da matan\u00e7a e da guerra&#8221;, disse Zelenskiy no canal X.<\/p>\n<p>Trump disse a Zelenskiy e aos l\u00edderes europeus durante o telefonema que Putin n\u00e3o estava interessado em um cessar-fogo, mas em um acordo abrangente para encerrar a guerra.<\/p>\n<p>&#8220;Acho que um acordo de paz r\u00e1pido \u00e9 melhor do que um cessar-fogo&#8221;, disse Trump na liga\u00e7\u00e3o. A presidente da Comiss\u00e3o Europeia, Ursula von der Leyen, o secret\u00e1rio-geral da OTAN, Mark Rutte, o presidente franc\u00eas, Emmanuel Macron, e l\u00edderes da Alemanha, Finl\u00e2ndia, Pol\u00f4nia, It\u00e1lia e Gr\u00e3-Bretanha participaram da liga\u00e7\u00e3o na qual Trump informou os aliados sobre a c\u00fapula com Putin.<\/p>\n","protected":false},"excerpt":{"rendered":"<p>O presidente ucraniano Volodymyr Zelenskiy disse que visitar\u00e1 Washington na segunda-feira, 18, para se encontrar com Donald Trump. O presidente dos Estados Unidos conversou longamente com o presidente da Ucr\u00e2nia e com l\u00edderes da OTAN e europeus ap\u00f3s a c\u00fapula do no Alasca com seu hom\u00f3logo russo, Vladimir Putin. A t\u00e3o aguardada c\u00fapula Trump-Putin n\u00e3o [&hellip;]<\/p>\n","protected":false},"author":2,"featured_media":361200,"comment_status":"closed","ping_status":"closed","sticky":false,"template":"","format":"standard","meta":{"_acf_changed":false,"footnotes":""},"categories":[159],"tags":[95],"class_list":["post-361199","post","type-post","status-publish","format-standard","has-post-thumbnail","hentry","category-apocalipse","tag-capa"],"acf":[],"yoast_head":"<!-- This site is optimized with the Yoast SEO plugin v27.2 - https:\/\/yoast.com\/product\/yoast-seo-wordpress\/ -->\n<title>Reuni\u00e3o Trump-Putin n\u00e3o silencia canh\u00f5es russos - Notibras<\/title>\n<meta name=\"robots\" content=\"index, follow, max-snippet:-1, max-image-preview:large, max-video-preview:-1\" \/>\n<link rel=\"canonical\" href=\"https:\/\/www.notibras.com\/site\/reuniao-trump-putin-nao-silencia-canhoes-russos\/\" \/>\n<meta property=\"og:locale\" content=\"pt_BR\" \/>\n<meta property=\"og:type\" content=\"article\" \/>\n<meta property=\"og:title\" content=\"Reuni\u00e3o Trump-Putin n\u00e3o silencia canh\u00f5es russos - Notibras\" \/>\n<meta property=\"og:description\" content=\"O presidente ucraniano Volodymyr Zelenskiy disse que visitar\u00e1 Washington na segunda-feira, 18, para se encontrar com Donald Trump. O presidente dos Estados Unidos conversou longamente com o presidente da Ucr\u00e2nia e com l\u00edderes da OTAN e europeus ap\u00f3s a c\u00fapula do no Alasca com seu hom\u00f3logo russo, Vladimir Putin. A t\u00e3o aguardada c\u00fapula Trump-Putin n\u00e3o [&hellip;]\" \/>\n<meta property=\"og:url\" content=\"https:\/\/www.notibras.com\/site\/reuniao-trump-putin-nao-silencia-canhoes-russos\/\" \/>\n<meta property=\"og:site_name\" content=\"Notibras\" \/>\n<meta property=\"article:publisher\" content=\"https:\/\/www.facebook.com\/notibras\/\" \/>\n<meta property=\"article:published_time\" content=\"2025-08-16T11:53:10+00:00\" \/>\n<meta property=\"article:modified_time\" content=\"2025-08-16T12:57:27+00:00\" \/>\n<meta property=\"og:image\" content=\"https:\/\/www.notibras.com\/site\/wp-content\/uploads\/2025\/08\/AA1KD624.jpg\" \/>\n\t<meta property=\"og:image:width\" content=\"768\" \/>\n\t<meta property=\"og:image:height\" content=\"510\" \/>\n\t<meta property=\"og:image:type\" content=\"image\/jpeg\" \/>\n<meta name=\"author\" content=\"Reda\u00e7\u00e3o\" \/>\n<meta name=\"twitter:card\" content=\"summary_large_image\" \/>\n<meta name=\"twitter:creator\" content=\"@Notibras\" \/>\n<meta name=\"twitter:site\" content=\"@Notibras\" \/>\n<meta name=\"twitter:label1\" content=\"Escrito por\" \/>\n\t<meta name=\"twitter:data1\" content=\"Reda\u00e7\u00e3o\" \/>\n\t<meta name=\"twitter:label2\" content=\"Est. tempo de leitura\" \/>\n\t<meta name=\"twitter:data2\" content=\"2 minutos\" \/>\n<script type=\"application\/ld+json\" class=\"yoast-schema-graph\">{\"@context\":\"https:\/\/schema.org\",\"@graph\":[{\"@type\":\"Article\",\"@id\":\"https:\/\/www.notibras.com\/site\/reuniao-trump-putin-nao-silencia-canhoes-russos\/#article\",\"isPartOf\":{\"@id\":\"https:\/\/www.notibras.com\/site\/reuniao-trump-putin-nao-silencia-canhoes-russos\/\"},\"author\":{\"name\":\"Reda\u00e7\u00e3o\",\"@id\":\"https:\/\/www.notibras.com\/site\/#\/schema\/person\/36ab0979449956132d3e5b517ea76ac8\"},\"headline\":\"Reuni\u00e3o Trump-Putin n\u00e3o silencia canh\u00f5es russos\",\"datePublished\":\"2025-08-16T11:53:10+00:00\",\"dateModified\":\"2025-08-16T12:57:27+00:00\",\"mainEntityOfPage\":{\"@id\":\"https:\/\/www.notibras.com\/site\/reuniao-trump-putin-nao-silencia-canhoes-russos\/\"},\"wordCount\":353,\"publisher\":{\"@id\":\"https:\/\/www.notibras.com\/site\/#organization\"},\"image\":{\"@id\":\"https:\/\/www.notibras.com\/site\/reuniao-trump-putin-nao-silencia-canhoes-russos\/#primaryimage\"},\"thumbnailUrl\":\"https:\/\/www.notibras.com\/site\/wp-content\/uploads\/2025\/08\/AA1KD624.jpg\",\"keywords\":[\"capa\"],\"articleSection\":[\"Apocalipse\"],\"inLanguage\":\"pt-BR\"},{\"@type\":\"WebPage\",\"@id\":\"https:\/\/www.notibras.com\/site\/reuniao-trump-putin-nao-silencia-canhoes-russos\/\",\"url\":\"https:\/\/www.notibras.com\/site\/reuniao-trump-putin-nao-silencia-canhoes-russos\/\",\"name\":\"Reuni\u00e3o Trump-Putin n\u00e3o silencia canh\u00f5es russos - Notibras\",\"isPartOf\":{\"@id\":\"https:\/\/www.notibras.com\/site\/#website\"},\"primaryImageOfPage\":{\"@id\":\"https:\/\/www.notibras.com\/site\/reuniao-trump-putin-nao-silencia-canhoes-russos\/#primaryimage\"},\"image\":{\"@id\":\"https:\/\/www.notibras.com\/site\/reuniao-trump-putin-nao-silencia-canhoes-russos\/#primaryimage\"},\"thumbnailUrl\":\"https:\/\/www.notibras.com\/site\/wp-content\/uploads\/2025\/08\/AA1KD624.jpg\",\"datePublished\":\"2025-08-16T11:53:10+00:00\",\"dateModified\":\"2025-08-16T12:57:27+00:00\",\"breadcrumb\":{\"@id\":\"https:\/\/www.notibras.com\/site\/reuniao-trump-putin-nao-silencia-canhoes-russos\/#breadcrumb\"},\"inLanguage\":\"pt-BR\",\"potentialAction\":[{\"@type\":\"ReadAction\",\"target\":[\"https:\/\/www.notibras.com\/site\/reuniao-trump-putin-nao-silencia-canhoes-russos\/\"]}]},{\"@type\":\"ImageObject\",\"inLanguage\":\"pt-BR\",\"@id\":\"https:\/\/www.notibras.com\/site\/reuniao-trump-putin-nao-silencia-canhoes-russos\/#primaryimage\",\"url\":\"https:\/\/www.notibras.com\/site\/wp-content\/uploads\/2025\/08\/AA1KD624.jpg\",\"contentUrl\":\"https:\/\/www.notibras.com\/site\/wp-content\/uploads\/2025\/08\/AA1KD624.jpg\",\"width\":768,\"height\":510},{\"@type\":\"BreadcrumbList\",\"@id\":\"https:\/\/www.notibras.com\/site\/reuniao-trump-putin-nao-silencia-canhoes-russos\/#breadcrumb\",\"itemListElement\":[{\"@type\":\"ListItem\",\"position\":1,\"name\":\"In\u00edcio\",\"item\":\"https:\/\/www.notibras.com\/site\/\"},{\"@type\":\"ListItem\",\"position\":2,\"name\":\"Reuni\u00e3o Trump-Putin n\u00e3o silencia canh\u00f5es russos\"}]},{\"@type\":\"WebSite\",\"@id\":\"https:\/\/www.notibras.com\/site\/#website\",\"url\":\"https:\/\/www.notibras.com\/site\/\",\"name\":\"Notibras\",\"description\":\"Not\u00edcias de Bras\u00edlia, do Brasil e do Mundo\",\"publisher\":{\"@id\":\"https:\/\/www.notibras.com\/site\/#organization\"},\"potentialAction\":[{\"@type\":\"SearchAction\",\"target\":{\"@type\":\"EntryPoint\",\"urlTemplate\":\"https:\/\/www.notibras.com\/site\/?s={search_term_string}\"},\"query-input\":{\"@type\":\"PropertyValueSpecification\",\"valueRequired\":true,\"valueName\":\"search_term_string\"}}],\"inLanguage\":\"pt-BR\"},{\"@type\":\"Organization\",\"@id\":\"https:\/\/www.notibras.com\/site\/#organization\",\"name\":\"Grupo Notibras de Comunica\u00e7\u00e3o\",\"url\":\"https:\/\/www.notibras.com\/site\/\",\"logo\":{\"@type\":\"ImageObject\",\"inLanguage\":\"pt-BR\",\"@id\":\"https:\/\/www.notibras.com\/site\/#\/schema\/logo\/image\/\",\"url\":\"https:\/\/www.notibras.com\/site\/wp-content\/uploads\/2023\/01\/notibras23.png\",\"contentUrl\":\"https:\/\/www.notibras.com\/site\/wp-content\/uploads\/2023\/01\/notibras23.png\",\"width\":350,\"height\":87,\"caption\":\"Grupo Notibras de Comunica\u00e7\u00e3o\"},\"image\":{\"@id\":\"https:\/\/www.notibras.com\/site\/#\/schema\/logo\/image\/\"},\"sameAs\":[\"https:\/\/www.facebook.com\/notibras\/\",\"https:\/\/x.com\/Notibras\",\"https:\/\/www.instagram.com\/notibras\/\"]},{\"@type\":\"Person\",\"@id\":\"https:\/\/www.notibras.com\/site\/#\/schema\/person\/36ab0979449956132d3e5b517ea76ac8\",\"name\":\"Reda\u00e7\u00e3o\",\"image\":{\"@type\":\"ImageObject\",\"inLanguage\":\"pt-BR\",\"@id\":\"https:\/\/secure.gravatar.com\/avatar\/e0a867bdedb85fd243eadf09663511f96fc81e0720a4a42581f334ad4303aa6b?s=96&d=mm&r=g\",\"url\":\"https:\/\/secure.gravatar.com\/avatar\/e0a867bdedb85fd243eadf09663511f96fc81e0720a4a42581f334ad4303aa6b?s=96&d=mm&r=g\",\"contentUrl\":\"https:\/\/secure.gravatar.com\/avatar\/e0a867bdedb85fd243eadf09663511f96fc81e0720a4a42581f334ad4303aa6b?s=96&d=mm&r=g\",\"caption\":\"Reda\u00e7\u00e3o\"}}]}<\/script>\n<!-- \/ Yoast SEO plugin. -->","yoast_head_json":{"title":"Reuni\u00e3o Trump-Putin n\u00e3o silencia canh\u00f5es russos - Notibras","robots":{"index":"index","follow":"follow","max-snippet":"max-snippet:-1","max-image-preview":"max-image-preview:large","max-video-preview":"max-video-preview:-1"},"canonical":"https:\/\/www.notibras.com\/site\/reuniao-trump-putin-nao-silencia-canhoes-russos\/","og_locale":"pt_BR","og_type":"article","og_title":"Reuni\u00e3o Trump-Putin n\u00e3o silencia canh\u00f5es russos - Notibras","og_description":"O presidente ucraniano Volodymyr Zelenskiy disse que visitar\u00e1 Washington na segunda-feira, 18, para se encontrar com Donald Trump. O presidente dos Estados Unidos conversou longamente com o presidente da Ucr\u00e2nia e com l\u00edderes da OTAN e europeus ap\u00f3s a c\u00fapula do no Alasca com seu hom\u00f3logo russo, Vladimir Putin. A t\u00e3o aguardada c\u00fapula Trump-Putin n\u00e3o [&hellip;]","og_url":"https:\/\/www.notibras.com\/site\/reuniao-trump-putin-nao-silencia-canhoes-russos\/","og_site_name":"Notibras","article_publisher":"https:\/\/www.facebook.com\/notibras\/","article_published_time":"2025-08-16T11:53:10+00:00","article_modified_time":"2025-08-16T12:57:27+00:00","og_image":[{"width":768,"height":510,"url":"https:\/\/www.notibras.com\/site\/wp-content\/uploads\/2025\/08\/AA1KD624.jpg","type":"image\/jpeg"}],"author":"Reda\u00e7\u00e3o","twitter_card":"summary_large_image","twitter_creator":"@Notibras","twitter_site":"@Notibras","twitter_misc":{"Escrito por":"Reda\u00e7\u00e3o","Est. tempo de leitura":"2 minutos"},"schema":{"@context":"https:\/\/schema.org","@graph":[{"@type":"Article","@id":"https:\/\/www.notibras.com\/site\/reuniao-trump-putin-nao-silencia-canhoes-russos\/#article","isPartOf":{"@id":"https:\/\/www.notibras.com\/site\/reuniao-trump-putin-nao-silencia-canhoes-russos\/"},"author":{"name":"Reda\u00e7\u00e3o","@id":"https:\/\/www.notibras.com\/site\/#\/schema\/person\/36ab0979449956132d3e5b517ea76ac8"},"headline":"Reuni\u00e3o Trump-Putin n\u00e3o silencia canh\u00f5es russos","datePublished":"2025-08-16T11:53:10+00:00","dateModified":"2025-08-16T12:57:27+00:00","mainEntityOfPage":{"@id":"https:\/\/www.notibras.com\/site\/reuniao-trump-putin-nao-silencia-canhoes-russos\/"},"wordCount":353,"publisher":{"@id":"https:\/\/www.notibras.com\/site\/#organization"},"image":{"@id":"https:\/\/www.notibras.com\/site\/reuniao-trump-putin-nao-silencia-canhoes-russos\/#primaryimage"},"thumbnailUrl":"https:\/\/www.notibras.com\/site\/wp-content\/uploads\/2025\/08\/AA1KD624.jpg","keywords":["capa"],"articleSection":["Apocalipse"],"inLanguage":"pt-BR"},{"@type":"WebPage","@id":"https:\/\/www.notibras.com\/site\/reuniao-trump-putin-nao-silencia-canhoes-russos\/","url":"https:\/\/www.notibras.com\/site\/reuniao-trump-putin-nao-silencia-canhoes-russos\/","name":"Reuni\u00e3o Trump-Putin n\u00e3o silencia canh\u00f5es russos - Notibras","isPartOf":{"@id":"https:\/\/www.notibras.com\/site\/#website"},"primaryImageOfPage":{"@id":"https:\/\/www.notibras.com\/site\/reuniao-trump-putin-nao-silencia-canhoes-russos\/#primaryimage"},"image":{"@id":"https:\/\/www.notibras.com\/site\/reuniao-trump-putin-nao-silencia-canhoes-russos\/#primaryimage"},"thumbnailUrl":"https:\/\/www.notibras.com\/site\/wp-content\/uploads\/2025\/08\/AA1KD624.jpg","datePublished":"2025-08-16T11:53:10+00:00","dateModified":"2025-08-16T12:57:27+00:00","breadcrumb":{"@id":"https:\/\/www.notibras.com\/site\/reuniao-trump-putin-nao-silencia-canhoes-russos\/#breadcrumb"},"inLanguage":"pt-BR","potentialAction":[{"@type":"ReadAction","target":["https:\/\/www.notibras.com\/site\/reuniao-trump-putin-nao-silencia-canhoes-russos\/"]}]},{"@type":"ImageObject","inLanguage":"pt-BR","@id":"https:\/\/www.notibras.com\/site\/reuniao-trump-putin-nao-silencia-canhoes-russos\/#primaryimage","url":"https:\/\/www.notibras.com\/site\/wp-content\/uploads\/2025\/08\/AA1KD624.jpg","contentUrl":"https:\/\/www.notibras.com\/site\/wp-content\/uploads\/2025\/08\/AA1KD624.jpg","width":768,"height":510},{"@type":"BreadcrumbList","@id":"https:\/\/www.notibras.com\/site\/reuniao-trump-putin-nao-silencia-canhoes-russos\/#breadcrumb","itemListElement":[{"@type":"ListItem","position":1,"name":"In\u00edcio","item":"https:\/\/www.notibras.com\/site\/"},{"@type":"ListItem","position":2,"name":"Reuni\u00e3o Trump-Putin n\u00e3o silencia canh\u00f5es russos"}]},{"@type":"WebSite","@id":"https:\/\/www.notibras.com\/site\/#website","url":"https:\/\/www.notibras.com\/site\/","name":"Notibras","description":"Not\u00edcias de Bras\u00edlia, do Brasil e do Mundo","publisher":{"@id":"https:\/\/www.notibras.com\/site\/#organization"},"potentialAction":[{"@type":"SearchAction","target":{"@type":"EntryPoint","urlTemplate":"https:\/\/www.notibras.com\/site\/?s={search_term_string}"},"query-input":{"@type":"PropertyValueSpecification","valueRequired":true,"valueName":"search_term_string"}}],"inLanguage":"pt-BR"},{"@type":"Organization","@id":"https:\/\/www.notibras.com\/site\/#organization","name":"Grupo Notibras de Comunica\u00e7\u00e3o","url":"https:\/\/www.notibras.com\/site\/","logo":{"@type":"ImageObject","inLanguage":"pt-BR","@id":"https:\/\/www.notibras.com\/site\/#\/schema\/logo\/image\/","url":"https:\/\/www.notibras.com\/site\/wp-content\/uploads\/2023\/01\/notibras23.png","contentUrl":"https:\/\/www.notibras.com\/site\/wp-content\/uploads\/2023\/01\/notibras23.png","width":350,"height":87,"caption":"Grupo Notibras de Comunica\u00e7\u00e3o"},"image":{"@id":"https:\/\/www.notibras.com\/site\/#\/schema\/logo\/image\/"},"sameAs":["https:\/\/www.facebook.com\/notibras\/","https:\/\/x.com\/Notibras","https:\/\/www.instagram.com\/notibras\/"]},{"@type":"Person","@id":"https:\/\/www.notibras.com\/site\/#\/schema\/person\/36ab0979449956132d3e5b517ea76ac8","name":"Reda\u00e7\u00e3o","image":{"@type":"ImageObject","inLanguage":"pt-BR","@id":"https:\/\/secure.gravatar.com\/avatar\/e0a867bdedb85fd243eadf09663511f96fc81e0720a4a42581f334ad4303aa6b?s=96&d=mm&r=g","url":"https:\/\/secure.gravatar.com\/avatar\/e0a867bdedb85fd243eadf09663511f96fc81e0720a4a42581f334ad4303aa6b?s=96&d=mm&r=g","contentUrl":"https:\/\/secure.gravatar.com\/avatar\/e0a867bdedb85fd243eadf09663511f96fc81e0720a4a42581f334ad4303aa6b?s=96&d=mm&r=g","caption":"Reda\u00e7\u00e3o"}}]}},"amp_enabled":true,"_links":{"self":[{"href":"https:\/\/www.notibras.com\/site\/wp-json\/wp\/v2\/posts\/361199","targetHints":{"allow":["GET"]}}],"collection":[{"href":"https:\/\/www.notibras.com\/site\/wp-json\/wp\/v2\/posts"}],"about":[{"href":"https:\/\/www.notibras.com\/site\/wp-json\/wp\/v2\/types\/post"}],"author":[{"embeddable":true,"href":"https:\/\/www.notibras.com\/site\/wp-json\/wp\/v2\/users\/2"}],"replies":[{"embeddable":true,"href":"https:\/\/www.notibras.com\/site\/wp-json\/wp\/v2\/comments?post=361199"}],"version-history":[{"count":2,"href":"https:\/\/www.notibras.com\/site\/wp-json\/wp\/v2\/posts\/361199\/revisions"}],"predecessor-version":[{"id":361202,"href":"https:\/\/www.notibras.com\/site\/wp-json\/wp\/v2\/posts\/361199\/revisions\/361202"}],"wp:featuredmedia":[{"embeddable":true,"href":"https:\/\/www.notibras.com\/site\/wp-json\/wp\/v2\/media\/361200"}],"wp:attachment":[{"href":"https:\/\/www.notibras.com\/site\/wp-json\/wp\/v2\/media?parent=361199"}],"wp:term":[{"taxonomy":"category","embeddable":true,"href":"https:\/\/www.notibras.com\/site\/wp-json\/wp\/v2\/categories?post=361199"},{"taxonomy":"post_tag","embeddable":true,"href":"https:\/\/www.notibras.com\/site\/wp-json\/wp\/v2\/tags?post=361199"}],"curies":[{"name":"wp","href":"https:\/\/api.w.org\/{rel}","templated":true}]}}