{"id":361253,"date":"2025-08-17T04:11:15","date_gmt":"2025-08-17T07:11:15","guid":{"rendered":"https:\/\/www.notibras.com\/site\/?p=361253"},"modified":"2025-08-17T10:45:46","modified_gmt":"2025-08-17T13:45:46","slug":"celina-fecha-funil-do-buriti-e-deixa-brecha-para-negociar-o-vice","status":"publish","type":"post","link":"https:\/\/www.notibras.com\/site\/celina-fecha-funil-do-buriti-e-deixa-brecha-para-negociar-o-vice\/","title":{"rendered":"Celina fecha funil do Buriti e deixa brecha para negociar o vice"},"content":{"rendered":"<p>O calend\u00e1rio eleitoral pode at\u00e9 apontar 2026 como algo distante, mas em Bras\u00edlia a sucess\u00e3o do Buriti j\u00e1 tem arranjo desenhado e personagens definidos. No centro do palco, a vice-governadora Celina Le\u00e3o (PP) desponta como candidata natural \u00e0 cadeira de Ibaneis Rocha (MDB), que ensaia uma transi\u00e7\u00e3o suave para o Senado. A C\u00e2mara Alta \u00e9 o destino comum de governadores que n\u00e3o querem largar o poder, mas preferem a rotina menos desgastante de dois ou tr\u00eas discursos por semana.<\/p>\n<p>O roteiro que se v\u00ea na capital da Rep\u00fablica, que me foi desenhado por analistas pol\u00edticos na semana que passei na cidade, \u00e9 simples. Ibaneis mira uma das duas vagas ao Senado; a outra est\u00e1 reservada, na pr\u00e1tica, para Michelle Bolsonaro (PL), que transformou a figura de ex-primeira-dama em ativo pol\u00edtico de peso. No c\u00e1lculo dos estrategistas, o eleitorado conservador de Bras\u00edlia, que nos \u00faltimos anos sempre fiel a Jair Bolsonaro, teria votos de sobra para garantir a dobradinha.<\/p>\n<p>Nesse contexto, Celina caminha com confian\u00e7a. Amparada pelo ex-presidente, ela \u00e9 tratada como favorita absoluta, a ponto de seus aliados falarem em \u201celei\u00e7\u00e3o decidida\u201d antes mesmo da largada. A compara\u00e7\u00e3o n\u00e3o \u00e9 gratuita. Afinal, no Distrito Federal, Bolsonaro sempre esteve acima da m\u00e9dia nacional em vota\u00e7\u00e3o, e a esquerda, fragmentada, segue sem um nome capaz de romper sua pr\u00f3pria bolha. O resultado \u00e9 uma disputa assim\u00e9trica, onde o campo progressista parece mais preocupado em costurar alian\u00e7as de sobreviv\u00eancia do que em apresentar uma candidatura competitiva.<\/p>\n<p>Mas h\u00e1 um detalhe que ainda intriga os bastidores. Trata-se da escola do vice. Celina fechou o funil em torno de si, mas manteve uma brecha estrat\u00e9gica para negocia\u00e7\u00e3o. E \u00e9 nessa porta entreaberta que entram PSD e Republicanos, dois partidos que orbitam a direita e oferecem musculatura pol\u00edtica para completar a chapa. N\u00e3o se trata apenas de compor, uma vez que o vice, nesse caso, pode garantir blindagem parlamentar e espa\u00e7o de barganha no futuro governo.<\/p>\n<p>O quadro atual sugere uma elei\u00e7\u00e3o quase plebiscit\u00e1ria. \u00c9 que vemos de um lado, a for\u00e7a consolidada do bolsonarismo com Celina e Michelle; do outro, uma esquerda enfraquecida, que ainda n\u00e3o conseguiu superar o trauma das derrotas em s\u00e9rie na capital. O eleitorado brasiliense, conservador por natureza, parece inclinado a repetir o script.<\/p>\n<p>\u00c9 certo que o processo sucess\u00f3rio no Distrito Federal come\u00e7a a se definir com anteced\u00eancia rara. Fossem as elei\u00e7\u00f5es hoje, Celina Le\u00e3o, Ibaneis Rocha e Michelle Bolsonaro ocupariam as tr\u00eas cadeiras principais. O que resta, agora, \u00e9 assistir \u00e0s movimenta\u00e7\u00f5es de bastidor para a composi\u00e7\u00e3o da chapa e \u00e0 eterna tentativa da oposi\u00e7\u00e3o de encontrar uma brecha no muro. Se haver\u00e1 espa\u00e7o para surpresas, s\u00f3 os pr\u00f3ximos meses dir\u00e3o. Mas pelo andar da carruagem, o trio de eleitos \u00e9 o citado acima.<\/p>\n","protected":false},"excerpt":{"rendered":"<p>O calend\u00e1rio eleitoral pode at\u00e9 apontar 2026 como algo distante, mas em Bras\u00edlia a sucess\u00e3o do Buriti j\u00e1 tem arranjo desenhado e personagens definidos. No centro do palco, a vice-governadora Celina Le\u00e3o (PP) desponta como candidata natural \u00e0 cadeira de Ibaneis Rocha (MDB), que ensaia uma transi\u00e7\u00e3o suave para o Senado. A C\u00e2mara Alta \u00e9 [&hellip;]<\/p>\n","protected":false},"author":2,"featured_media":361254,"comment_status":"closed","ping_status":"closed","sticky":false,"template":"","format":"standard","meta":{"_acf_changed":false,"footnotes":""},"categories":[161],"tags":[95],"class_list":["post-361253","post","type-post","status-publish","format-standard","has-post-thumbnail","hentry","category-quadradinho-em-foco","tag-capa"],"acf":[],"_links":{"self":[{"href":"https:\/\/www.notibras.com\/site\/wp-json\/wp\/v2\/posts\/361253","targetHints":{"allow":["GET"]}}],"collection":[{"href":"https:\/\/www.notibras.com\/site\/wp-json\/wp\/v2\/posts"}],"about":[{"href":"https:\/\/www.notibras.com\/site\/wp-json\/wp\/v2\/types\/post"}],"author":[{"embeddable":true,"href":"https:\/\/www.notibras.com\/site\/wp-json\/wp\/v2\/users\/2"}],"replies":[{"embeddable":true,"href":"https:\/\/www.notibras.com\/site\/wp-json\/wp\/v2\/comments?post=361253"}],"version-history":[{"count":6,"href":"https:\/\/www.notibras.com\/site\/wp-json\/wp\/v2\/posts\/361253\/revisions"}],"predecessor-version":[{"id":361337,"href":"https:\/\/www.notibras.com\/site\/wp-json\/wp\/v2\/posts\/361253\/revisions\/361337"}],"wp:featuredmedia":[{"embeddable":true,"href":"https:\/\/www.notibras.com\/site\/wp-json\/wp\/v2\/media\/361254"}],"wp:attachment":[{"href":"https:\/\/www.notibras.com\/site\/wp-json\/wp\/v2\/media?parent=361253"}],"wp:term":[{"taxonomy":"category","embeddable":true,"href":"https:\/\/www.notibras.com\/site\/wp-json\/wp\/v2\/categories?post=361253"},{"taxonomy":"post_tag","embeddable":true,"href":"https:\/\/www.notibras.com\/site\/wp-json\/wp\/v2\/tags?post=361253"}],"curies":[{"name":"wp","href":"https:\/\/api.w.org\/{rel}","templated":true}]}}