{"id":361351,"date":"2025-08-18T02:00:51","date_gmt":"2025-08-18T05:00:51","guid":{"rendered":"https:\/\/www.notibras.com\/site\/?p=361351"},"modified":"2025-08-17T16:44:45","modified_gmt":"2025-08-17T19:44:45","slug":"prevaricacao-e-melancia","status":"publish","type":"post","link":"https:\/\/www.notibras.com\/site\/prevaricacao-e-melancia\/","title":{"rendered":"Prevarica\u00e7\u00e3o e melancia"},"content":{"rendered":"<p>H\u00e1 coisas que nos reportam para fatos h\u00e1 tempos ocorridos. E foi o que aconteceu comigo na semana passada, quando precisei ir ao Setor Comercial Sul, aqui em Bras\u00edlia, para resolver pendengas deixadas de lado at\u00e9 que, n\u00e3o podendo mais esticar a prevarica\u00e7\u00e3o, fui num misto de pregui\u00e7a e culpa, sentimentos que desde sempre me s\u00e3o t\u00e3o fi\u00e9is.<\/p>\n<p>Enquanto caminhava pelas cal\u00e7adas apinhadas de gente, percebi um ambulante vendendo frutas. Na verdade, o que me chamou a aten\u00e7\u00e3o mesmo foi que ele, com a destreza de um profissional do ramo, fatiava uma melancia. Segui meu caminho e deixei o vendedor e sua banca para tr\u00e1s, mesmo porque queria resolver logo o que vinha adiando h\u00e1 praticamente dois anos. Mera confec\u00e7\u00e3o da carteira digital no conselho que regula a minha profiss\u00e3o.<\/p>\n<p>Nem sei por que me dei a esse trabalho, j\u00e1 que pretendo me aposentar nos pr\u00f3ximos meses. Seja como for, fiz o que a modernidade clama \u00e0queles que querem se enquadrar aos novos tempos. Pois \u00e9, como se isso me colocasse nesse balaio de antenados, justamente eu, um not\u00f3rio, e n\u00e3o not\u00e1vel, diga-se de passagem, do of\u00edcio que escolhi ou, n\u00e3o descarto tal possibilidade, fui empurrado na long\u00ednqua juventude nos idos de 1973.<\/p>\n<p>Assim que meus gastos sapatos voltaram \u00e0 cal\u00e7ada, avistei novamente o camel\u00f4. Pelo n\u00famero reduzido de fatias de melancia sobre a bancada, percebi que, provavelmente, se tratava de pujante comerciante local. E, por mero impulso, fui at\u00e9 ele.<\/p>\n<p>\u2014 Bom dia! Quanto t\u00e1 a melancia?<\/p>\n<p>\u2014 Bom dia! Cinco reais.<\/p>\n<p>N\u00e3o sei se inf\u00e2ncia tem sabor, mas, caso tivesse, a minha seria que nem melancia. Sent\u00e1vamos debaixo de uma \u00e1rvore enquanto devor\u00e1vamos uma inteirinha aos nacos, cujo sumo escorria pelos cantos das bocas felizes. Dias de melancia, invariavelmente, se tornavam noites assustadoras, pelo menos para mim.<\/p>\n<p>Morava em uma casa modesta, mas com tr\u00eas quartos enfileirados em um corredor que me parecia enorme. E, l\u00e1 no fundo, o \u00fanico banheiro. E sempre acordava de madrugada para fazer xixi, enquanto a escurid\u00e3o era como se Deus estivesse de olhos fechados. Ou tomava coragem para enfrentar o medo ou, ent\u00e3o, teria que aguentar as goza\u00e7\u00f5es na manh\u00e3 seguinte quando descobrissem que havia molhado a cama.<\/p>\n<p>Enquanto mordiscava a parte esbranqui\u00e7ada da melancia, n\u00e3o consegui evitar sorrir e, como consequ\u00eancia, me engasguei.<\/p>\n<p>\u2014 O senhor est\u00e1 bem?<\/p>\n<p>\u2014 Sim, sim, estou. \u00c9 que me lembrei de algo engra\u00e7ado.<\/p>\n<p>N\u00e3o quis revelar minhas mem\u00f3rias ao vendedor, que, certamente, teria coisas mais urgentes para se preocupar. Caminhei at\u00e9 a W3, peguei o Grande Circular e desci j\u00e1 pr\u00f3ximo ao meu apartamento na Asa Norte. Mal abri a porta, minha esposa me recebeu com um beijo.<\/p>\n<p>\u2014 E a\u00ed, meu bem, conseguiu fazer a carteira digital?<\/p>\n<p>\u2014 Sim.<\/p>\n<p>\u2014 Deixa-me ver.<\/p>\n<p>Enquanto Arlete olhava a nova identidade no meu aparelho celular, voltei a pensar nos meus tempos de menino.<\/p>\n<p>\u2014 Comi melancia.<\/p>\n<p>\u2014 Que bom! Voc\u00ea quase n\u00e3o come fruta.<\/p>\n<p>\u2014 Ainda bem que dormimos na su\u00edte.<\/p>\n<p>Minha mulher ficou sem entender essa parte. Talvez um dia, eu lhe conte.<\/p>\n<p>\u2026\u2026\u2026\u2026\u2026\u2026\u2026\u2026<\/p>\n<p><strong>Eduardo Mart\u00ednez \u00e9 autor do livro \u201957 Contos e Cr\u00f4nicas por um Autor Muito Velho\u2019<\/strong><\/p>\n<p><strong>Compre aqui<\/strong>\u00a0<img decoding=\"async\" class=\"emoji\" role=\"img\" draggable=\"false\" src=\"https:\/\/s.w.org\/images\/core\/emoji\/16.0.1\/svg\/1f447-1f3ff.svg\" alt=\"\" \/><\/p>\n<p><a href=\"https:\/\/www.joanineditora.com.br\/57-contos-e-cronicas-por-um-autor-muito-velho\">https:\/\/www.joanineditora.com.br\/57-contos-e-cronicas-por-um-autor-muito-velho<\/a><\/p>\n","protected":false},"excerpt":{"rendered":"<p>H\u00e1 coisas que nos reportam para fatos h\u00e1 tempos ocorridos. E foi o que aconteceu comigo na semana passada, quando precisei ir ao Setor Comercial Sul, aqui em Bras\u00edlia, para resolver pendengas deixadas de lado at\u00e9 que, n\u00e3o podendo mais esticar a prevarica\u00e7\u00e3o, fui num misto de pregui\u00e7a e culpa, sentimentos que desde sempre me [&hellip;]<\/p>\n","protected":false},"author":21,"featured_media":361352,"comment_status":"closed","ping_status":"closed","sticky":false,"template":"","format":"standard","meta":{"_acf_changed":false,"footnotes":""},"categories":[161],"tags":[],"class_list":["post-361351","post","type-post","status-publish","format-standard","has-post-thumbnail","hentry","category-quadradinho-em-foco"],"acf":[],"_links":{"self":[{"href":"https:\/\/www.notibras.com\/site\/wp-json\/wp\/v2\/posts\/361351","targetHints":{"allow":["GET"]}}],"collection":[{"href":"https:\/\/www.notibras.com\/site\/wp-json\/wp\/v2\/posts"}],"about":[{"href":"https:\/\/www.notibras.com\/site\/wp-json\/wp\/v2\/types\/post"}],"author":[{"embeddable":true,"href":"https:\/\/www.notibras.com\/site\/wp-json\/wp\/v2\/users\/21"}],"replies":[{"embeddable":true,"href":"https:\/\/www.notibras.com\/site\/wp-json\/wp\/v2\/comments?post=361351"}],"version-history":[{"count":2,"href":"https:\/\/www.notibras.com\/site\/wp-json\/wp\/v2\/posts\/361351\/revisions"}],"predecessor-version":[{"id":361354,"href":"https:\/\/www.notibras.com\/site\/wp-json\/wp\/v2\/posts\/361351\/revisions\/361354"}],"wp:featuredmedia":[{"embeddable":true,"href":"https:\/\/www.notibras.com\/site\/wp-json\/wp\/v2\/media\/361352"}],"wp:attachment":[{"href":"https:\/\/www.notibras.com\/site\/wp-json\/wp\/v2\/media?parent=361351"}],"wp:term":[{"taxonomy":"category","embeddable":true,"href":"https:\/\/www.notibras.com\/site\/wp-json\/wp\/v2\/categories?post=361351"},{"taxonomy":"post_tag","embeddable":true,"href":"https:\/\/www.notibras.com\/site\/wp-json\/wp\/v2\/tags?post=361351"}],"curies":[{"name":"wp","href":"https:\/\/api.w.org\/{rel}","templated":true}]}}