{"id":361383,"date":"2025-08-18T08:50:12","date_gmt":"2025-08-18T11:50:12","guid":{"rendered":"https:\/\/www.notibras.com\/site\/?p=361383"},"modified":"2025-08-18T08:50:12","modified_gmt":"2025-08-18T11:50:12","slug":"putin-de-olho-em-trump-que-recebe-zelensky","status":"publish","type":"post","link":"https:\/\/www.notibras.com\/site\/putin-de-olho-em-trump-que-recebe-zelensky\/","title":{"rendered":"Putin de olho em Trump, que recebe Zelensky"},"content":{"rendered":"<p>Uma reuni\u00e3o tensa est\u00e1 prestes a ocorrer nesta segunda, 18, na Casa Branca com Volodimyr Zelenskyy e uma delega\u00e7\u00e3o europeia diante de um Donald Trump que j\u00e1 sinalizou concess\u00f5es \u00e0 R\u00fassia para acabar com a guerra na Ucr\u00e2nia. O debate \u00e9 sobre integridade territorial, garantias de seguran\u00e7a e os limites da diplomacia em tempos de guerra.<\/p>\n<p>Na sexta-feira, 15, ocorreu a c\u00fapula Trump\u2013Putin em Anchorage (Alasca), sem a participa\u00e7\u00e3o da Ucr\u00e2nia. N\u00e3o houve acordo formal sobre um cessar-fogo. Trump voltou de l\u00e1 sugerindo que os contornos da paz giravam em torno de concess\u00f5es ucranianas, mudando seu tom em rela\u00e7\u00e3o \u00e0s posi\u00e7\u00f5es anteriores mais duras contra a R\u00fassia.<br \/>\n.<br \/>\nNa capital dos EUA, Trump se reunir\u00e1 com Zelenskyy \u2014 inicialmente de forma privada \u2014 seguido por uma segunda etapa com a presen\u00e7a de l\u00edderes europeus: a presidente da Comiss\u00e3o Europeia Ursula von der Leyen, o primeiro-ministro brit\u00e2nico Keir Starmer, o chanceler alem\u00e3o Friedrich Merz, a presidente italiana Giorgia Meloni, o presidente da Finl\u00e2ndia Alexander Stubb, al\u00e9m do secret\u00e1rio-geral da OTAN Mark Rutte.<\/p>\n<p>Nos dias que antecederam o encontro, Trump intensificou sua press\u00e3o sobre Zelenskyy, afirmando em rede social que a Ucr\u00e2nia poderia &#8220;encerrar a guerra quase imediatamente&#8221; se desejasse, mas insistiu que Kiev abandonasse as pretens\u00f5es de recuperar a Crimeia e ingressar na OTAN.<\/p>\n<p>Zelenskyy respondeu com firmeza nas redes, destacando que a paz deve ser &#8220;duradoura&#8221; e n\u00e3o se repetir os erros vistos ap\u00f3s a anexa\u00e7\u00e3o da Crimeia e a escalada russa na Donbass.<\/p>\n<p>Os l\u00edderes europeus viajam em solidariedade com Zelenskyy, buscando refor\u00e7ar uma posi\u00e7\u00e3o comum: garantir a integridade territorial da Ucr\u00e2nia e exigir garantias de seguran\u00e7a firmes como condi\u00e7\u00e3o para negociar da paz<\/p>\n<p>H\u00e1 receio crescente de que os EUA, com Trump no comando, possam pressionar por termos favor\u00e1veis demais \u00e0 R\u00fassia \u2014 o que deixaria a Europa exposta caso Washington recue no futuro.<\/p>\n<p>Enquanto isso, os ataques russos continuam incessantes: em Kharkiv, drones e m\u00edsseis mataram civis, incluindo uma crian\u00e7a, apenas na v\u00e9spera da reuni\u00e3o \u2014 ressaltando a urg\u00eancia da quest\u00e3o humanit\u00e1ria e militar.<\/p>\n<p><strong>O que est\u00e1 em jogo<\/strong><br \/>\nPara Zelenskyy: evitar ser isolado; obter garantias concretas e duradouras.<\/p>\n<p>Para a Europa: mostrar unidade e exigir diplomacia que respeite a soberania ucraniana.<\/p>\n<p>Para Trump: consolidar sua pr\u00f3pria vis\u00e3o de paz \u2014 possivelmente sem concess\u00f5es a orienta\u00e7\u00e3o europeia.<\/p>\n","protected":false},"excerpt":{"rendered":"<p>Uma reuni\u00e3o tensa est\u00e1 prestes a ocorrer nesta segunda, 18, na Casa Branca com Volodimyr Zelenskyy e uma delega\u00e7\u00e3o europeia diante de um Donald Trump que j\u00e1 sinalizou concess\u00f5es \u00e0 R\u00fassia para acabar com a guerra na Ucr\u00e2nia. O debate \u00e9 sobre integridade territorial, garantias de seguran\u00e7a e os limites da diplomacia em tempos de [&hellip;]<\/p>\n","protected":false},"author":2,"featured_media":361384,"comment_status":"closed","ping_status":"closed","sticky":false,"template":"","format":"standard","meta":{"_acf_changed":false,"footnotes":""},"categories":[159],"tags":[],"class_list":["post-361383","post","type-post","status-publish","format-standard","has-post-thumbnail","hentry","category-apocalipse"],"acf":[],"yoast_head":"<!-- This site is optimized with the Yoast SEO plugin v27.2 - https:\/\/yoast.com\/product\/yoast-seo-wordpress\/ -->\n<title>Putin de olho em Trump, que recebe Zelensky - Notibras<\/title>\n<meta name=\"robots\" content=\"index, follow, max-snippet:-1, max-image-preview:large, max-video-preview:-1\" \/>\n<link rel=\"canonical\" href=\"https:\/\/www.notibras.com\/site\/putin-de-olho-em-trump-que-recebe-zelensky\/\" \/>\n<meta property=\"og:locale\" content=\"pt_BR\" \/>\n<meta property=\"og:type\" content=\"article\" \/>\n<meta property=\"og:title\" content=\"Putin de olho em Trump, que recebe Zelensky - Notibras\" \/>\n<meta property=\"og:description\" content=\"Uma reuni\u00e3o tensa est\u00e1 prestes a ocorrer nesta segunda, 18, na Casa Branca com Volodimyr Zelenskyy e uma delega\u00e7\u00e3o europeia diante de um Donald Trump que j\u00e1 sinalizou concess\u00f5es \u00e0 R\u00fassia para acabar com a guerra na Ucr\u00e2nia. O debate \u00e9 sobre integridade territorial, garantias de seguran\u00e7a e os limites da diplomacia em tempos de [&hellip;]\" \/>\n<meta property=\"og:url\" content=\"https:\/\/www.notibras.com\/site\/putin-de-olho-em-trump-que-recebe-zelensky\/\" \/>\n<meta property=\"og:site_name\" content=\"Notibras\" \/>\n<meta property=\"article:publisher\" content=\"https:\/\/www.facebook.com\/notibras\/\" \/>\n<meta property=\"article:published_time\" content=\"2025-08-18T11:50:12+00:00\" \/>\n<meta property=\"og:image\" content=\"https:\/\/www.notibras.com\/site\/wp-content\/uploads\/2025\/08\/2025-02-28t183318z_1793863202_rc2t3da4l98t_rtrmadp_3_ukraine-crisis-usa.webp\" \/>\n\t<meta property=\"og:image:width\" content=\"1170\" \/>\n\t<meta property=\"og:image:height\" content=\"700\" \/>\n\t<meta property=\"og:image:type\" content=\"image\/webp\" \/>\n<meta name=\"author\" content=\"Reda\u00e7\u00e3o\" \/>\n<meta name=\"twitter:card\" content=\"summary_large_image\" \/>\n<meta name=\"twitter:creator\" content=\"@Notibras\" \/>\n<meta name=\"twitter:site\" content=\"@Notibras\" \/>\n<meta name=\"twitter:label1\" content=\"Escrito por\" \/>\n\t<meta name=\"twitter:data1\" content=\"Reda\u00e7\u00e3o\" \/>\n\t<meta name=\"twitter:label2\" content=\"Est. tempo de leitura\" \/>\n\t<meta name=\"twitter:data2\" content=\"3 minutos\" \/>\n<script type=\"application\/ld+json\" class=\"yoast-schema-graph\">{\"@context\":\"https:\/\/schema.org\",\"@graph\":[{\"@type\":\"Article\",\"@id\":\"https:\/\/www.notibras.com\/site\/putin-de-olho-em-trump-que-recebe-zelensky\/#article\",\"isPartOf\":{\"@id\":\"https:\/\/www.notibras.com\/site\/putin-de-olho-em-trump-que-recebe-zelensky\/\"},\"author\":{\"name\":\"Reda\u00e7\u00e3o\",\"@id\":\"https:\/\/www.notibras.com\/site\/#\/schema\/person\/36ab0979449956132d3e5b517ea76ac8\"},\"headline\":\"Putin de olho em Trump, que recebe Zelensky\",\"datePublished\":\"2025-08-18T11:50:12+00:00\",\"mainEntityOfPage\":{\"@id\":\"https:\/\/www.notibras.com\/site\/putin-de-olho-em-trump-que-recebe-zelensky\/\"},\"wordCount\":425,\"publisher\":{\"@id\":\"https:\/\/www.notibras.com\/site\/#organization\"},\"image\":{\"@id\":\"https:\/\/www.notibras.com\/site\/putin-de-olho-em-trump-que-recebe-zelensky\/#primaryimage\"},\"thumbnailUrl\":\"https:\/\/www.notibras.com\/site\/wp-content\/uploads\/2025\/08\/2025-02-28t183318z_1793863202_rc2t3da4l98t_rtrmadp_3_ukraine-crisis-usa.webp\",\"articleSection\":[\"Apocalipse\"],\"inLanguage\":\"pt-BR\"},{\"@type\":\"WebPage\",\"@id\":\"https:\/\/www.notibras.com\/site\/putin-de-olho-em-trump-que-recebe-zelensky\/\",\"url\":\"https:\/\/www.notibras.com\/site\/putin-de-olho-em-trump-que-recebe-zelensky\/\",\"name\":\"Putin de olho em Trump, que recebe Zelensky - Notibras\",\"isPartOf\":{\"@id\":\"https:\/\/www.notibras.com\/site\/#website\"},\"primaryImageOfPage\":{\"@id\":\"https:\/\/www.notibras.com\/site\/putin-de-olho-em-trump-que-recebe-zelensky\/#primaryimage\"},\"image\":{\"@id\":\"https:\/\/www.notibras.com\/site\/putin-de-olho-em-trump-que-recebe-zelensky\/#primaryimage\"},\"thumbnailUrl\":\"https:\/\/www.notibras.com\/site\/wp-content\/uploads\/2025\/08\/2025-02-28t183318z_1793863202_rc2t3da4l98t_rtrmadp_3_ukraine-crisis-usa.webp\",\"datePublished\":\"2025-08-18T11:50:12+00:00\",\"breadcrumb\":{\"@id\":\"https:\/\/www.notibras.com\/site\/putin-de-olho-em-trump-que-recebe-zelensky\/#breadcrumb\"},\"inLanguage\":\"pt-BR\",\"potentialAction\":[{\"@type\":\"ReadAction\",\"target\":[\"https:\/\/www.notibras.com\/site\/putin-de-olho-em-trump-que-recebe-zelensky\/\"]}]},{\"@type\":\"ImageObject\",\"inLanguage\":\"pt-BR\",\"@id\":\"https:\/\/www.notibras.com\/site\/putin-de-olho-em-trump-que-recebe-zelensky\/#primaryimage\",\"url\":\"https:\/\/www.notibras.com\/site\/wp-content\/uploads\/2025\/08\/2025-02-28t183318z_1793863202_rc2t3da4l98t_rtrmadp_3_ukraine-crisis-usa.webp\",\"contentUrl\":\"https:\/\/www.notibras.com\/site\/wp-content\/uploads\/2025\/08\/2025-02-28t183318z_1793863202_rc2t3da4l98t_rtrmadp_3_ukraine-crisis-usa.webp\",\"width\":1170,\"height\":700},{\"@type\":\"BreadcrumbList\",\"@id\":\"https:\/\/www.notibras.com\/site\/putin-de-olho-em-trump-que-recebe-zelensky\/#breadcrumb\",\"itemListElement\":[{\"@type\":\"ListItem\",\"position\":1,\"name\":\"In\u00edcio\",\"item\":\"https:\/\/www.notibras.com\/site\/\"},{\"@type\":\"ListItem\",\"position\":2,\"name\":\"Putin de olho em Trump, que recebe Zelensky\"}]},{\"@type\":\"WebSite\",\"@id\":\"https:\/\/www.notibras.com\/site\/#website\",\"url\":\"https:\/\/www.notibras.com\/site\/\",\"name\":\"Notibras\",\"description\":\"Not\u00edcias de Bras\u00edlia, do Brasil e do Mundo\",\"publisher\":{\"@id\":\"https:\/\/www.notibras.com\/site\/#organization\"},\"potentialAction\":[{\"@type\":\"SearchAction\",\"target\":{\"@type\":\"EntryPoint\",\"urlTemplate\":\"https:\/\/www.notibras.com\/site\/?s={search_term_string}\"},\"query-input\":{\"@type\":\"PropertyValueSpecification\",\"valueRequired\":true,\"valueName\":\"search_term_string\"}}],\"inLanguage\":\"pt-BR\"},{\"@type\":\"Organization\",\"@id\":\"https:\/\/www.notibras.com\/site\/#organization\",\"name\":\"Grupo Notibras de Comunica\u00e7\u00e3o\",\"url\":\"https:\/\/www.notibras.com\/site\/\",\"logo\":{\"@type\":\"ImageObject\",\"inLanguage\":\"pt-BR\",\"@id\":\"https:\/\/www.notibras.com\/site\/#\/schema\/logo\/image\/\",\"url\":\"https:\/\/www.notibras.com\/site\/wp-content\/uploads\/2023\/01\/notibras23.png\",\"contentUrl\":\"https:\/\/www.notibras.com\/site\/wp-content\/uploads\/2023\/01\/notibras23.png\",\"width\":350,\"height\":87,\"caption\":\"Grupo Notibras de Comunica\u00e7\u00e3o\"},\"image\":{\"@id\":\"https:\/\/www.notibras.com\/site\/#\/schema\/logo\/image\/\"},\"sameAs\":[\"https:\/\/www.facebook.com\/notibras\/\",\"https:\/\/x.com\/Notibras\",\"https:\/\/www.instagram.com\/notibras\/\"]},{\"@type\":\"Person\",\"@id\":\"https:\/\/www.notibras.com\/site\/#\/schema\/person\/36ab0979449956132d3e5b517ea76ac8\",\"name\":\"Reda\u00e7\u00e3o\",\"image\":{\"@type\":\"ImageObject\",\"inLanguage\":\"pt-BR\",\"@id\":\"https:\/\/secure.gravatar.com\/avatar\/e0a867bdedb85fd243eadf09663511f96fc81e0720a4a42581f334ad4303aa6b?s=96&d=mm&r=g\",\"url\":\"https:\/\/secure.gravatar.com\/avatar\/e0a867bdedb85fd243eadf09663511f96fc81e0720a4a42581f334ad4303aa6b?s=96&d=mm&r=g\",\"contentUrl\":\"https:\/\/secure.gravatar.com\/avatar\/e0a867bdedb85fd243eadf09663511f96fc81e0720a4a42581f334ad4303aa6b?s=96&d=mm&r=g\",\"caption\":\"Reda\u00e7\u00e3o\"}}]}<\/script>\n<!-- \/ Yoast SEO plugin. -->","yoast_head_json":{"title":"Putin de olho em Trump, que recebe Zelensky - Notibras","robots":{"index":"index","follow":"follow","max-snippet":"max-snippet:-1","max-image-preview":"max-image-preview:large","max-video-preview":"max-video-preview:-1"},"canonical":"https:\/\/www.notibras.com\/site\/putin-de-olho-em-trump-que-recebe-zelensky\/","og_locale":"pt_BR","og_type":"article","og_title":"Putin de olho em Trump, que recebe Zelensky - Notibras","og_description":"Uma reuni\u00e3o tensa est\u00e1 prestes a ocorrer nesta segunda, 18, na Casa Branca com Volodimyr Zelenskyy e uma delega\u00e7\u00e3o europeia diante de um Donald Trump que j\u00e1 sinalizou concess\u00f5es \u00e0 R\u00fassia para acabar com a guerra na Ucr\u00e2nia. O debate \u00e9 sobre integridade territorial, garantias de seguran\u00e7a e os limites da diplomacia em tempos de [&hellip;]","og_url":"https:\/\/www.notibras.com\/site\/putin-de-olho-em-trump-que-recebe-zelensky\/","og_site_name":"Notibras","article_publisher":"https:\/\/www.facebook.com\/notibras\/","article_published_time":"2025-08-18T11:50:12+00:00","og_image":[{"width":1170,"height":700,"url":"https:\/\/www.notibras.com\/site\/wp-content\/uploads\/2025\/08\/2025-02-28t183318z_1793863202_rc2t3da4l98t_rtrmadp_3_ukraine-crisis-usa.webp","type":"image\/webp"}],"author":"Reda\u00e7\u00e3o","twitter_card":"summary_large_image","twitter_creator":"@Notibras","twitter_site":"@Notibras","twitter_misc":{"Escrito por":"Reda\u00e7\u00e3o","Est. tempo de leitura":"3 minutos"},"schema":{"@context":"https:\/\/schema.org","@graph":[{"@type":"Article","@id":"https:\/\/www.notibras.com\/site\/putin-de-olho-em-trump-que-recebe-zelensky\/#article","isPartOf":{"@id":"https:\/\/www.notibras.com\/site\/putin-de-olho-em-trump-que-recebe-zelensky\/"},"author":{"name":"Reda\u00e7\u00e3o","@id":"https:\/\/www.notibras.com\/site\/#\/schema\/person\/36ab0979449956132d3e5b517ea76ac8"},"headline":"Putin de olho em Trump, que recebe Zelensky","datePublished":"2025-08-18T11:50:12+00:00","mainEntityOfPage":{"@id":"https:\/\/www.notibras.com\/site\/putin-de-olho-em-trump-que-recebe-zelensky\/"},"wordCount":425,"publisher":{"@id":"https:\/\/www.notibras.com\/site\/#organization"},"image":{"@id":"https:\/\/www.notibras.com\/site\/putin-de-olho-em-trump-que-recebe-zelensky\/#primaryimage"},"thumbnailUrl":"https:\/\/www.notibras.com\/site\/wp-content\/uploads\/2025\/08\/2025-02-28t183318z_1793863202_rc2t3da4l98t_rtrmadp_3_ukraine-crisis-usa.webp","articleSection":["Apocalipse"],"inLanguage":"pt-BR"},{"@type":"WebPage","@id":"https:\/\/www.notibras.com\/site\/putin-de-olho-em-trump-que-recebe-zelensky\/","url":"https:\/\/www.notibras.com\/site\/putin-de-olho-em-trump-que-recebe-zelensky\/","name":"Putin de olho em Trump, que recebe Zelensky - Notibras","isPartOf":{"@id":"https:\/\/www.notibras.com\/site\/#website"},"primaryImageOfPage":{"@id":"https:\/\/www.notibras.com\/site\/putin-de-olho-em-trump-que-recebe-zelensky\/#primaryimage"},"image":{"@id":"https:\/\/www.notibras.com\/site\/putin-de-olho-em-trump-que-recebe-zelensky\/#primaryimage"},"thumbnailUrl":"https:\/\/www.notibras.com\/site\/wp-content\/uploads\/2025\/08\/2025-02-28t183318z_1793863202_rc2t3da4l98t_rtrmadp_3_ukraine-crisis-usa.webp","datePublished":"2025-08-18T11:50:12+00:00","breadcrumb":{"@id":"https:\/\/www.notibras.com\/site\/putin-de-olho-em-trump-que-recebe-zelensky\/#breadcrumb"},"inLanguage":"pt-BR","potentialAction":[{"@type":"ReadAction","target":["https:\/\/www.notibras.com\/site\/putin-de-olho-em-trump-que-recebe-zelensky\/"]}]},{"@type":"ImageObject","inLanguage":"pt-BR","@id":"https:\/\/www.notibras.com\/site\/putin-de-olho-em-trump-que-recebe-zelensky\/#primaryimage","url":"https:\/\/www.notibras.com\/site\/wp-content\/uploads\/2025\/08\/2025-02-28t183318z_1793863202_rc2t3da4l98t_rtrmadp_3_ukraine-crisis-usa.webp","contentUrl":"https:\/\/www.notibras.com\/site\/wp-content\/uploads\/2025\/08\/2025-02-28t183318z_1793863202_rc2t3da4l98t_rtrmadp_3_ukraine-crisis-usa.webp","width":1170,"height":700},{"@type":"BreadcrumbList","@id":"https:\/\/www.notibras.com\/site\/putin-de-olho-em-trump-que-recebe-zelensky\/#breadcrumb","itemListElement":[{"@type":"ListItem","position":1,"name":"In\u00edcio","item":"https:\/\/www.notibras.com\/site\/"},{"@type":"ListItem","position":2,"name":"Putin de olho em Trump, que recebe Zelensky"}]},{"@type":"WebSite","@id":"https:\/\/www.notibras.com\/site\/#website","url":"https:\/\/www.notibras.com\/site\/","name":"Notibras","description":"Not\u00edcias de Bras\u00edlia, do Brasil e do Mundo","publisher":{"@id":"https:\/\/www.notibras.com\/site\/#organization"},"potentialAction":[{"@type":"SearchAction","target":{"@type":"EntryPoint","urlTemplate":"https:\/\/www.notibras.com\/site\/?s={search_term_string}"},"query-input":{"@type":"PropertyValueSpecification","valueRequired":true,"valueName":"search_term_string"}}],"inLanguage":"pt-BR"},{"@type":"Organization","@id":"https:\/\/www.notibras.com\/site\/#organization","name":"Grupo Notibras de Comunica\u00e7\u00e3o","url":"https:\/\/www.notibras.com\/site\/","logo":{"@type":"ImageObject","inLanguage":"pt-BR","@id":"https:\/\/www.notibras.com\/site\/#\/schema\/logo\/image\/","url":"https:\/\/www.notibras.com\/site\/wp-content\/uploads\/2023\/01\/notibras23.png","contentUrl":"https:\/\/www.notibras.com\/site\/wp-content\/uploads\/2023\/01\/notibras23.png","width":350,"height":87,"caption":"Grupo Notibras de Comunica\u00e7\u00e3o"},"image":{"@id":"https:\/\/www.notibras.com\/site\/#\/schema\/logo\/image\/"},"sameAs":["https:\/\/www.facebook.com\/notibras\/","https:\/\/x.com\/Notibras","https:\/\/www.instagram.com\/notibras\/"]},{"@type":"Person","@id":"https:\/\/www.notibras.com\/site\/#\/schema\/person\/36ab0979449956132d3e5b517ea76ac8","name":"Reda\u00e7\u00e3o","image":{"@type":"ImageObject","inLanguage":"pt-BR","@id":"https:\/\/secure.gravatar.com\/avatar\/e0a867bdedb85fd243eadf09663511f96fc81e0720a4a42581f334ad4303aa6b?s=96&d=mm&r=g","url":"https:\/\/secure.gravatar.com\/avatar\/e0a867bdedb85fd243eadf09663511f96fc81e0720a4a42581f334ad4303aa6b?s=96&d=mm&r=g","contentUrl":"https:\/\/secure.gravatar.com\/avatar\/e0a867bdedb85fd243eadf09663511f96fc81e0720a4a42581f334ad4303aa6b?s=96&d=mm&r=g","caption":"Reda\u00e7\u00e3o"}}]}},"amp_enabled":true,"_links":{"self":[{"href":"https:\/\/www.notibras.com\/site\/wp-json\/wp\/v2\/posts\/361383","targetHints":{"allow":["GET"]}}],"collection":[{"href":"https:\/\/www.notibras.com\/site\/wp-json\/wp\/v2\/posts"}],"about":[{"href":"https:\/\/www.notibras.com\/site\/wp-json\/wp\/v2\/types\/post"}],"author":[{"embeddable":true,"href":"https:\/\/www.notibras.com\/site\/wp-json\/wp\/v2\/users\/2"}],"replies":[{"embeddable":true,"href":"https:\/\/www.notibras.com\/site\/wp-json\/wp\/v2\/comments?post=361383"}],"version-history":[{"count":1,"href":"https:\/\/www.notibras.com\/site\/wp-json\/wp\/v2\/posts\/361383\/revisions"}],"predecessor-version":[{"id":361385,"href":"https:\/\/www.notibras.com\/site\/wp-json\/wp\/v2\/posts\/361383\/revisions\/361385"}],"wp:featuredmedia":[{"embeddable":true,"href":"https:\/\/www.notibras.com\/site\/wp-json\/wp\/v2\/media\/361384"}],"wp:attachment":[{"href":"https:\/\/www.notibras.com\/site\/wp-json\/wp\/v2\/media?parent=361383"}],"wp:term":[{"taxonomy":"category","embeddable":true,"href":"https:\/\/www.notibras.com\/site\/wp-json\/wp\/v2\/categories?post=361383"},{"taxonomy":"post_tag","embeddable":true,"href":"https:\/\/www.notibras.com\/site\/wp-json\/wp\/v2\/tags?post=361383"}],"curies":[{"name":"wp","href":"https:\/\/api.w.org\/{rel}","templated":true}]}}