{"id":361420,"date":"2025-08-18T00:00:04","date_gmt":"2025-08-18T03:00:04","guid":{"rendered":"https:\/\/www.notibras.com\/site\/?p=361420"},"modified":"2025-08-18T11:03:24","modified_gmt":"2025-08-18T14:03:24","slug":"apoio-tecnico-e-credito-de-5-milhoes-fortalecem-agricultura-familiar","status":"publish","type":"post","link":"https:\/\/www.notibras.com\/site\/apoio-tecnico-e-credito-de-5-milhoes-fortalecem-agricultura-familiar\/","title":{"rendered":"Apoio t\u00e9cnico e cr\u00e9dito de 5 milh\u00f5es fortalecem agricultura familiar"},"content":{"rendered":"<p>Informa\u00e7\u00e3o, orienta\u00e7\u00e3o t\u00e9cnica e acesso ao cr\u00e9dito rural: foi com esses pilares que a produtora Maria Aparecida Pereira, 53 anos, decidiu inovar e apostar no cultivo de mirtilo, tamb\u00e9m conhecido como blueberry. Com o apoio da Empresa de Assist\u00eancia T\u00e9cnica e Extens\u00e3o Rural do Distrito Federal (Emater-DF) e a participa\u00e7\u00e3o em programas de fomento \u00e0 produ\u00e7\u00e3o agr\u00edcola, ela impulsionou seus neg\u00f3cios no campo.<\/p>\n<p>Apenas neste ano, mais de R$ 5 milh\u00f5es em cr\u00e9dito rural foram acessados por produtores do Distrito Federal com apoio t\u00e9cnico da Emater-DF. Ao todo, 89 projetos foram contratados por meio de programas como Prospera, Fundo de Desenvolvimento Rural (FDR) e Programa Nacional de Fortalecimento da Agricultura Familiar (Pronaf).<\/p>\n<p>\u201c\u00c9 uma oportunidade \u00fanica para a gente, que n\u00e3o tem dinheiro guardado. A gente recebe o produto antes e paga depois, com dois anos de car\u00eancia. \u00c9 muito vantajoso\u201d, afirma Maria Aparecida. \u201cRecebemos as mudas e, com o recurso, conseguimos comprar os recipientes e outros materiais necess\u00e1rios para a produ\u00e7\u00e3o.\u201d<\/p>\n<p>Al\u00e9m do cultivo de mirtilo, a produtora investiu na melhoria da produ\u00e7\u00e3o de leite, com apoio do Programa Nacional de Fortalecimento da Agricultura Familiar (Pronaf), de \u00e2mbito federal. Hoje, ela comercializa os produtos em feiras, mas j\u00e1 vislumbra novos horizontes: \u201cQueremos vender em maior volume e colocar os produtos em mercados. Isso vai nos permitir alcan\u00e7ar mais pessoas.\u201d<\/p>\n<p><strong>Informa\u00e7\u00e3o no campo<\/strong><br \/>\nA Rota da Fruticultura incentiva o cultivo de frutas com alto valor agregado e potencial de exporta\u00e7\u00e3o<br \/>\nA decis\u00e3o de cultivar mirtilo veio ap\u00f3s orienta\u00e7\u00e3o da Emater-DF. Maria Aparecida e a fam\u00edlia dela participaram de cursos e receberam consultoria t\u00e9cnica cont\u00ednua. \u201cEles est\u00e3o sempre por perto, dando for\u00e7a e trazendo informa\u00e7\u00f5es importantes. A ideia da planta\u00e7\u00e3o surgiu com a Rota da Fruticultura, e o extensionista rural da Emater me ajudou a entrar no programa\u201d, relata.<\/p>\n<p>Segundo o extensionista rural Fernando Landim, a Rota da Fruticultura \u00e9 uma iniciativa do Minist\u00e9rio da Integra\u00e7\u00e3o, com participa\u00e7\u00e3o da Embrapa, da Emater e da Secretaria de Agricultura, Abastecimento e Desenvolvimento Rural. O objetivo \u00e9 incentivar o cultivo de frutas com alto valor agregado e potencial de exporta\u00e7\u00e3o. \u201cS\u00e3o culturas com excelente produtividade e retorno financeiro significativo para o produtor. \u00c9 uma oportunidade de entrar em um nicho que ainda est\u00e1 em expans\u00e3o\u201d, explica.<\/p>\n<p>Al\u00e9m da assist\u00eancia t\u00e9cnica, a Emater-DF atua diretamente na elabora\u00e7\u00e3o de projetos e no encaminhamento da documenta\u00e7\u00e3o necess\u00e1ria para acesso \u00e0s linhas de cr\u00e9dito. \u201cO cr\u00e9dito rural permite que o produtor fa\u00e7a investimentos que, muitas vezes, ele n\u00e3o conseguiria sozinho. A gente orienta, prepara o projeto, acompanha o processo junto aos bancos e continua ao lado do produtor durante toda a implanta\u00e7\u00e3o: desde a compra dos insumos at\u00e9 o plantio e a irriga\u00e7\u00e3o\u201d, detalha Landim.<\/p>\n<p>Podem participar de programas de cr\u00e9dito produtores rurais \u2014 pessoas f\u00edsicas ou jur\u00eddicas \u2014 atendidos pela Emater-DF. Para isso, \u00e9 necess\u00e1rio comparecer ao escrit\u00f3rio mais pr\u00f3ximo da empresa, levando os documentos pessoais e da propriedade, para avalia\u00e7\u00e3o da linha de cr\u00e9dito mais adequada e da viabilidade do projeto.<\/p>\n","protected":false},"excerpt":{"rendered":"<p>Informa\u00e7\u00e3o, orienta\u00e7\u00e3o t\u00e9cnica e acesso ao cr\u00e9dito rural: foi com esses pilares que a produtora Maria Aparecida Pereira, 53 anos, decidiu inovar e apostar no cultivo de mirtilo, tamb\u00e9m conhecido como blueberry. Com o apoio da Empresa de Assist\u00eancia T\u00e9cnica e Extens\u00e3o Rural do Distrito Federal (Emater-DF) e a participa\u00e7\u00e3o em programas de fomento \u00e0 [&hellip;]<\/p>\n","protected":false},"author":2,"featured_media":361421,"comment_status":"closed","ping_status":"closed","sticky":false,"template":"","format":"standard","meta":{"_acf_changed":false,"footnotes":""},"categories":[161],"tags":[],"class_list":["post-361420","post","type-post","status-publish","format-standard","has-post-thumbnail","hentry","category-quadradinho-em-foco"],"acf":[],"_links":{"self":[{"href":"https:\/\/www.notibras.com\/site\/wp-json\/wp\/v2\/posts\/361420","targetHints":{"allow":["GET"]}}],"collection":[{"href":"https:\/\/www.notibras.com\/site\/wp-json\/wp\/v2\/posts"}],"about":[{"href":"https:\/\/www.notibras.com\/site\/wp-json\/wp\/v2\/types\/post"}],"author":[{"embeddable":true,"href":"https:\/\/www.notibras.com\/site\/wp-json\/wp\/v2\/users\/2"}],"replies":[{"embeddable":true,"href":"https:\/\/www.notibras.com\/site\/wp-json\/wp\/v2\/comments?post=361420"}],"version-history":[{"count":1,"href":"https:\/\/www.notibras.com\/site\/wp-json\/wp\/v2\/posts\/361420\/revisions"}],"predecessor-version":[{"id":361422,"href":"https:\/\/www.notibras.com\/site\/wp-json\/wp\/v2\/posts\/361420\/revisions\/361422"}],"wp:featuredmedia":[{"embeddable":true,"href":"https:\/\/www.notibras.com\/site\/wp-json\/wp\/v2\/media\/361421"}],"wp:attachment":[{"href":"https:\/\/www.notibras.com\/site\/wp-json\/wp\/v2\/media?parent=361420"}],"wp:term":[{"taxonomy":"category","embeddable":true,"href":"https:\/\/www.notibras.com\/site\/wp-json\/wp\/v2\/categories?post=361420"},{"taxonomy":"post_tag","embeddable":true,"href":"https:\/\/www.notibras.com\/site\/wp-json\/wp\/v2\/tags?post=361420"}],"curies":[{"name":"wp","href":"https:\/\/api.w.org\/{rel}","templated":true}]}}