{"id":361460,"date":"2025-08-19T02:31:49","date_gmt":"2025-08-19T05:31:49","guid":{"rendered":"https:\/\/www.notibras.com\/site\/?p=361460"},"modified":"2025-08-19T02:35:13","modified_gmt":"2025-08-19T05:35:13","slug":"ucrania-capitula-deixa-de-lado-areas-tomadas-por-moscou-e-putin-comemora-sua-vitoria","status":"publish","type":"post","link":"https:\/\/www.notibras.com\/site\/ucrania-capitula-deixa-de-lado-areas-tomadas-por-moscou-e-putin-comemora-sua-vitoria\/","title":{"rendered":"Ucr\u00e2nia capitula, deixa de lado \u00e1reas tomadas por Moscou e Putin comemora sua vit\u00f3ria"},"content":{"rendered":"<p data-start=\"144\" data-end=\"440\">A guerra na Ucr\u00e2nia, que j\u00e1 se estende por mais de dois anos de dor e resist\u00eancia, parece caminhar para um desfecho inc\u00f4modo, mas previs\u00edvel. O campo de batalha revelou ao mundo que, por mais coragem que um povo demonstre, h\u00e1 fronteiras que a geopol\u00edtica insiste em redesenhar com ferro e fogo.<\/p>\n<p data-start=\"442\" data-end=\"750\">Nesta segunda-feira, 18, Vladimir Putin deixou claro ao seu hom\u00f3logo Donald Trump aquilo que j\u00e1 vinha sendo sussurrado nos bastidores: o conflito s\u00f3 ter\u00e1 fim se a R\u00fassia conservar os territ\u00f3rios conquistados na \u00e1rea continental e, naturalmente, a pen\u00ednsula da Crimeia. Nada de retirada, nada de devolu\u00e7\u00f5es.<\/p>\n<p data-start=\"752\" data-end=\"1149\">Trump, agora investido do papel de mediador, oferece-se como ponte entre Moscou e Kiev. O acordo, ao que tudo indica, pode ganhar forma nos pr\u00f3ximos dias, em encontro direto entre Putin e Volodymyr Zelensky, sob a tutela de Washington. A Uni\u00e3o Europeia e o Reino Unido protestam, como era esperado. Mas seus protestos soam como vozes roucas diante de uma realidade que se imp\u00f5e no campo militar.<\/p>\n<p data-start=\"1151\" data-end=\"1399\">O governo de Kiev ter\u00e1 de aceitar. A Europa ter\u00e1 de aceitar. Restar\u00e1 ao Ocidente reconhecer que a Ucr\u00e2nia, embora heroica, n\u00e3o conseguiu reverter a for\u00e7a bruta do Kremlin. \u00c9 o pre\u00e7o amargo da paz: consolidar no mapa o que j\u00e1 foi tomado na guerra.<\/p>\n<p data-start=\"1401\" data-end=\"1688\">Para Putin, ser\u00e1 o triunfo da paci\u00eancia estrat\u00e9gica. Para Trump, a gl\u00f3ria de ter posto fim a um conflito que a diplomacia europeia jamais conseguiu resolver. Para Zelensky, o dilema de assinar um tratado que cicatriza a ferida da guerra, mas deixa no corpo da na\u00e7\u00e3o marcas permanentes.<\/p>\n<p data-start=\"1690\" data-end=\"1938\">No fim, a guerra n\u00e3o termina com vencedores ou vencidos absolutos, mas com a certeza de que a Hist\u00f3ria, mais uma vez, foi escrita pela l\u00f3gica fria da for\u00e7a \u2014 e pela pressa em silenciar os canh\u00f5es, ainda que ao custo da dignidade de um territ\u00f3rio.<\/p>\n<p data-start=\"1971\" data-end=\"2185\">E se a diplomacia chama de paz, os mapas registrar\u00e3o outra palavra: capitula\u00e7\u00e3o. A Ucr\u00e2nia, enfraquecida e isolada, assina sua rendi\u00e7\u00e3o t\u00e1cita ao Kremlin, admitindo que n\u00e3o p\u00f4de recuperar o que lhe foi arrancado.<\/p>\n<p data-start=\"2187\" data-end=\"2455\">J\u00e1 a R\u00fassia, mesmo com o desgaste econ\u00f4mico e militar, sai do conflito como vitoriosa. N\u00e3o apenas manteve a Crimeia, mas ampliou seu dom\u00ednio, provando que a persist\u00eancia de Moscou valeu mais que as promessas ocidentais. \u00c9 a vit\u00f3ria amarga da for\u00e7a sobre a esperan\u00e7a.<\/p>\n<p data-start=\"2187\" data-end=\"2455\">&#8230;&#8230;&#8230;&#8230;&#8230;&#8230;&#8230;&#8230;&#8230;<\/p>\n<p data-start=\"2187\" data-end=\"2455\"><strong>Marta Nobre \u00e9 Editora Executiva de Notibras<\/strong><\/p>\n","protected":false},"excerpt":{"rendered":"<p>A guerra na Ucr\u00e2nia, que j\u00e1 se estende por mais de dois anos de dor e resist\u00eancia, parece caminhar para um desfecho inc\u00f4modo, mas previs\u00edvel. O campo de batalha revelou ao mundo que, por mais coragem que um povo demonstre, h\u00e1 fronteiras que a geopol\u00edtica insiste em redesenhar com ferro e fogo. Nesta segunda-feira, 18, [&hellip;]<\/p>\n","protected":false},"author":2,"featured_media":361461,"comment_status":"closed","ping_status":"closed","sticky":false,"template":"","format":"standard","meta":{"_acf_changed":false,"footnotes":""},"categories":[159],"tags":[95],"class_list":["post-361460","post","type-post","status-publish","format-standard","has-post-thumbnail","hentry","category-apocalipse","tag-capa"],"acf":[],"yoast_head":"<!-- This site is optimized with the Yoast SEO plugin v27.2 - https:\/\/yoast.com\/product\/yoast-seo-wordpress\/ -->\n<title>Ucr\u00e2nia capitula, deixa de lado \u00e1reas tomadas por Moscou e Putin comemora sua vit\u00f3ria - Notibras<\/title>\n<meta name=\"robots\" content=\"index, follow, max-snippet:-1, max-image-preview:large, max-video-preview:-1\" \/>\n<link rel=\"canonical\" href=\"https:\/\/www.notibras.com\/site\/ucrania-capitula-deixa-de-lado-areas-tomadas-por-moscou-e-putin-comemora-sua-vitoria\/\" \/>\n<meta property=\"og:locale\" content=\"pt_BR\" \/>\n<meta property=\"og:type\" content=\"article\" \/>\n<meta property=\"og:title\" content=\"Ucr\u00e2nia capitula, deixa de lado \u00e1reas tomadas por Moscou e Putin comemora sua vit\u00f3ria - Notibras\" \/>\n<meta property=\"og:description\" content=\"A guerra na Ucr\u00e2nia, que j\u00e1 se estende por mais de dois anos de dor e resist\u00eancia, parece caminhar para um desfecho inc\u00f4modo, mas previs\u00edvel. O campo de batalha revelou ao mundo que, por mais coragem que um povo demonstre, h\u00e1 fronteiras que a geopol\u00edtica insiste em redesenhar com ferro e fogo. Nesta segunda-feira, 18, [&hellip;]\" \/>\n<meta property=\"og:url\" content=\"https:\/\/www.notibras.com\/site\/ucrania-capitula-deixa-de-lado-areas-tomadas-por-moscou-e-putin-comemora-sua-vitoria\/\" \/>\n<meta property=\"og:site_name\" content=\"Notibras\" \/>\n<meta property=\"article:publisher\" content=\"https:\/\/www.facebook.com\/notibras\/\" \/>\n<meta property=\"article:published_time\" content=\"2025-08-19T05:31:49+00:00\" \/>\n<meta property=\"article:modified_time\" content=\"2025-08-19T05:35:13+00:00\" \/>\n<meta property=\"og:image\" content=\"https:\/\/www.notibras.com\/site\/wp-content\/uploads\/2025\/08\/1122580715_0_0_3072_1728_1920x0_80_0_0_5ef62b9fb4d70f31f3bb7b3d681ccea0.jpg.webp\" \/>\n\t<meta property=\"og:image:width\" content=\"1920\" \/>\n\t<meta property=\"og:image:height\" content=\"1080\" \/>\n\t<meta property=\"og:image:type\" content=\"image\/webp\" \/>\n<meta name=\"author\" content=\"Reda\u00e7\u00e3o\" \/>\n<meta name=\"twitter:card\" content=\"summary_large_image\" \/>\n<meta name=\"twitter:creator\" content=\"@Notibras\" \/>\n<meta name=\"twitter:site\" content=\"@Notibras\" \/>\n<meta name=\"twitter:label1\" content=\"Escrito por\" \/>\n\t<meta name=\"twitter:data1\" content=\"Reda\u00e7\u00e3o\" \/>\n\t<meta name=\"twitter:label2\" content=\"Est. tempo de leitura\" \/>\n\t<meta name=\"twitter:data2\" content=\"3 minutos\" \/>\n<script type=\"application\/ld+json\" class=\"yoast-schema-graph\">{\"@context\":\"https:\/\/schema.org\",\"@graph\":[{\"@type\":\"Article\",\"@id\":\"https:\/\/www.notibras.com\/site\/ucrania-capitula-deixa-de-lado-areas-tomadas-por-moscou-e-putin-comemora-sua-vitoria\/#article\",\"isPartOf\":{\"@id\":\"https:\/\/www.notibras.com\/site\/ucrania-capitula-deixa-de-lado-areas-tomadas-por-moscou-e-putin-comemora-sua-vitoria\/\"},\"author\":{\"name\":\"Reda\u00e7\u00e3o\",\"@id\":\"https:\/\/www.notibras.com\/site\/#\/schema\/person\/36ab0979449956132d3e5b517ea76ac8\"},\"headline\":\"Ucr\u00e2nia capitula, deixa de lado \u00e1reas tomadas por Moscou e Putin comemora sua vit\u00f3ria\",\"datePublished\":\"2025-08-19T05:31:49+00:00\",\"dateModified\":\"2025-08-19T05:35:13+00:00\",\"mainEntityOfPage\":{\"@id\":\"https:\/\/www.notibras.com\/site\/ucrania-capitula-deixa-de-lado-areas-tomadas-por-moscou-e-putin-comemora-sua-vitoria\/\"},\"wordCount\":444,\"publisher\":{\"@id\":\"https:\/\/www.notibras.com\/site\/#organization\"},\"image\":{\"@id\":\"https:\/\/www.notibras.com\/site\/ucrania-capitula-deixa-de-lado-areas-tomadas-por-moscou-e-putin-comemora-sua-vitoria\/#primaryimage\"},\"thumbnailUrl\":\"https:\/\/www.notibras.com\/site\/wp-content\/uploads\/2025\/08\/1122580715_0_0_3072_1728_1920x0_80_0_0_5ef62b9fb4d70f31f3bb7b3d681ccea0.jpg.webp\",\"keywords\":[\"capa\"],\"articleSection\":[\"Apocalipse\"],\"inLanguage\":\"pt-BR\"},{\"@type\":\"WebPage\",\"@id\":\"https:\/\/www.notibras.com\/site\/ucrania-capitula-deixa-de-lado-areas-tomadas-por-moscou-e-putin-comemora-sua-vitoria\/\",\"url\":\"https:\/\/www.notibras.com\/site\/ucrania-capitula-deixa-de-lado-areas-tomadas-por-moscou-e-putin-comemora-sua-vitoria\/\",\"name\":\"Ucr\u00e2nia capitula, deixa de lado \u00e1reas tomadas por Moscou e Putin comemora sua vit\u00f3ria - Notibras\",\"isPartOf\":{\"@id\":\"https:\/\/www.notibras.com\/site\/#website\"},\"primaryImageOfPage\":{\"@id\":\"https:\/\/www.notibras.com\/site\/ucrania-capitula-deixa-de-lado-areas-tomadas-por-moscou-e-putin-comemora-sua-vitoria\/#primaryimage\"},\"image\":{\"@id\":\"https:\/\/www.notibras.com\/site\/ucrania-capitula-deixa-de-lado-areas-tomadas-por-moscou-e-putin-comemora-sua-vitoria\/#primaryimage\"},\"thumbnailUrl\":\"https:\/\/www.notibras.com\/site\/wp-content\/uploads\/2025\/08\/1122580715_0_0_3072_1728_1920x0_80_0_0_5ef62b9fb4d70f31f3bb7b3d681ccea0.jpg.webp\",\"datePublished\":\"2025-08-19T05:31:49+00:00\",\"dateModified\":\"2025-08-19T05:35:13+00:00\",\"breadcrumb\":{\"@id\":\"https:\/\/www.notibras.com\/site\/ucrania-capitula-deixa-de-lado-areas-tomadas-por-moscou-e-putin-comemora-sua-vitoria\/#breadcrumb\"},\"inLanguage\":\"pt-BR\",\"potentialAction\":[{\"@type\":\"ReadAction\",\"target\":[\"https:\/\/www.notibras.com\/site\/ucrania-capitula-deixa-de-lado-areas-tomadas-por-moscou-e-putin-comemora-sua-vitoria\/\"]}]},{\"@type\":\"ImageObject\",\"inLanguage\":\"pt-BR\",\"@id\":\"https:\/\/www.notibras.com\/site\/ucrania-capitula-deixa-de-lado-areas-tomadas-por-moscou-e-putin-comemora-sua-vitoria\/#primaryimage\",\"url\":\"https:\/\/www.notibras.com\/site\/wp-content\/uploads\/2025\/08\/1122580715_0_0_3072_1728_1920x0_80_0_0_5ef62b9fb4d70f31f3bb7b3d681ccea0.jpg.webp\",\"contentUrl\":\"https:\/\/www.notibras.com\/site\/wp-content\/uploads\/2025\/08\/1122580715_0_0_3072_1728_1920x0_80_0_0_5ef62b9fb4d70f31f3bb7b3d681ccea0.jpg.webp\",\"width\":1920,\"height\":1080},{\"@type\":\"BreadcrumbList\",\"@id\":\"https:\/\/www.notibras.com\/site\/ucrania-capitula-deixa-de-lado-areas-tomadas-por-moscou-e-putin-comemora-sua-vitoria\/#breadcrumb\",\"itemListElement\":[{\"@type\":\"ListItem\",\"position\":1,\"name\":\"In\u00edcio\",\"item\":\"https:\/\/www.notibras.com\/site\/\"},{\"@type\":\"ListItem\",\"position\":2,\"name\":\"Ucr\u00e2nia capitula, deixa de lado \u00e1reas tomadas por Moscou e Putin comemora sua vit\u00f3ria\"}]},{\"@type\":\"WebSite\",\"@id\":\"https:\/\/www.notibras.com\/site\/#website\",\"url\":\"https:\/\/www.notibras.com\/site\/\",\"name\":\"Notibras\",\"description\":\"Not\u00edcias de Bras\u00edlia, do Brasil e do Mundo\",\"publisher\":{\"@id\":\"https:\/\/www.notibras.com\/site\/#organization\"},\"potentialAction\":[{\"@type\":\"SearchAction\",\"target\":{\"@type\":\"EntryPoint\",\"urlTemplate\":\"https:\/\/www.notibras.com\/site\/?s={search_term_string}\"},\"query-input\":{\"@type\":\"PropertyValueSpecification\",\"valueRequired\":true,\"valueName\":\"search_term_string\"}}],\"inLanguage\":\"pt-BR\"},{\"@type\":\"Organization\",\"@id\":\"https:\/\/www.notibras.com\/site\/#organization\",\"name\":\"Grupo Notibras de Comunica\u00e7\u00e3o\",\"url\":\"https:\/\/www.notibras.com\/site\/\",\"logo\":{\"@type\":\"ImageObject\",\"inLanguage\":\"pt-BR\",\"@id\":\"https:\/\/www.notibras.com\/site\/#\/schema\/logo\/image\/\",\"url\":\"https:\/\/www.notibras.com\/site\/wp-content\/uploads\/2023\/01\/notibras23.png\",\"contentUrl\":\"https:\/\/www.notibras.com\/site\/wp-content\/uploads\/2023\/01\/notibras23.png\",\"width\":350,\"height\":87,\"caption\":\"Grupo Notibras de Comunica\u00e7\u00e3o\"},\"image\":{\"@id\":\"https:\/\/www.notibras.com\/site\/#\/schema\/logo\/image\/\"},\"sameAs\":[\"https:\/\/www.facebook.com\/notibras\/\",\"https:\/\/x.com\/Notibras\",\"https:\/\/www.instagram.com\/notibras\/\"]},{\"@type\":\"Person\",\"@id\":\"https:\/\/www.notibras.com\/site\/#\/schema\/person\/36ab0979449956132d3e5b517ea76ac8\",\"name\":\"Reda\u00e7\u00e3o\",\"image\":{\"@type\":\"ImageObject\",\"inLanguage\":\"pt-BR\",\"@id\":\"https:\/\/secure.gravatar.com\/avatar\/e0a867bdedb85fd243eadf09663511f96fc81e0720a4a42581f334ad4303aa6b?s=96&d=mm&r=g\",\"url\":\"https:\/\/secure.gravatar.com\/avatar\/e0a867bdedb85fd243eadf09663511f96fc81e0720a4a42581f334ad4303aa6b?s=96&d=mm&r=g\",\"contentUrl\":\"https:\/\/secure.gravatar.com\/avatar\/e0a867bdedb85fd243eadf09663511f96fc81e0720a4a42581f334ad4303aa6b?s=96&d=mm&r=g\",\"caption\":\"Reda\u00e7\u00e3o\"}}]}<\/script>\n<!-- \/ Yoast SEO plugin. -->","yoast_head_json":{"title":"Ucr\u00e2nia capitula, deixa de lado \u00e1reas tomadas por Moscou e Putin comemora sua vit\u00f3ria - Notibras","robots":{"index":"index","follow":"follow","max-snippet":"max-snippet:-1","max-image-preview":"max-image-preview:large","max-video-preview":"max-video-preview:-1"},"canonical":"https:\/\/www.notibras.com\/site\/ucrania-capitula-deixa-de-lado-areas-tomadas-por-moscou-e-putin-comemora-sua-vitoria\/","og_locale":"pt_BR","og_type":"article","og_title":"Ucr\u00e2nia capitula, deixa de lado \u00e1reas tomadas por Moscou e Putin comemora sua vit\u00f3ria - Notibras","og_description":"A guerra na Ucr\u00e2nia, que j\u00e1 se estende por mais de dois anos de dor e resist\u00eancia, parece caminhar para um desfecho inc\u00f4modo, mas previs\u00edvel. O campo de batalha revelou ao mundo que, por mais coragem que um povo demonstre, h\u00e1 fronteiras que a geopol\u00edtica insiste em redesenhar com ferro e fogo. Nesta segunda-feira, 18, [&hellip;]","og_url":"https:\/\/www.notibras.com\/site\/ucrania-capitula-deixa-de-lado-areas-tomadas-por-moscou-e-putin-comemora-sua-vitoria\/","og_site_name":"Notibras","article_publisher":"https:\/\/www.facebook.com\/notibras\/","article_published_time":"2025-08-19T05:31:49+00:00","article_modified_time":"2025-08-19T05:35:13+00:00","og_image":[{"width":1920,"height":1080,"url":"https:\/\/www.notibras.com\/site\/wp-content\/uploads\/2025\/08\/1122580715_0_0_3072_1728_1920x0_80_0_0_5ef62b9fb4d70f31f3bb7b3d681ccea0.jpg.webp","type":"image\/webp"}],"author":"Reda\u00e7\u00e3o","twitter_card":"summary_large_image","twitter_creator":"@Notibras","twitter_site":"@Notibras","twitter_misc":{"Escrito por":"Reda\u00e7\u00e3o","Est. tempo de leitura":"3 minutos"},"schema":{"@context":"https:\/\/schema.org","@graph":[{"@type":"Article","@id":"https:\/\/www.notibras.com\/site\/ucrania-capitula-deixa-de-lado-areas-tomadas-por-moscou-e-putin-comemora-sua-vitoria\/#article","isPartOf":{"@id":"https:\/\/www.notibras.com\/site\/ucrania-capitula-deixa-de-lado-areas-tomadas-por-moscou-e-putin-comemora-sua-vitoria\/"},"author":{"name":"Reda\u00e7\u00e3o","@id":"https:\/\/www.notibras.com\/site\/#\/schema\/person\/36ab0979449956132d3e5b517ea76ac8"},"headline":"Ucr\u00e2nia capitula, deixa de lado \u00e1reas tomadas por Moscou e Putin comemora sua vit\u00f3ria","datePublished":"2025-08-19T05:31:49+00:00","dateModified":"2025-08-19T05:35:13+00:00","mainEntityOfPage":{"@id":"https:\/\/www.notibras.com\/site\/ucrania-capitula-deixa-de-lado-areas-tomadas-por-moscou-e-putin-comemora-sua-vitoria\/"},"wordCount":444,"publisher":{"@id":"https:\/\/www.notibras.com\/site\/#organization"},"image":{"@id":"https:\/\/www.notibras.com\/site\/ucrania-capitula-deixa-de-lado-areas-tomadas-por-moscou-e-putin-comemora-sua-vitoria\/#primaryimage"},"thumbnailUrl":"https:\/\/www.notibras.com\/site\/wp-content\/uploads\/2025\/08\/1122580715_0_0_3072_1728_1920x0_80_0_0_5ef62b9fb4d70f31f3bb7b3d681ccea0.jpg.webp","keywords":["capa"],"articleSection":["Apocalipse"],"inLanguage":"pt-BR"},{"@type":"WebPage","@id":"https:\/\/www.notibras.com\/site\/ucrania-capitula-deixa-de-lado-areas-tomadas-por-moscou-e-putin-comemora-sua-vitoria\/","url":"https:\/\/www.notibras.com\/site\/ucrania-capitula-deixa-de-lado-areas-tomadas-por-moscou-e-putin-comemora-sua-vitoria\/","name":"Ucr\u00e2nia capitula, deixa de lado \u00e1reas tomadas por Moscou e Putin comemora sua vit\u00f3ria - Notibras","isPartOf":{"@id":"https:\/\/www.notibras.com\/site\/#website"},"primaryImageOfPage":{"@id":"https:\/\/www.notibras.com\/site\/ucrania-capitula-deixa-de-lado-areas-tomadas-por-moscou-e-putin-comemora-sua-vitoria\/#primaryimage"},"image":{"@id":"https:\/\/www.notibras.com\/site\/ucrania-capitula-deixa-de-lado-areas-tomadas-por-moscou-e-putin-comemora-sua-vitoria\/#primaryimage"},"thumbnailUrl":"https:\/\/www.notibras.com\/site\/wp-content\/uploads\/2025\/08\/1122580715_0_0_3072_1728_1920x0_80_0_0_5ef62b9fb4d70f31f3bb7b3d681ccea0.jpg.webp","datePublished":"2025-08-19T05:31:49+00:00","dateModified":"2025-08-19T05:35:13+00:00","breadcrumb":{"@id":"https:\/\/www.notibras.com\/site\/ucrania-capitula-deixa-de-lado-areas-tomadas-por-moscou-e-putin-comemora-sua-vitoria\/#breadcrumb"},"inLanguage":"pt-BR","potentialAction":[{"@type":"ReadAction","target":["https:\/\/www.notibras.com\/site\/ucrania-capitula-deixa-de-lado-areas-tomadas-por-moscou-e-putin-comemora-sua-vitoria\/"]}]},{"@type":"ImageObject","inLanguage":"pt-BR","@id":"https:\/\/www.notibras.com\/site\/ucrania-capitula-deixa-de-lado-areas-tomadas-por-moscou-e-putin-comemora-sua-vitoria\/#primaryimage","url":"https:\/\/www.notibras.com\/site\/wp-content\/uploads\/2025\/08\/1122580715_0_0_3072_1728_1920x0_80_0_0_5ef62b9fb4d70f31f3bb7b3d681ccea0.jpg.webp","contentUrl":"https:\/\/www.notibras.com\/site\/wp-content\/uploads\/2025\/08\/1122580715_0_0_3072_1728_1920x0_80_0_0_5ef62b9fb4d70f31f3bb7b3d681ccea0.jpg.webp","width":1920,"height":1080},{"@type":"BreadcrumbList","@id":"https:\/\/www.notibras.com\/site\/ucrania-capitula-deixa-de-lado-areas-tomadas-por-moscou-e-putin-comemora-sua-vitoria\/#breadcrumb","itemListElement":[{"@type":"ListItem","position":1,"name":"In\u00edcio","item":"https:\/\/www.notibras.com\/site\/"},{"@type":"ListItem","position":2,"name":"Ucr\u00e2nia capitula, deixa de lado \u00e1reas tomadas por Moscou e Putin comemora sua vit\u00f3ria"}]},{"@type":"WebSite","@id":"https:\/\/www.notibras.com\/site\/#website","url":"https:\/\/www.notibras.com\/site\/","name":"Notibras","description":"Not\u00edcias de Bras\u00edlia, do Brasil e do Mundo","publisher":{"@id":"https:\/\/www.notibras.com\/site\/#organization"},"potentialAction":[{"@type":"SearchAction","target":{"@type":"EntryPoint","urlTemplate":"https:\/\/www.notibras.com\/site\/?s={search_term_string}"},"query-input":{"@type":"PropertyValueSpecification","valueRequired":true,"valueName":"search_term_string"}}],"inLanguage":"pt-BR"},{"@type":"Organization","@id":"https:\/\/www.notibras.com\/site\/#organization","name":"Grupo Notibras de Comunica\u00e7\u00e3o","url":"https:\/\/www.notibras.com\/site\/","logo":{"@type":"ImageObject","inLanguage":"pt-BR","@id":"https:\/\/www.notibras.com\/site\/#\/schema\/logo\/image\/","url":"https:\/\/www.notibras.com\/site\/wp-content\/uploads\/2023\/01\/notibras23.png","contentUrl":"https:\/\/www.notibras.com\/site\/wp-content\/uploads\/2023\/01\/notibras23.png","width":350,"height":87,"caption":"Grupo Notibras de Comunica\u00e7\u00e3o"},"image":{"@id":"https:\/\/www.notibras.com\/site\/#\/schema\/logo\/image\/"},"sameAs":["https:\/\/www.facebook.com\/notibras\/","https:\/\/x.com\/Notibras","https:\/\/www.instagram.com\/notibras\/"]},{"@type":"Person","@id":"https:\/\/www.notibras.com\/site\/#\/schema\/person\/36ab0979449956132d3e5b517ea76ac8","name":"Reda\u00e7\u00e3o","image":{"@type":"ImageObject","inLanguage":"pt-BR","@id":"https:\/\/secure.gravatar.com\/avatar\/e0a867bdedb85fd243eadf09663511f96fc81e0720a4a42581f334ad4303aa6b?s=96&d=mm&r=g","url":"https:\/\/secure.gravatar.com\/avatar\/e0a867bdedb85fd243eadf09663511f96fc81e0720a4a42581f334ad4303aa6b?s=96&d=mm&r=g","contentUrl":"https:\/\/secure.gravatar.com\/avatar\/e0a867bdedb85fd243eadf09663511f96fc81e0720a4a42581f334ad4303aa6b?s=96&d=mm&r=g","caption":"Reda\u00e7\u00e3o"}}]}},"amp_enabled":true,"_links":{"self":[{"href":"https:\/\/www.notibras.com\/site\/wp-json\/wp\/v2\/posts\/361460","targetHints":{"allow":["GET"]}}],"collection":[{"href":"https:\/\/www.notibras.com\/site\/wp-json\/wp\/v2\/posts"}],"about":[{"href":"https:\/\/www.notibras.com\/site\/wp-json\/wp\/v2\/types\/post"}],"author":[{"embeddable":true,"href":"https:\/\/www.notibras.com\/site\/wp-json\/wp\/v2\/users\/2"}],"replies":[{"embeddable":true,"href":"https:\/\/www.notibras.com\/site\/wp-json\/wp\/v2\/comments?post=361460"}],"version-history":[{"count":2,"href":"https:\/\/www.notibras.com\/site\/wp-json\/wp\/v2\/posts\/361460\/revisions"}],"predecessor-version":[{"id":361464,"href":"https:\/\/www.notibras.com\/site\/wp-json\/wp\/v2\/posts\/361460\/revisions\/361464"}],"wp:featuredmedia":[{"embeddable":true,"href":"https:\/\/www.notibras.com\/site\/wp-json\/wp\/v2\/media\/361461"}],"wp:attachment":[{"href":"https:\/\/www.notibras.com\/site\/wp-json\/wp\/v2\/media?parent=361460"}],"wp:term":[{"taxonomy":"category","embeddable":true,"href":"https:\/\/www.notibras.com\/site\/wp-json\/wp\/v2\/categories?post=361460"},{"taxonomy":"post_tag","embeddable":true,"href":"https:\/\/www.notibras.com\/site\/wp-json\/wp\/v2\/tags?post=361460"}],"curies":[{"name":"wp","href":"https:\/\/api.w.org\/{rel}","templated":true}]}}