{"id":361471,"date":"2025-08-19T02:00:55","date_gmt":"2025-08-19T05:00:55","guid":{"rendered":"https:\/\/www.notibras.com\/site\/?p=361471"},"modified":"2025-08-19T02:48:54","modified_gmt":"2025-08-19T05:48:54","slug":"hamas-concorda-com-cessar-fogo-de-60-dias-na-faixa-de-gaza","status":"publish","type":"post","link":"https:\/\/www.notibras.com\/site\/hamas-concorda-com-cessar-fogo-de-60-dias-na-faixa-de-gaza\/","title":{"rendered":"Hamas concorda com cessar-fogo de 60 dias na Faixa de Gaza"},"content":{"rendered":"<p>O movimento palestino Hamas concordou com um cessar-fogo de dois meses na Faixa de Gaza, bem como com a liberta\u00e7\u00e3o de metade dos ref\u00e9ns israelenses em troca de alguns prisioneiros palestinos, disse uma fonte eg\u00edpcia na segunda-feira, 18.<\/p>\n<p>&#8220;A proposta aceita pelo Hamas, apresentada pelo Egito e pelo Catar, inclui uma cessa\u00e7\u00e3o tempor\u00e1ria das hostilidades na Faixa de Gaza por um per\u00edodo de 60 dias, o que deve levar a uma paz de longo prazo, bem como a liberta\u00e7\u00e3o de metade dos ref\u00e9ns israelenses em troca de alguns dos prisioneiros palestinos mantidos em pris\u00f5es israelenses&#8221;, disse a fonte.<\/p>\n<p>O acordo tamb\u00e9m prev\u00ea a entrega da quantidade necess\u00e1ria de ajuda humanit\u00e1ria para fornecer aos moradores tudo o que eles precisam, acrescentou a fonte.<\/p>\n<p>A transfer\u00eancia dos ref\u00e9ns ocorrer\u00e1 em duas etapas, e o movimento palestino tamb\u00e9m transferir\u00e1 os corpos dos mortos, informou a ag\u00eancia de not\u00edcias Al Jazeera.<\/p>\n","protected":false},"excerpt":{"rendered":"<p>O movimento palestino Hamas concordou com um cessar-fogo de dois meses na Faixa de Gaza, bem como com a liberta\u00e7\u00e3o de metade dos ref\u00e9ns israelenses em troca de alguns prisioneiros palestinos, disse uma fonte eg\u00edpcia na segunda-feira, 18. &#8220;A proposta aceita pelo Hamas, apresentada pelo Egito e pelo Catar, inclui uma cessa\u00e7\u00e3o tempor\u00e1ria das hostilidades [&hellip;]<\/p>\n","protected":false},"author":2,"featured_media":361472,"comment_status":"closed","ping_status":"closed","sticky":false,"template":"","format":"standard","meta":{"_acf_changed":false,"footnotes":""},"categories":[159],"tags":[],"class_list":["post-361471","post","type-post","status-publish","format-standard","has-post-thumbnail","hentry","category-apocalipse"],"acf":[],"yoast_head":"<!-- This site is optimized with the Yoast SEO plugin v27.2 - https:\/\/yoast.com\/product\/yoast-seo-wordpress\/ -->\n<title>Hamas concorda com cessar-fogo de 60 dias na Faixa de Gaza - Notibras<\/title>\n<meta name=\"robots\" content=\"index, follow, max-snippet:-1, max-image-preview:large, max-video-preview:-1\" \/>\n<link rel=\"canonical\" href=\"https:\/\/www.notibras.com\/site\/hamas-concorda-com-cessar-fogo-de-60-dias-na-faixa-de-gaza\/\" \/>\n<meta property=\"og:locale\" content=\"pt_BR\" \/>\n<meta property=\"og:type\" content=\"article\" \/>\n<meta property=\"og:title\" content=\"Hamas concorda com cessar-fogo de 60 dias na Faixa de Gaza - Notibras\" \/>\n<meta property=\"og:description\" content=\"O movimento palestino Hamas concordou com um cessar-fogo de dois meses na Faixa de Gaza, bem como com a liberta\u00e7\u00e3o de metade dos ref\u00e9ns israelenses em troca de alguns prisioneiros palestinos, disse uma fonte eg\u00edpcia na segunda-feira, 18. &#8220;A proposta aceita pelo Hamas, apresentada pelo Egito e pelo Catar, inclui uma cessa\u00e7\u00e3o tempor\u00e1ria das hostilidades [&hellip;]\" \/>\n<meta property=\"og:url\" content=\"https:\/\/www.notibras.com\/site\/hamas-concorda-com-cessar-fogo-de-60-dias-na-faixa-de-gaza\/\" \/>\n<meta property=\"og:site_name\" content=\"Notibras\" \/>\n<meta property=\"article:publisher\" content=\"https:\/\/www.facebook.com\/notibras\/\" \/>\n<meta property=\"article:published_time\" content=\"2025-08-19T05:00:55+00:00\" \/>\n<meta property=\"article:modified_time\" content=\"2025-08-19T05:48:54+00:00\" \/>\n<meta property=\"og:image\" content=\"https:\/\/www.notibras.com\/site\/wp-content\/uploads\/2025\/08\/1119786720_0_170_3072_1898_1920x0_80_0_0_f3923b70a302bd967067362d10408966.jpg.webp\" \/>\n\t<meta property=\"og:image:width\" content=\"1920\" \/>\n\t<meta property=\"og:image:height\" content=\"1080\" \/>\n\t<meta property=\"og:image:type\" content=\"image\/webp\" \/>\n<meta name=\"author\" content=\"Reda\u00e7\u00e3o\" \/>\n<meta name=\"twitter:card\" content=\"summary_large_image\" \/>\n<meta name=\"twitter:creator\" content=\"@Notibras\" \/>\n<meta name=\"twitter:site\" content=\"@Notibras\" \/>\n<meta name=\"twitter:label1\" content=\"Escrito por\" \/>\n\t<meta name=\"twitter:data1\" content=\"Reda\u00e7\u00e3o\" \/>\n\t<meta name=\"twitter:label2\" content=\"Est. tempo de leitura\" \/>\n\t<meta name=\"twitter:data2\" content=\"2 minutos\" \/>\n<script type=\"application\/ld+json\" class=\"yoast-schema-graph\">{\"@context\":\"https:\/\/schema.org\",\"@graph\":[{\"@type\":\"Article\",\"@id\":\"https:\/\/www.notibras.com\/site\/hamas-concorda-com-cessar-fogo-de-60-dias-na-faixa-de-gaza\/#article\",\"isPartOf\":{\"@id\":\"https:\/\/www.notibras.com\/site\/hamas-concorda-com-cessar-fogo-de-60-dias-na-faixa-de-gaza\/\"},\"author\":{\"name\":\"Reda\u00e7\u00e3o\",\"@id\":\"https:\/\/www.notibras.com\/site\/#\/schema\/person\/36ab0979449956132d3e5b517ea76ac8\"},\"headline\":\"Hamas concorda com cessar-fogo de 60 dias na Faixa de Gaza\",\"datePublished\":\"2025-08-19T05:00:55+00:00\",\"dateModified\":\"2025-08-19T05:48:54+00:00\",\"mainEntityOfPage\":{\"@id\":\"https:\/\/www.notibras.com\/site\/hamas-concorda-com-cessar-fogo-de-60-dias-na-faixa-de-gaza\/\"},\"wordCount\":172,\"publisher\":{\"@id\":\"https:\/\/www.notibras.com\/site\/#organization\"},\"image\":{\"@id\":\"https:\/\/www.notibras.com\/site\/hamas-concorda-com-cessar-fogo-de-60-dias-na-faixa-de-gaza\/#primaryimage\"},\"thumbnailUrl\":\"https:\/\/www.notibras.com\/site\/wp-content\/uploads\/2025\/08\/1119786720_0_170_3072_1898_1920x0_80_0_0_f3923b70a302bd967067362d10408966.jpg.webp\",\"articleSection\":[\"Apocalipse\"],\"inLanguage\":\"pt-BR\"},{\"@type\":\"WebPage\",\"@id\":\"https:\/\/www.notibras.com\/site\/hamas-concorda-com-cessar-fogo-de-60-dias-na-faixa-de-gaza\/\",\"url\":\"https:\/\/www.notibras.com\/site\/hamas-concorda-com-cessar-fogo-de-60-dias-na-faixa-de-gaza\/\",\"name\":\"Hamas concorda com cessar-fogo de 60 dias na Faixa de Gaza - Notibras\",\"isPartOf\":{\"@id\":\"https:\/\/www.notibras.com\/site\/#website\"},\"primaryImageOfPage\":{\"@id\":\"https:\/\/www.notibras.com\/site\/hamas-concorda-com-cessar-fogo-de-60-dias-na-faixa-de-gaza\/#primaryimage\"},\"image\":{\"@id\":\"https:\/\/www.notibras.com\/site\/hamas-concorda-com-cessar-fogo-de-60-dias-na-faixa-de-gaza\/#primaryimage\"},\"thumbnailUrl\":\"https:\/\/www.notibras.com\/site\/wp-content\/uploads\/2025\/08\/1119786720_0_170_3072_1898_1920x0_80_0_0_f3923b70a302bd967067362d10408966.jpg.webp\",\"datePublished\":\"2025-08-19T05:00:55+00:00\",\"dateModified\":\"2025-08-19T05:48:54+00:00\",\"breadcrumb\":{\"@id\":\"https:\/\/www.notibras.com\/site\/hamas-concorda-com-cessar-fogo-de-60-dias-na-faixa-de-gaza\/#breadcrumb\"},\"inLanguage\":\"pt-BR\",\"potentialAction\":[{\"@type\":\"ReadAction\",\"target\":[\"https:\/\/www.notibras.com\/site\/hamas-concorda-com-cessar-fogo-de-60-dias-na-faixa-de-gaza\/\"]}]},{\"@type\":\"ImageObject\",\"inLanguage\":\"pt-BR\",\"@id\":\"https:\/\/www.notibras.com\/site\/hamas-concorda-com-cessar-fogo-de-60-dias-na-faixa-de-gaza\/#primaryimage\",\"url\":\"https:\/\/www.notibras.com\/site\/wp-content\/uploads\/2025\/08\/1119786720_0_170_3072_1898_1920x0_80_0_0_f3923b70a302bd967067362d10408966.jpg.webp\",\"contentUrl\":\"https:\/\/www.notibras.com\/site\/wp-content\/uploads\/2025\/08\/1119786720_0_170_3072_1898_1920x0_80_0_0_f3923b70a302bd967067362d10408966.jpg.webp\",\"width\":1920,\"height\":1080},{\"@type\":\"BreadcrumbList\",\"@id\":\"https:\/\/www.notibras.com\/site\/hamas-concorda-com-cessar-fogo-de-60-dias-na-faixa-de-gaza\/#breadcrumb\",\"itemListElement\":[{\"@type\":\"ListItem\",\"position\":1,\"name\":\"In\u00edcio\",\"item\":\"https:\/\/www.notibras.com\/site\/\"},{\"@type\":\"ListItem\",\"position\":2,\"name\":\"Hamas concorda com cessar-fogo de 60 dias na Faixa de Gaza\"}]},{\"@type\":\"WebSite\",\"@id\":\"https:\/\/www.notibras.com\/site\/#website\",\"url\":\"https:\/\/www.notibras.com\/site\/\",\"name\":\"Notibras\",\"description\":\"Not\u00edcias de Bras\u00edlia, do Brasil e do Mundo\",\"publisher\":{\"@id\":\"https:\/\/www.notibras.com\/site\/#organization\"},\"potentialAction\":[{\"@type\":\"SearchAction\",\"target\":{\"@type\":\"EntryPoint\",\"urlTemplate\":\"https:\/\/www.notibras.com\/site\/?s={search_term_string}\"},\"query-input\":{\"@type\":\"PropertyValueSpecification\",\"valueRequired\":true,\"valueName\":\"search_term_string\"}}],\"inLanguage\":\"pt-BR\"},{\"@type\":\"Organization\",\"@id\":\"https:\/\/www.notibras.com\/site\/#organization\",\"name\":\"Grupo Notibras de Comunica\u00e7\u00e3o\",\"url\":\"https:\/\/www.notibras.com\/site\/\",\"logo\":{\"@type\":\"ImageObject\",\"inLanguage\":\"pt-BR\",\"@id\":\"https:\/\/www.notibras.com\/site\/#\/schema\/logo\/image\/\",\"url\":\"https:\/\/www.notibras.com\/site\/wp-content\/uploads\/2023\/01\/notibras23.png\",\"contentUrl\":\"https:\/\/www.notibras.com\/site\/wp-content\/uploads\/2023\/01\/notibras23.png\",\"width\":350,\"height\":87,\"caption\":\"Grupo Notibras de Comunica\u00e7\u00e3o\"},\"image\":{\"@id\":\"https:\/\/www.notibras.com\/site\/#\/schema\/logo\/image\/\"},\"sameAs\":[\"https:\/\/www.facebook.com\/notibras\/\",\"https:\/\/x.com\/Notibras\",\"https:\/\/www.instagram.com\/notibras\/\"]},{\"@type\":\"Person\",\"@id\":\"https:\/\/www.notibras.com\/site\/#\/schema\/person\/36ab0979449956132d3e5b517ea76ac8\",\"name\":\"Reda\u00e7\u00e3o\",\"image\":{\"@type\":\"ImageObject\",\"inLanguage\":\"pt-BR\",\"@id\":\"https:\/\/secure.gravatar.com\/avatar\/e0a867bdedb85fd243eadf09663511f96fc81e0720a4a42581f334ad4303aa6b?s=96&d=mm&r=g\",\"url\":\"https:\/\/secure.gravatar.com\/avatar\/e0a867bdedb85fd243eadf09663511f96fc81e0720a4a42581f334ad4303aa6b?s=96&d=mm&r=g\",\"contentUrl\":\"https:\/\/secure.gravatar.com\/avatar\/e0a867bdedb85fd243eadf09663511f96fc81e0720a4a42581f334ad4303aa6b?s=96&d=mm&r=g\",\"caption\":\"Reda\u00e7\u00e3o\"}}]}<\/script>\n<!-- \/ Yoast SEO plugin. -->","yoast_head_json":{"title":"Hamas concorda com cessar-fogo de 60 dias na Faixa de Gaza - Notibras","robots":{"index":"index","follow":"follow","max-snippet":"max-snippet:-1","max-image-preview":"max-image-preview:large","max-video-preview":"max-video-preview:-1"},"canonical":"https:\/\/www.notibras.com\/site\/hamas-concorda-com-cessar-fogo-de-60-dias-na-faixa-de-gaza\/","og_locale":"pt_BR","og_type":"article","og_title":"Hamas concorda com cessar-fogo de 60 dias na Faixa de Gaza - Notibras","og_description":"O movimento palestino Hamas concordou com um cessar-fogo de dois meses na Faixa de Gaza, bem como com a liberta\u00e7\u00e3o de metade dos ref\u00e9ns israelenses em troca de alguns prisioneiros palestinos, disse uma fonte eg\u00edpcia na segunda-feira, 18. &#8220;A proposta aceita pelo Hamas, apresentada pelo Egito e pelo Catar, inclui uma cessa\u00e7\u00e3o tempor\u00e1ria das hostilidades [&hellip;]","og_url":"https:\/\/www.notibras.com\/site\/hamas-concorda-com-cessar-fogo-de-60-dias-na-faixa-de-gaza\/","og_site_name":"Notibras","article_publisher":"https:\/\/www.facebook.com\/notibras\/","article_published_time":"2025-08-19T05:00:55+00:00","article_modified_time":"2025-08-19T05:48:54+00:00","og_image":[{"width":1920,"height":1080,"url":"https:\/\/www.notibras.com\/site\/wp-content\/uploads\/2025\/08\/1119786720_0_170_3072_1898_1920x0_80_0_0_f3923b70a302bd967067362d10408966.jpg.webp","type":"image\/webp"}],"author":"Reda\u00e7\u00e3o","twitter_card":"summary_large_image","twitter_creator":"@Notibras","twitter_site":"@Notibras","twitter_misc":{"Escrito por":"Reda\u00e7\u00e3o","Est. tempo de leitura":"2 minutos"},"schema":{"@context":"https:\/\/schema.org","@graph":[{"@type":"Article","@id":"https:\/\/www.notibras.com\/site\/hamas-concorda-com-cessar-fogo-de-60-dias-na-faixa-de-gaza\/#article","isPartOf":{"@id":"https:\/\/www.notibras.com\/site\/hamas-concorda-com-cessar-fogo-de-60-dias-na-faixa-de-gaza\/"},"author":{"name":"Reda\u00e7\u00e3o","@id":"https:\/\/www.notibras.com\/site\/#\/schema\/person\/36ab0979449956132d3e5b517ea76ac8"},"headline":"Hamas concorda com cessar-fogo de 60 dias na Faixa de Gaza","datePublished":"2025-08-19T05:00:55+00:00","dateModified":"2025-08-19T05:48:54+00:00","mainEntityOfPage":{"@id":"https:\/\/www.notibras.com\/site\/hamas-concorda-com-cessar-fogo-de-60-dias-na-faixa-de-gaza\/"},"wordCount":172,"publisher":{"@id":"https:\/\/www.notibras.com\/site\/#organization"},"image":{"@id":"https:\/\/www.notibras.com\/site\/hamas-concorda-com-cessar-fogo-de-60-dias-na-faixa-de-gaza\/#primaryimage"},"thumbnailUrl":"https:\/\/www.notibras.com\/site\/wp-content\/uploads\/2025\/08\/1119786720_0_170_3072_1898_1920x0_80_0_0_f3923b70a302bd967067362d10408966.jpg.webp","articleSection":["Apocalipse"],"inLanguage":"pt-BR"},{"@type":"WebPage","@id":"https:\/\/www.notibras.com\/site\/hamas-concorda-com-cessar-fogo-de-60-dias-na-faixa-de-gaza\/","url":"https:\/\/www.notibras.com\/site\/hamas-concorda-com-cessar-fogo-de-60-dias-na-faixa-de-gaza\/","name":"Hamas concorda com cessar-fogo de 60 dias na Faixa de Gaza - Notibras","isPartOf":{"@id":"https:\/\/www.notibras.com\/site\/#website"},"primaryImageOfPage":{"@id":"https:\/\/www.notibras.com\/site\/hamas-concorda-com-cessar-fogo-de-60-dias-na-faixa-de-gaza\/#primaryimage"},"image":{"@id":"https:\/\/www.notibras.com\/site\/hamas-concorda-com-cessar-fogo-de-60-dias-na-faixa-de-gaza\/#primaryimage"},"thumbnailUrl":"https:\/\/www.notibras.com\/site\/wp-content\/uploads\/2025\/08\/1119786720_0_170_3072_1898_1920x0_80_0_0_f3923b70a302bd967067362d10408966.jpg.webp","datePublished":"2025-08-19T05:00:55+00:00","dateModified":"2025-08-19T05:48:54+00:00","breadcrumb":{"@id":"https:\/\/www.notibras.com\/site\/hamas-concorda-com-cessar-fogo-de-60-dias-na-faixa-de-gaza\/#breadcrumb"},"inLanguage":"pt-BR","potentialAction":[{"@type":"ReadAction","target":["https:\/\/www.notibras.com\/site\/hamas-concorda-com-cessar-fogo-de-60-dias-na-faixa-de-gaza\/"]}]},{"@type":"ImageObject","inLanguage":"pt-BR","@id":"https:\/\/www.notibras.com\/site\/hamas-concorda-com-cessar-fogo-de-60-dias-na-faixa-de-gaza\/#primaryimage","url":"https:\/\/www.notibras.com\/site\/wp-content\/uploads\/2025\/08\/1119786720_0_170_3072_1898_1920x0_80_0_0_f3923b70a302bd967067362d10408966.jpg.webp","contentUrl":"https:\/\/www.notibras.com\/site\/wp-content\/uploads\/2025\/08\/1119786720_0_170_3072_1898_1920x0_80_0_0_f3923b70a302bd967067362d10408966.jpg.webp","width":1920,"height":1080},{"@type":"BreadcrumbList","@id":"https:\/\/www.notibras.com\/site\/hamas-concorda-com-cessar-fogo-de-60-dias-na-faixa-de-gaza\/#breadcrumb","itemListElement":[{"@type":"ListItem","position":1,"name":"In\u00edcio","item":"https:\/\/www.notibras.com\/site\/"},{"@type":"ListItem","position":2,"name":"Hamas concorda com cessar-fogo de 60 dias na Faixa de Gaza"}]},{"@type":"WebSite","@id":"https:\/\/www.notibras.com\/site\/#website","url":"https:\/\/www.notibras.com\/site\/","name":"Notibras","description":"Not\u00edcias de Bras\u00edlia, do Brasil e do Mundo","publisher":{"@id":"https:\/\/www.notibras.com\/site\/#organization"},"potentialAction":[{"@type":"SearchAction","target":{"@type":"EntryPoint","urlTemplate":"https:\/\/www.notibras.com\/site\/?s={search_term_string}"},"query-input":{"@type":"PropertyValueSpecification","valueRequired":true,"valueName":"search_term_string"}}],"inLanguage":"pt-BR"},{"@type":"Organization","@id":"https:\/\/www.notibras.com\/site\/#organization","name":"Grupo Notibras de Comunica\u00e7\u00e3o","url":"https:\/\/www.notibras.com\/site\/","logo":{"@type":"ImageObject","inLanguage":"pt-BR","@id":"https:\/\/www.notibras.com\/site\/#\/schema\/logo\/image\/","url":"https:\/\/www.notibras.com\/site\/wp-content\/uploads\/2023\/01\/notibras23.png","contentUrl":"https:\/\/www.notibras.com\/site\/wp-content\/uploads\/2023\/01\/notibras23.png","width":350,"height":87,"caption":"Grupo Notibras de Comunica\u00e7\u00e3o"},"image":{"@id":"https:\/\/www.notibras.com\/site\/#\/schema\/logo\/image\/"},"sameAs":["https:\/\/www.facebook.com\/notibras\/","https:\/\/x.com\/Notibras","https:\/\/www.instagram.com\/notibras\/"]},{"@type":"Person","@id":"https:\/\/www.notibras.com\/site\/#\/schema\/person\/36ab0979449956132d3e5b517ea76ac8","name":"Reda\u00e7\u00e3o","image":{"@type":"ImageObject","inLanguage":"pt-BR","@id":"https:\/\/secure.gravatar.com\/avatar\/e0a867bdedb85fd243eadf09663511f96fc81e0720a4a42581f334ad4303aa6b?s=96&d=mm&r=g","url":"https:\/\/secure.gravatar.com\/avatar\/e0a867bdedb85fd243eadf09663511f96fc81e0720a4a42581f334ad4303aa6b?s=96&d=mm&r=g","contentUrl":"https:\/\/secure.gravatar.com\/avatar\/e0a867bdedb85fd243eadf09663511f96fc81e0720a4a42581f334ad4303aa6b?s=96&d=mm&r=g","caption":"Reda\u00e7\u00e3o"}}]}},"amp_enabled":true,"_links":{"self":[{"href":"https:\/\/www.notibras.com\/site\/wp-json\/wp\/v2\/posts\/361471","targetHints":{"allow":["GET"]}}],"collection":[{"href":"https:\/\/www.notibras.com\/site\/wp-json\/wp\/v2\/posts"}],"about":[{"href":"https:\/\/www.notibras.com\/site\/wp-json\/wp\/v2\/types\/post"}],"author":[{"embeddable":true,"href":"https:\/\/www.notibras.com\/site\/wp-json\/wp\/v2\/users\/2"}],"replies":[{"embeddable":true,"href":"https:\/\/www.notibras.com\/site\/wp-json\/wp\/v2\/comments?post=361471"}],"version-history":[{"count":1,"href":"https:\/\/www.notibras.com\/site\/wp-json\/wp\/v2\/posts\/361471\/revisions"}],"predecessor-version":[{"id":361473,"href":"https:\/\/www.notibras.com\/site\/wp-json\/wp\/v2\/posts\/361471\/revisions\/361473"}],"wp:featuredmedia":[{"embeddable":true,"href":"https:\/\/www.notibras.com\/site\/wp-json\/wp\/v2\/media\/361472"}],"wp:attachment":[{"href":"https:\/\/www.notibras.com\/site\/wp-json\/wp\/v2\/media?parent=361471"}],"wp:term":[{"taxonomy":"category","embeddable":true,"href":"https:\/\/www.notibras.com\/site\/wp-json\/wp\/v2\/categories?post=361471"},{"taxonomy":"post_tag","embeddable":true,"href":"https:\/\/www.notibras.com\/site\/wp-json\/wp\/v2\/tags?post=361471"}],"curies":[{"name":"wp","href":"https:\/\/api.w.org\/{rel}","templated":true}]}}