{"id":361497,"date":"2025-08-19T00:59:54","date_gmt":"2025-08-19T03:59:54","guid":{"rendered":"https:\/\/www.notibras.com\/site\/?p=361497"},"modified":"2025-08-19T04:02:00","modified_gmt":"2025-08-19T07:02:00","slug":"terraco-shopping-abre-portas-para-o-mcdia-feliz","status":"publish","type":"post","link":"https:\/\/www.notibras.com\/site\/terraco-shopping-abre-portas-para-o-mcdia-feliz\/","title":{"rendered":"Terra\u00e7o Shopping abre portas para o McDia Feliz"},"content":{"rendered":"<p>No s\u00e1bado, 23, o Terra\u00e7o Shopping se une ao McDonald\u2019s para mais uma edi\u00e7\u00e3o do McDia Feliz. A renda obtida com a venda do sandu\u00edche Big Mac neste dia ser\u00e1 revertida para causas sociais.<\/p>\n<p>Em Bras\u00edlia, a institui\u00e7\u00e3o beneficiada \u00e9 a Abrace, que h\u00e1 39 anos atua no apoio a crian\u00e7as e adolescentes na luta contra o c\u00e2ncer. A entidade \u00e9 credenciada pelo Instituto Ronald McDonald, que trabalha para proporcionar mais sa\u00fade e qualidade de vida a crian\u00e7as e adolescentes com c\u00e2ncer e a suas fam\u00edlias.<\/p>\n<p>No dia da campanha, os clientes poder\u00e3o adquirir o Big Mac no restaurante da Pra\u00e7a de Alimenta\u00e7\u00e3o do Terra\u00e7o Shopping, das 10h \u00e0s 22h. Quem comprou t\u00edquetes antecipadamente tamb\u00e9m poder\u00e1 troc\u00e1-los pelo Big Mac no McDonald\u2019s do shopping, exclusivamente no dia 23 de agosto.<\/p>\n<p>Criada em 1988, a campanha j\u00e1 arrecadou mais de R$ 400 milh\u00f5es, reafirmando o compromisso com a sa\u00fade e a educa\u00e7\u00e3o de crian\u00e7as e adolescentes em todo o pa\u00eds.<\/p>\n","protected":false},"excerpt":{"rendered":"<p>No s\u00e1bado, 23, o Terra\u00e7o Shopping se une ao McDonald\u2019s para mais uma edi\u00e7\u00e3o do McDia Feliz. A renda obtida com a venda do sandu\u00edche Big Mac neste dia ser\u00e1 revertida para causas sociais. Em Bras\u00edlia, a institui\u00e7\u00e3o beneficiada \u00e9 a Abrace, que h\u00e1 39 anos atua no apoio a crian\u00e7as e adolescentes na luta [&hellip;]<\/p>\n","protected":false},"author":2,"featured_media":361498,"comment_status":"closed","ping_status":"closed","sticky":false,"template":"","format":"standard","meta":{"_acf_changed":false,"footnotes":""},"categories":[161],"tags":[],"class_list":["post-361497","post","type-post","status-publish","format-standard","has-post-thumbnail","hentry","category-quadradinho-em-foco"],"acf":[],"_links":{"self":[{"href":"https:\/\/www.notibras.com\/site\/wp-json\/wp\/v2\/posts\/361497","targetHints":{"allow":["GET"]}}],"collection":[{"href":"https:\/\/www.notibras.com\/site\/wp-json\/wp\/v2\/posts"}],"about":[{"href":"https:\/\/www.notibras.com\/site\/wp-json\/wp\/v2\/types\/post"}],"author":[{"embeddable":true,"href":"https:\/\/www.notibras.com\/site\/wp-json\/wp\/v2\/users\/2"}],"replies":[{"embeddable":true,"href":"https:\/\/www.notibras.com\/site\/wp-json\/wp\/v2\/comments?post=361497"}],"version-history":[{"count":1,"href":"https:\/\/www.notibras.com\/site\/wp-json\/wp\/v2\/posts\/361497\/revisions"}],"predecessor-version":[{"id":361499,"href":"https:\/\/www.notibras.com\/site\/wp-json\/wp\/v2\/posts\/361497\/revisions\/361499"}],"wp:featuredmedia":[{"embeddable":true,"href":"https:\/\/www.notibras.com\/site\/wp-json\/wp\/v2\/media\/361498"}],"wp:attachment":[{"href":"https:\/\/www.notibras.com\/site\/wp-json\/wp\/v2\/media?parent=361497"}],"wp:term":[{"taxonomy":"category","embeddable":true,"href":"https:\/\/www.notibras.com\/site\/wp-json\/wp\/v2\/categories?post=361497"},{"taxonomy":"post_tag","embeddable":true,"href":"https:\/\/www.notibras.com\/site\/wp-json\/wp\/v2\/tags?post=361497"}],"curies":[{"name":"wp","href":"https:\/\/api.w.org\/{rel}","templated":true}]}}