{"id":361544,"date":"2025-08-21T02:00:15","date_gmt":"2025-08-21T05:00:15","guid":{"rendered":"https:\/\/www.notibras.com\/site\/?p=361544"},"modified":"2025-08-19T23:11:32","modified_gmt":"2025-08-20T02:11:32","slug":"que-tal-uma-dose-de-sarcasmo-de-vez-em-quando","status":"publish","type":"post","link":"https:\/\/www.notibras.com\/site\/que-tal-uma-dose-de-sarcasmo-de-vez-em-quando\/","title":{"rendered":"Que tal uma dose de sarcasmo de vez em quando?"},"content":{"rendered":"<p>No fundo, mesmo que bem l\u00e1 no fundo, todo mundo \u00e9 triste. Tristeza \u00e9 o nosso dia a dia, apesar da desfa\u00e7atez de buscar, sem qualquer pudor, essa ilus\u00e3o que \u00e9 a felicidade. Eunice, minha irm\u00e3, \u00e9 uma rom\u00e2ntica incur\u00e1vel. Vive fantasiando os momentos mais tr\u00e1gicos da vida como se fossem caracter\u00edsticos de hist\u00f3rias \u00e9picas e, no final, tudo vai ficar bem porque \u00e9 assim que deve ser.<\/p>\n<p>\u2014 Roberta, mas voc\u00ea nunca ri?<\/p>\n<p>\u2014 \u00d3bvio que rio, Eunice. Rio dessa sua cara de marmota esperan\u00e7osa.<\/p>\n<p>\u2014 N\u00e3o sei como \u00e9 que mam\u00e3e conseguiu parir duas criaturas t\u00e3o diferentes.<\/p>\n<p>\u2014 E quem disse que ela pariu as duas?<\/p>\n<p>\u2014 Como assim?<\/p>\n<p>\u2014 U\u00e9, n\u00e3o te contaram?<\/p>\n<p>\u2014 Contaram o qu\u00ea, Roberta?<\/p>\n<p>\u2014 Que voc\u00ea foi achada na rua.<\/p>\n<p>Minha irm\u00e3, sens\u00edvel como ela s\u00f3, n\u00e3o consegue evitar uma l\u00e1grima furtiva. L\u00e1grima furtiva? Ih, c\u00e1 estou usando repert\u00f3rio que, n\u00e3o duvido, Eunice costuma usar em cartas para algum namorado ou, pior, em poesias tolas. Como se algu\u00e9m, em s\u00e3 consci\u00eancia, perderia tempo com isso&#8230;<\/p>\n<p>\u2014 Mas, Roberta, para algu\u00e9m que s\u00f3 sai com homem bonito, voc\u00ea \u00e9 bem depressiva.<\/p>\n<p>\u2014 E o que tem isso a ver, Eunice?<\/p>\n<p>\u2014 U\u00e9, se eu fosse esse po\u00e7o de melancolia, nem me importava se o cara n\u00e3o parecesse com o Denzel Washington.<\/p>\n<p>\u2014 Ah, Eunice, n\u00e3o \u00e9 porque a vida \u00e9 puro desalento, que eu n\u00e3o possa me divertir com o sabor de sorvete mais saboroso. E voc\u00ea sabe que adoro chocolate, n\u00e9?!<\/p>\n<p>\u2026\u2026\u2026\u2026\u2026\u2026\u2026\u2026<\/p>\n<p><strong>Eduardo Mart\u00ednez \u00e9 autor do livro \u201957 Contos e Cr\u00f4nicas por um Autor Muito Velho\u2019<\/strong><\/p>\n<p><strong>Compre aqui<\/strong>\u00a0<img decoding=\"async\" class=\"emoji\" role=\"img\" draggable=\"false\" src=\"https:\/\/s.w.org\/images\/core\/emoji\/16.0.1\/svg\/1f447-1f3ff.svg\" alt=\"\" \/><\/p>\n<p><a href=\"https:\/\/www.joanineditora.com.br\/57-contos-e-cronicas-por-um-autor-muito-velho\">https:\/\/www.joanineditora.com.br\/57-contos-e-cronicas-por-um-autor-muito-velho<\/a><\/p>\n","protected":false},"excerpt":{"rendered":"<p>No fundo, mesmo que bem l\u00e1 no fundo, todo mundo \u00e9 triste. Tristeza \u00e9 o nosso dia a dia, apesar da desfa\u00e7atez de buscar, sem qualquer pudor, essa ilus\u00e3o que \u00e9 a felicidade. Eunice, minha irm\u00e3, \u00e9 uma rom\u00e2ntica incur\u00e1vel. Vive fantasiando os momentos mais tr\u00e1gicos da vida como se fossem caracter\u00edsticos de hist\u00f3rias \u00e9picas [&hellip;]<\/p>\n","protected":false},"author":21,"featured_media":361545,"comment_status":"closed","ping_status":"closed","sticky":false,"template":"","format":"standard","meta":{"_acf_changed":false,"footnotes":""},"categories":[161],"tags":[],"class_list":["post-361544","post","type-post","status-publish","format-standard","has-post-thumbnail","hentry","category-quadradinho-em-foco"],"acf":[],"_links":{"self":[{"href":"https:\/\/www.notibras.com\/site\/wp-json\/wp\/v2\/posts\/361544","targetHints":{"allow":["GET"]}}],"collection":[{"href":"https:\/\/www.notibras.com\/site\/wp-json\/wp\/v2\/posts"}],"about":[{"href":"https:\/\/www.notibras.com\/site\/wp-json\/wp\/v2\/types\/post"}],"author":[{"embeddable":true,"href":"https:\/\/www.notibras.com\/site\/wp-json\/wp\/v2\/users\/21"}],"replies":[{"embeddable":true,"href":"https:\/\/www.notibras.com\/site\/wp-json\/wp\/v2\/comments?post=361544"}],"version-history":[{"count":1,"href":"https:\/\/www.notibras.com\/site\/wp-json\/wp\/v2\/posts\/361544\/revisions"}],"predecessor-version":[{"id":361546,"href":"https:\/\/www.notibras.com\/site\/wp-json\/wp\/v2\/posts\/361544\/revisions\/361546"}],"wp:featuredmedia":[{"embeddable":true,"href":"https:\/\/www.notibras.com\/site\/wp-json\/wp\/v2\/media\/361545"}],"wp:attachment":[{"href":"https:\/\/www.notibras.com\/site\/wp-json\/wp\/v2\/media?parent=361544"}],"wp:term":[{"taxonomy":"category","embeddable":true,"href":"https:\/\/www.notibras.com\/site\/wp-json\/wp\/v2\/categories?post=361544"},{"taxonomy":"post_tag","embeddable":true,"href":"https:\/\/www.notibras.com\/site\/wp-json\/wp\/v2\/tags?post=361544"}],"curies":[{"name":"wp","href":"https:\/\/api.w.org\/{rel}","templated":true}]}}