{"id":361548,"date":"2025-08-20T07:02:04","date_gmt":"2025-08-20T10:02:04","guid":{"rendered":"https:\/\/www.notibras.com\/site\/?p=361548"},"modified":"2025-08-20T07:34:06","modified_gmt":"2025-08-20T10:34:06","slug":"bolsa-familia-idosos-e-nordeste-voltam-a-dar-imagem-melhor-a-lula","status":"publish","type":"post","link":"https:\/\/www.notibras.com\/site\/bolsa-familia-idosos-e-nordeste-voltam-a-dar-imagem-melhor-a-lula\/","title":{"rendered":"Bolsa Fam\u00edlia, idosos e Nordeste voltam a dar imagem melhor a Lula"},"content":{"rendered":"<p data-start=\"111\" data-end=\"450\">O Pal\u00e1cio do Planalto amanheceu com certo al\u00edvio diante dos n\u00fameros da pesquisa Genial\/Quaest divulgada nesta quarta-feira, 20. Pela segunda vez consecutiva, a aprova\u00e7\u00e3o do presidente Luiz In\u00e1cio Lula da Silva (PT) avan\u00e7ou, alcan\u00e7ando 46%. A desaprova\u00e7\u00e3o, por sua vez, recuou dentro da margem de erro e ficou em 51% \u2014 ainda superior, mas em queda.<\/p>\n<p data-start=\"452\" data-end=\"762\">A melhora \u00e9 vista como um sinal de recupera\u00e7\u00e3o da confian\u00e7a popular, especialmente no Nordeste, entre benefici\u00e1rios do Bolsa Fam\u00edlia e eleitores com 60 anos ou mais. Em julho, a aprova\u00e7\u00e3o era de 43% e a desaprova\u00e7\u00e3o de 51%, cen\u00e1rio que indicava estagna\u00e7\u00e3o. Agora, o Planalto comemora o movimento de retomada.<\/p>\n<p data-start=\"764\" data-end=\"912\">O levantamento foi feito presencialmente com 12.150 pessoas com 16 anos ou mais, entre os dias 13 e 17 de agosto, e tem n\u00edvel de confian\u00e7a de 95%.<\/p>\n<p data-start=\"914\" data-end=\"1224\">No Nordeste, regi\u00e3o estrat\u00e9gica para o governo, Lula ampliou sua vantagem. A aprova\u00e7\u00e3o saltou de 53% para 60%, o maior \u00edndice do ano, enquanto a desaprova\u00e7\u00e3o caiu para 37%. O Planalto v\u00ea nesse resultado a confirma\u00e7\u00e3o de que os programas sociais e a aten\u00e7\u00e3o \u00e0 regi\u00e3o continuam garantindo base s\u00f3lida de apoio.<\/p>\n<p data-start=\"1226\" data-end=\"1518\">Tamb\u00e9m houve sinais positivos em outras partes do pa\u00eds: no Sul, a aprova\u00e7\u00e3o subiu de 35% para 38%, mesmo com a reprova\u00e7\u00e3o ainda alta em 61%. J\u00e1 no Centro-Oeste e Norte, os \u00edndices tamb\u00e9m mostraram melhora, com a aprova\u00e7\u00e3o avan\u00e7ando de 40% para 44% e a desaprova\u00e7\u00e3o recuando de 55% para 53%.<\/p>\n<p data-start=\"1226\" data-end=\"1518\">&#8230;&#8230;&#8230;&#8230;&#8230;&#8230;&#8230;&#8230;&#8230;&#8230;.<\/p>\n<p data-start=\"1226\" data-end=\"1518\"><strong>Marta Nobre \u00e9 Editora-Executiva de Notibras<\/strong><\/p>\n","protected":false},"excerpt":{"rendered":"<p>O Pal\u00e1cio do Planalto amanheceu com certo al\u00edvio diante dos n\u00fameros da pesquisa Genial\/Quaest divulgada nesta quarta-feira, 20. Pela segunda vez consecutiva, a aprova\u00e7\u00e3o do presidente Luiz In\u00e1cio Lula da Silva (PT) avan\u00e7ou, alcan\u00e7ando 46%. A desaprova\u00e7\u00e3o, por sua vez, recuou dentro da margem de erro e ficou em 51% \u2014 ainda superior, mas em [&hellip;]<\/p>\n","protected":false},"author":2,"featured_media":361549,"comment_status":"closed","ping_status":"closed","sticky":false,"template":"","format":"standard","meta":{"_acf_changed":false,"footnotes":""},"categories":[16],"tags":[95],"class_list":["post-361548","post","type-post","status-publish","format-standard","has-post-thumbnail","hentry","category-brasil","tag-capa"],"acf":[],"_links":{"self":[{"href":"https:\/\/www.notibras.com\/site\/wp-json\/wp\/v2\/posts\/361548","targetHints":{"allow":["GET"]}}],"collection":[{"href":"https:\/\/www.notibras.com\/site\/wp-json\/wp\/v2\/posts"}],"about":[{"href":"https:\/\/www.notibras.com\/site\/wp-json\/wp\/v2\/types\/post"}],"author":[{"embeddable":true,"href":"https:\/\/www.notibras.com\/site\/wp-json\/wp\/v2\/users\/2"}],"replies":[{"embeddable":true,"href":"https:\/\/www.notibras.com\/site\/wp-json\/wp\/v2\/comments?post=361548"}],"version-history":[{"count":2,"href":"https:\/\/www.notibras.com\/site\/wp-json\/wp\/v2\/posts\/361548\/revisions"}],"predecessor-version":[{"id":361551,"href":"https:\/\/www.notibras.com\/site\/wp-json\/wp\/v2\/posts\/361548\/revisions\/361551"}],"wp:featuredmedia":[{"embeddable":true,"href":"https:\/\/www.notibras.com\/site\/wp-json\/wp\/v2\/media\/361549"}],"wp:attachment":[{"href":"https:\/\/www.notibras.com\/site\/wp-json\/wp\/v2\/media?parent=361548"}],"wp:term":[{"taxonomy":"category","embeddable":true,"href":"https:\/\/www.notibras.com\/site\/wp-json\/wp\/v2\/categories?post=361548"},{"taxonomy":"post_tag","embeddable":true,"href":"https:\/\/www.notibras.com\/site\/wp-json\/wp\/v2\/tags?post=361548"}],"curies":[{"name":"wp","href":"https:\/\/api.w.org\/{rel}","templated":true}]}}