{"id":361662,"date":"2025-08-21T06:30:09","date_gmt":"2025-08-21T09:30:09","guid":{"rendered":"https:\/\/www.notibras.com\/site\/?p=361662"},"modified":"2025-08-21T06:32:22","modified_gmt":"2025-08-21T09:32:22","slug":"netanyahu-usa-guerra-como-pretexto-de-manter-poder","status":"publish","type":"post","link":"https:\/\/www.notibras.com\/site\/netanyahu-usa-guerra-como-pretexto-de-manter-poder\/","title":{"rendered":"Netanyahu usa guerra como pretexto de manter poder"},"content":{"rendered":"<p>O primeiro-ministro israelense Benjamin Netanyahu est\u00e1 prolongando deliberadamente a guerra em Gaza para evitar o colapso de sua carreira pol\u00edtica, de acordo com o conselheiro do presidente palestino Mahmoud Abbas, Mahmoud al-Habbash.<\/p>\n<p>Um cessar-fogo n\u00e3o apenas traria escrut\u00ednio sobre as a\u00e7\u00f5es de Israel em Gaza , mas tamb\u00e9m poderia arrastar Benjamin Netanyahu de volta aos esc\u00e2ndalos de corrup\u00e7\u00e3o que ainda pairam sobre sua cabe\u00e7a, disse Mahmoud al-Habbash.<\/p>\n<p>&#8220;N\u00e3o creio que Netanyahu queira uma tr\u00e9gua \u2014 ele quer guerra. Do seu ponto de vista, qualquer pausa ou fim da guerra s\u00f3 aproximar\u00e1 sua sa\u00edda da cena pol\u00edtica em Israel, pois abrir\u00e1 caminho para responsabilidade legal e judicial contra ele em muitos casos&#8221;, disse al-Habbash.<\/p>\n<p>Segundo o assessor, acabar com a guerra a qualquer custo \u00e9 uma prioridade para a lideran\u00e7a palestina, que tenta privar Netanyahu de quaisquer justificativas e pretextos para continuar a agress\u00e3o contra o povo palestino.<\/p>\n<p>Mas com o apoio total dos Estados Unidos, Netanyahu se sente encorajado a ampliar o campo de batalha \u2014 de Gaza ao I\u00eamen, L\u00edbano, Iraque, Ir\u00e3 e at\u00e9 mesmo \u00e0 S\u00edria, alertou al-Habbash.<\/p>\n<p>\u201cO atual governo israelense acredita apenas em expans\u00e3o, guerra e for\u00e7a bruta\u201d, disse ele, enfatizando que somente uma press\u00e3o internacional real pode for\u00e7ar Netanyahu a um cessar-fogo e a um caminho pol\u00edtico para neutralizar o conflito.<\/p>\n","protected":false},"excerpt":{"rendered":"<p>O primeiro-ministro israelense Benjamin Netanyahu est\u00e1 prolongando deliberadamente a guerra em Gaza para evitar o colapso de sua carreira pol\u00edtica, de acordo com o conselheiro do presidente palestino Mahmoud Abbas, Mahmoud al-Habbash. Um cessar-fogo n\u00e3o apenas traria escrut\u00ednio sobre as a\u00e7\u00f5es de Israel em Gaza , mas tamb\u00e9m poderia arrastar Benjamin Netanyahu de volta aos [&hellip;]<\/p>\n","protected":false},"author":2,"featured_media":361663,"comment_status":"closed","ping_status":"closed","sticky":false,"template":"","format":"standard","meta":{"_acf_changed":false,"footnotes":""},"categories":[159],"tags":[],"class_list":["post-361662","post","type-post","status-publish","format-standard","has-post-thumbnail","hentry","category-apocalipse"],"acf":[],"yoast_head":"<!-- This site is optimized with the Yoast SEO plugin v27.2 - https:\/\/yoast.com\/product\/yoast-seo-wordpress\/ -->\n<title>Netanyahu usa guerra como pretexto de manter poder - Notibras<\/title>\n<meta name=\"robots\" content=\"index, follow, max-snippet:-1, max-image-preview:large, max-video-preview:-1\" \/>\n<link rel=\"canonical\" href=\"https:\/\/www.notibras.com\/site\/netanyahu-usa-guerra-como-pretexto-de-manter-poder\/\" \/>\n<meta property=\"og:locale\" content=\"pt_BR\" \/>\n<meta property=\"og:type\" content=\"article\" \/>\n<meta property=\"og:title\" content=\"Netanyahu usa guerra como pretexto de manter poder - Notibras\" \/>\n<meta property=\"og:description\" content=\"O primeiro-ministro israelense Benjamin Netanyahu est\u00e1 prolongando deliberadamente a guerra em Gaza para evitar o colapso de sua carreira pol\u00edtica, de acordo com o conselheiro do presidente palestino Mahmoud Abbas, Mahmoud al-Habbash. Um cessar-fogo n\u00e3o apenas traria escrut\u00ednio sobre as a\u00e7\u00f5es de Israel em Gaza , mas tamb\u00e9m poderia arrastar Benjamin Netanyahu de volta aos [&hellip;]\" \/>\n<meta property=\"og:url\" content=\"https:\/\/www.notibras.com\/site\/netanyahu-usa-guerra-como-pretexto-de-manter-poder\/\" \/>\n<meta property=\"og:site_name\" content=\"Notibras\" \/>\n<meta property=\"article:publisher\" content=\"https:\/\/www.facebook.com\/notibras\/\" \/>\n<meta property=\"article:published_time\" content=\"2025-08-21T09:30:09+00:00\" \/>\n<meta property=\"article:modified_time\" content=\"2025-08-21T09:32:22+00:00\" \/>\n<meta property=\"og:image\" content=\"https:\/\/www.notibras.com\/site\/wp-content\/uploads\/2025\/08\/1122657310_0_160_3072_1888_1920x0_80_0_0_e7cf7eaf12ad0e10407de28ec970f67e.jpg.webp\" \/>\n\t<meta property=\"og:image:width\" content=\"1920\" \/>\n\t<meta property=\"og:image:height\" content=\"1080\" \/>\n\t<meta property=\"og:image:type\" content=\"image\/webp\" \/>\n<meta name=\"author\" content=\"Reda\u00e7\u00e3o\" \/>\n<meta name=\"twitter:card\" content=\"summary_large_image\" \/>\n<meta name=\"twitter:creator\" content=\"@Notibras\" \/>\n<meta name=\"twitter:site\" content=\"@Notibras\" \/>\n<meta name=\"twitter:label1\" content=\"Escrito por\" \/>\n\t<meta name=\"twitter:data1\" content=\"Reda\u00e7\u00e3o\" \/>\n\t<meta name=\"twitter:label2\" content=\"Est. tempo de leitura\" \/>\n\t<meta name=\"twitter:data2\" content=\"2 minutos\" \/>\n<script type=\"application\/ld+json\" class=\"yoast-schema-graph\">{\"@context\":\"https:\/\/schema.org\",\"@graph\":[{\"@type\":\"Article\",\"@id\":\"https:\/\/www.notibras.com\/site\/netanyahu-usa-guerra-como-pretexto-de-manter-poder\/#article\",\"isPartOf\":{\"@id\":\"https:\/\/www.notibras.com\/site\/netanyahu-usa-guerra-como-pretexto-de-manter-poder\/\"},\"author\":{\"name\":\"Reda\u00e7\u00e3o\",\"@id\":\"https:\/\/www.notibras.com\/site\/#\/schema\/person\/36ab0979449956132d3e5b517ea76ac8\"},\"headline\":\"Netanyahu usa guerra como pretexto de manter poder\",\"datePublished\":\"2025-08-21T09:30:09+00:00\",\"dateModified\":\"2025-08-21T09:32:22+00:00\",\"mainEntityOfPage\":{\"@id\":\"https:\/\/www.notibras.com\/site\/netanyahu-usa-guerra-como-pretexto-de-manter-poder\/\"},\"wordCount\":241,\"publisher\":{\"@id\":\"https:\/\/www.notibras.com\/site\/#organization\"},\"image\":{\"@id\":\"https:\/\/www.notibras.com\/site\/netanyahu-usa-guerra-como-pretexto-de-manter-poder\/#primaryimage\"},\"thumbnailUrl\":\"https:\/\/www.notibras.com\/site\/wp-content\/uploads\/2025\/08\/1122657310_0_160_3072_1888_1920x0_80_0_0_e7cf7eaf12ad0e10407de28ec970f67e.jpg.webp\",\"articleSection\":[\"Apocalipse\"],\"inLanguage\":\"pt-BR\"},{\"@type\":\"WebPage\",\"@id\":\"https:\/\/www.notibras.com\/site\/netanyahu-usa-guerra-como-pretexto-de-manter-poder\/\",\"url\":\"https:\/\/www.notibras.com\/site\/netanyahu-usa-guerra-como-pretexto-de-manter-poder\/\",\"name\":\"Netanyahu usa guerra como pretexto de manter poder - Notibras\",\"isPartOf\":{\"@id\":\"https:\/\/www.notibras.com\/site\/#website\"},\"primaryImageOfPage\":{\"@id\":\"https:\/\/www.notibras.com\/site\/netanyahu-usa-guerra-como-pretexto-de-manter-poder\/#primaryimage\"},\"image\":{\"@id\":\"https:\/\/www.notibras.com\/site\/netanyahu-usa-guerra-como-pretexto-de-manter-poder\/#primaryimage\"},\"thumbnailUrl\":\"https:\/\/www.notibras.com\/site\/wp-content\/uploads\/2025\/08\/1122657310_0_160_3072_1888_1920x0_80_0_0_e7cf7eaf12ad0e10407de28ec970f67e.jpg.webp\",\"datePublished\":\"2025-08-21T09:30:09+00:00\",\"dateModified\":\"2025-08-21T09:32:22+00:00\",\"breadcrumb\":{\"@id\":\"https:\/\/www.notibras.com\/site\/netanyahu-usa-guerra-como-pretexto-de-manter-poder\/#breadcrumb\"},\"inLanguage\":\"pt-BR\",\"potentialAction\":[{\"@type\":\"ReadAction\",\"target\":[\"https:\/\/www.notibras.com\/site\/netanyahu-usa-guerra-como-pretexto-de-manter-poder\/\"]}]},{\"@type\":\"ImageObject\",\"inLanguage\":\"pt-BR\",\"@id\":\"https:\/\/www.notibras.com\/site\/netanyahu-usa-guerra-como-pretexto-de-manter-poder\/#primaryimage\",\"url\":\"https:\/\/www.notibras.com\/site\/wp-content\/uploads\/2025\/08\/1122657310_0_160_3072_1888_1920x0_80_0_0_e7cf7eaf12ad0e10407de28ec970f67e.jpg.webp\",\"contentUrl\":\"https:\/\/www.notibras.com\/site\/wp-content\/uploads\/2025\/08\/1122657310_0_160_3072_1888_1920x0_80_0_0_e7cf7eaf12ad0e10407de28ec970f67e.jpg.webp\",\"width\":1920,\"height\":1080},{\"@type\":\"BreadcrumbList\",\"@id\":\"https:\/\/www.notibras.com\/site\/netanyahu-usa-guerra-como-pretexto-de-manter-poder\/#breadcrumb\",\"itemListElement\":[{\"@type\":\"ListItem\",\"position\":1,\"name\":\"In\u00edcio\",\"item\":\"https:\/\/www.notibras.com\/site\/\"},{\"@type\":\"ListItem\",\"position\":2,\"name\":\"Netanyahu usa guerra como pretexto de manter poder\"}]},{\"@type\":\"WebSite\",\"@id\":\"https:\/\/www.notibras.com\/site\/#website\",\"url\":\"https:\/\/www.notibras.com\/site\/\",\"name\":\"Notibras\",\"description\":\"Not\u00edcias de Bras\u00edlia, do Brasil e do Mundo\",\"publisher\":{\"@id\":\"https:\/\/www.notibras.com\/site\/#organization\"},\"potentialAction\":[{\"@type\":\"SearchAction\",\"target\":{\"@type\":\"EntryPoint\",\"urlTemplate\":\"https:\/\/www.notibras.com\/site\/?s={search_term_string}\"},\"query-input\":{\"@type\":\"PropertyValueSpecification\",\"valueRequired\":true,\"valueName\":\"search_term_string\"}}],\"inLanguage\":\"pt-BR\"},{\"@type\":\"Organization\",\"@id\":\"https:\/\/www.notibras.com\/site\/#organization\",\"name\":\"Grupo Notibras de Comunica\u00e7\u00e3o\",\"url\":\"https:\/\/www.notibras.com\/site\/\",\"logo\":{\"@type\":\"ImageObject\",\"inLanguage\":\"pt-BR\",\"@id\":\"https:\/\/www.notibras.com\/site\/#\/schema\/logo\/image\/\",\"url\":\"https:\/\/www.notibras.com\/site\/wp-content\/uploads\/2023\/01\/notibras23.png\",\"contentUrl\":\"https:\/\/www.notibras.com\/site\/wp-content\/uploads\/2023\/01\/notibras23.png\",\"width\":350,\"height\":87,\"caption\":\"Grupo Notibras de Comunica\u00e7\u00e3o\"},\"image\":{\"@id\":\"https:\/\/www.notibras.com\/site\/#\/schema\/logo\/image\/\"},\"sameAs\":[\"https:\/\/www.facebook.com\/notibras\/\",\"https:\/\/x.com\/Notibras\",\"https:\/\/www.instagram.com\/notibras\/\"]},{\"@type\":\"Person\",\"@id\":\"https:\/\/www.notibras.com\/site\/#\/schema\/person\/36ab0979449956132d3e5b517ea76ac8\",\"name\":\"Reda\u00e7\u00e3o\",\"image\":{\"@type\":\"ImageObject\",\"inLanguage\":\"pt-BR\",\"@id\":\"https:\/\/secure.gravatar.com\/avatar\/e0a867bdedb85fd243eadf09663511f96fc81e0720a4a42581f334ad4303aa6b?s=96&d=mm&r=g\",\"url\":\"https:\/\/secure.gravatar.com\/avatar\/e0a867bdedb85fd243eadf09663511f96fc81e0720a4a42581f334ad4303aa6b?s=96&d=mm&r=g\",\"contentUrl\":\"https:\/\/secure.gravatar.com\/avatar\/e0a867bdedb85fd243eadf09663511f96fc81e0720a4a42581f334ad4303aa6b?s=96&d=mm&r=g\",\"caption\":\"Reda\u00e7\u00e3o\"}}]}<\/script>\n<!-- \/ Yoast SEO plugin. -->","yoast_head_json":{"title":"Netanyahu usa guerra como pretexto de manter poder - Notibras","robots":{"index":"index","follow":"follow","max-snippet":"max-snippet:-1","max-image-preview":"max-image-preview:large","max-video-preview":"max-video-preview:-1"},"canonical":"https:\/\/www.notibras.com\/site\/netanyahu-usa-guerra-como-pretexto-de-manter-poder\/","og_locale":"pt_BR","og_type":"article","og_title":"Netanyahu usa guerra como pretexto de manter poder - Notibras","og_description":"O primeiro-ministro israelense Benjamin Netanyahu est\u00e1 prolongando deliberadamente a guerra em Gaza para evitar o colapso de sua carreira pol\u00edtica, de acordo com o conselheiro do presidente palestino Mahmoud Abbas, Mahmoud al-Habbash. Um cessar-fogo n\u00e3o apenas traria escrut\u00ednio sobre as a\u00e7\u00f5es de Israel em Gaza , mas tamb\u00e9m poderia arrastar Benjamin Netanyahu de volta aos [&hellip;]","og_url":"https:\/\/www.notibras.com\/site\/netanyahu-usa-guerra-como-pretexto-de-manter-poder\/","og_site_name":"Notibras","article_publisher":"https:\/\/www.facebook.com\/notibras\/","article_published_time":"2025-08-21T09:30:09+00:00","article_modified_time":"2025-08-21T09:32:22+00:00","og_image":[{"width":1920,"height":1080,"url":"https:\/\/www.notibras.com\/site\/wp-content\/uploads\/2025\/08\/1122657310_0_160_3072_1888_1920x0_80_0_0_e7cf7eaf12ad0e10407de28ec970f67e.jpg.webp","type":"image\/webp"}],"author":"Reda\u00e7\u00e3o","twitter_card":"summary_large_image","twitter_creator":"@Notibras","twitter_site":"@Notibras","twitter_misc":{"Escrito por":"Reda\u00e7\u00e3o","Est. tempo de leitura":"2 minutos"},"schema":{"@context":"https:\/\/schema.org","@graph":[{"@type":"Article","@id":"https:\/\/www.notibras.com\/site\/netanyahu-usa-guerra-como-pretexto-de-manter-poder\/#article","isPartOf":{"@id":"https:\/\/www.notibras.com\/site\/netanyahu-usa-guerra-como-pretexto-de-manter-poder\/"},"author":{"name":"Reda\u00e7\u00e3o","@id":"https:\/\/www.notibras.com\/site\/#\/schema\/person\/36ab0979449956132d3e5b517ea76ac8"},"headline":"Netanyahu usa guerra como pretexto de manter poder","datePublished":"2025-08-21T09:30:09+00:00","dateModified":"2025-08-21T09:32:22+00:00","mainEntityOfPage":{"@id":"https:\/\/www.notibras.com\/site\/netanyahu-usa-guerra-como-pretexto-de-manter-poder\/"},"wordCount":241,"publisher":{"@id":"https:\/\/www.notibras.com\/site\/#organization"},"image":{"@id":"https:\/\/www.notibras.com\/site\/netanyahu-usa-guerra-como-pretexto-de-manter-poder\/#primaryimage"},"thumbnailUrl":"https:\/\/www.notibras.com\/site\/wp-content\/uploads\/2025\/08\/1122657310_0_160_3072_1888_1920x0_80_0_0_e7cf7eaf12ad0e10407de28ec970f67e.jpg.webp","articleSection":["Apocalipse"],"inLanguage":"pt-BR"},{"@type":"WebPage","@id":"https:\/\/www.notibras.com\/site\/netanyahu-usa-guerra-como-pretexto-de-manter-poder\/","url":"https:\/\/www.notibras.com\/site\/netanyahu-usa-guerra-como-pretexto-de-manter-poder\/","name":"Netanyahu usa guerra como pretexto de manter poder - Notibras","isPartOf":{"@id":"https:\/\/www.notibras.com\/site\/#website"},"primaryImageOfPage":{"@id":"https:\/\/www.notibras.com\/site\/netanyahu-usa-guerra-como-pretexto-de-manter-poder\/#primaryimage"},"image":{"@id":"https:\/\/www.notibras.com\/site\/netanyahu-usa-guerra-como-pretexto-de-manter-poder\/#primaryimage"},"thumbnailUrl":"https:\/\/www.notibras.com\/site\/wp-content\/uploads\/2025\/08\/1122657310_0_160_3072_1888_1920x0_80_0_0_e7cf7eaf12ad0e10407de28ec970f67e.jpg.webp","datePublished":"2025-08-21T09:30:09+00:00","dateModified":"2025-08-21T09:32:22+00:00","breadcrumb":{"@id":"https:\/\/www.notibras.com\/site\/netanyahu-usa-guerra-como-pretexto-de-manter-poder\/#breadcrumb"},"inLanguage":"pt-BR","potentialAction":[{"@type":"ReadAction","target":["https:\/\/www.notibras.com\/site\/netanyahu-usa-guerra-como-pretexto-de-manter-poder\/"]}]},{"@type":"ImageObject","inLanguage":"pt-BR","@id":"https:\/\/www.notibras.com\/site\/netanyahu-usa-guerra-como-pretexto-de-manter-poder\/#primaryimage","url":"https:\/\/www.notibras.com\/site\/wp-content\/uploads\/2025\/08\/1122657310_0_160_3072_1888_1920x0_80_0_0_e7cf7eaf12ad0e10407de28ec970f67e.jpg.webp","contentUrl":"https:\/\/www.notibras.com\/site\/wp-content\/uploads\/2025\/08\/1122657310_0_160_3072_1888_1920x0_80_0_0_e7cf7eaf12ad0e10407de28ec970f67e.jpg.webp","width":1920,"height":1080},{"@type":"BreadcrumbList","@id":"https:\/\/www.notibras.com\/site\/netanyahu-usa-guerra-como-pretexto-de-manter-poder\/#breadcrumb","itemListElement":[{"@type":"ListItem","position":1,"name":"In\u00edcio","item":"https:\/\/www.notibras.com\/site\/"},{"@type":"ListItem","position":2,"name":"Netanyahu usa guerra como pretexto de manter poder"}]},{"@type":"WebSite","@id":"https:\/\/www.notibras.com\/site\/#website","url":"https:\/\/www.notibras.com\/site\/","name":"Notibras","description":"Not\u00edcias de Bras\u00edlia, do Brasil e do Mundo","publisher":{"@id":"https:\/\/www.notibras.com\/site\/#organization"},"potentialAction":[{"@type":"SearchAction","target":{"@type":"EntryPoint","urlTemplate":"https:\/\/www.notibras.com\/site\/?s={search_term_string}"},"query-input":{"@type":"PropertyValueSpecification","valueRequired":true,"valueName":"search_term_string"}}],"inLanguage":"pt-BR"},{"@type":"Organization","@id":"https:\/\/www.notibras.com\/site\/#organization","name":"Grupo Notibras de Comunica\u00e7\u00e3o","url":"https:\/\/www.notibras.com\/site\/","logo":{"@type":"ImageObject","inLanguage":"pt-BR","@id":"https:\/\/www.notibras.com\/site\/#\/schema\/logo\/image\/","url":"https:\/\/www.notibras.com\/site\/wp-content\/uploads\/2023\/01\/notibras23.png","contentUrl":"https:\/\/www.notibras.com\/site\/wp-content\/uploads\/2023\/01\/notibras23.png","width":350,"height":87,"caption":"Grupo Notibras de Comunica\u00e7\u00e3o"},"image":{"@id":"https:\/\/www.notibras.com\/site\/#\/schema\/logo\/image\/"},"sameAs":["https:\/\/www.facebook.com\/notibras\/","https:\/\/x.com\/Notibras","https:\/\/www.instagram.com\/notibras\/"]},{"@type":"Person","@id":"https:\/\/www.notibras.com\/site\/#\/schema\/person\/36ab0979449956132d3e5b517ea76ac8","name":"Reda\u00e7\u00e3o","image":{"@type":"ImageObject","inLanguage":"pt-BR","@id":"https:\/\/secure.gravatar.com\/avatar\/e0a867bdedb85fd243eadf09663511f96fc81e0720a4a42581f334ad4303aa6b?s=96&d=mm&r=g","url":"https:\/\/secure.gravatar.com\/avatar\/e0a867bdedb85fd243eadf09663511f96fc81e0720a4a42581f334ad4303aa6b?s=96&d=mm&r=g","contentUrl":"https:\/\/secure.gravatar.com\/avatar\/e0a867bdedb85fd243eadf09663511f96fc81e0720a4a42581f334ad4303aa6b?s=96&d=mm&r=g","caption":"Reda\u00e7\u00e3o"}}]}},"amp_enabled":true,"_links":{"self":[{"href":"https:\/\/www.notibras.com\/site\/wp-json\/wp\/v2\/posts\/361662","targetHints":{"allow":["GET"]}}],"collection":[{"href":"https:\/\/www.notibras.com\/site\/wp-json\/wp\/v2\/posts"}],"about":[{"href":"https:\/\/www.notibras.com\/site\/wp-json\/wp\/v2\/types\/post"}],"author":[{"embeddable":true,"href":"https:\/\/www.notibras.com\/site\/wp-json\/wp\/v2\/users\/2"}],"replies":[{"embeddable":true,"href":"https:\/\/www.notibras.com\/site\/wp-json\/wp\/v2\/comments?post=361662"}],"version-history":[{"count":4,"href":"https:\/\/www.notibras.com\/site\/wp-json\/wp\/v2\/posts\/361662\/revisions"}],"predecessor-version":[{"id":361667,"href":"https:\/\/www.notibras.com\/site\/wp-json\/wp\/v2\/posts\/361662\/revisions\/361667"}],"wp:featuredmedia":[{"embeddable":true,"href":"https:\/\/www.notibras.com\/site\/wp-json\/wp\/v2\/media\/361663"}],"wp:attachment":[{"href":"https:\/\/www.notibras.com\/site\/wp-json\/wp\/v2\/media?parent=361662"}],"wp:term":[{"taxonomy":"category","embeddable":true,"href":"https:\/\/www.notibras.com\/site\/wp-json\/wp\/v2\/categories?post=361662"},{"taxonomy":"post_tag","embeddable":true,"href":"https:\/\/www.notibras.com\/site\/wp-json\/wp\/v2\/tags?post=361662"}],"curies":[{"name":"wp","href":"https:\/\/api.w.org\/{rel}","templated":true}]}}