{"id":361711,"date":"2025-08-21T00:01:20","date_gmt":"2025-08-21T03:01:20","guid":{"rendered":"https:\/\/www.notibras.com\/site\/?p=361711"},"modified":"2025-08-21T07:58:27","modified_gmt":"2025-08-21T10:58:27","slug":"ibaneis-recebe-bortoleto-e-anuncia-reabertura-do-autodromo","status":"publish","type":"post","link":"https:\/\/www.notibras.com\/site\/ibaneis-recebe-bortoleto-e-anuncia-reabertura-do-autodromo\/","title":{"rendered":"Ibaneis recebe Bortoleto e anuncia reabertura do aut\u00f3dromo"},"content":{"rendered":"<p>O governador Ibaneis Rocha anunciou a reabertura do Aut\u00f3dromo de Bras\u00edlia em 30 de novembro, com uma corrida da Stock Car, marcando o retorno da cidade ao calend\u00e1rio automobil\u00edstico. O an\u00fancio foi feito nesta quarta-feira (20), ao lado do piloto brasileiro de F\u00f3rmula 1 Gabriel Bortoleto, e representa uma nova etapa para o esporte na capital federal.<\/p>\n<p>\u201cEm 30 de novembro, n\u00f3s estaremos reinaugurando o Aut\u00f3dromo com a corrida de Stock Car. Bras\u00edlia volta para o cen\u00e1rio nacional e internacional do automobilismo\u201d, anunciou Ibaneis Rocha, que tamb\u00e9m elogiou o piloto. \u201cNosso querido Gabriel Bortoleto est\u00e1 fazendo um trabalho excepcional na F\u00f3rmula 1, levando o nome do Brasil novamente para a ponta do automobilismo internacional. Um atleta que foi criado em parceria com o BRB em todas as categorias e que hoje nos alegra bastante\u201d, completou.<\/p>\n<p>Ap\u00f3s visitar o governador no Pal\u00e1cio do Buriti, Bortoleto conferiu de perto as obras de moderniza\u00e7\u00e3o do Aut\u00f3dromo de Bras\u00edlia. O espa\u00e7o passa por reformas no tra\u00e7ado, nas \u00e1reas de escape e na infraestrutura, mantendo a caracter\u00edstica original e adicionando melhorias em arquibancadas tempor\u00e1rias, drenagem e seguran\u00e7a. Ser\u00e3o seis varia\u00e7\u00f5es de tra\u00e7ado, que permitir\u00e3o corridas de diferentes categorias, incluindo carros, motos, arrancada e drift. A expectativa \u00e9 de que o local possa receber at\u00e9 100 mil pessoas por evento.<\/p>\n<p>Bortoleto andou pelo circuito e conheceu de perto a pista, que est\u00e1 fechada desde 2014. Ele ficou animado com o progresso da obra. \u201c\u00c9 incr\u00edvel ter mais um aut\u00f3dromo de qualidade no Brasil. O projeto de Bras\u00edlia \u00e9 impressionante, com n\u00edvel europeu em asfalto, drenagem, \u00e1reas de escape e seguran\u00e7a. A pista \u00e9 larga, r\u00e1pida e oferece pontos de ultrapassagem, o que cria muita competi\u00e7\u00e3o. S\u00e3o seis layouts diferentes, permitindo diversidade e desafios para os pilotos. Estou muito feliz em ver o resultado desse trabalho\u201d, disse.<\/p>\n<p>O piloto elogiou o percurso e, principalmente, a largura da pista. \u201cAs curvas muito r\u00e1pidas e a largura da pista me impressionaram bastante, porque n\u00e3o \u00e9 f\u00e1cil ter uma pista t\u00e3o ampla assim. \u00c9 muito interessante, pois isso gera muita competi\u00e7\u00e3o. Quando a pista \u00e9 muito curta ou estreita, n\u00e3o \u00e9 poss\u00edvel realizar muitas ultrapassagens. Com uma pista larga, \u00e9 poss\u00edvel variar os tipos de tra\u00e7ado, alargar a entrada para tentar uma manobra na sa\u00edda e for\u00e7ar mais nas disputas. Pista larga \u00e9, normalmente, o melhor que existe em aut\u00f3dromos, e esta realmente \u00e9 uma das mais largas que j\u00e1 vi na minha vida\u201d, concluiu.<\/p>\n<p>Em sua temporada de estreia na F1, Bortoleto acumula 14 pontos, obtidos em tr\u00eas corridas \u2013 na \u00c1ustria, na B\u00e9lgica e na Hungria, quando conquistou o 6\u00ba lugar. A passagem por Bras\u00edlia ocorre antes da pr\u00f3xima disputa do piloto, no Grande Pr\u00eamio da Holanda, no fim deste m\u00eas.<\/p>\n<p><strong>O aut\u00f3dromo<\/strong><br \/>\nO Aut\u00f3dromo de Bras\u00edlia impressiona pelo padr\u00e3o internacional que sua pista voltar\u00e1 a ter, com 5.384 metros de extens\u00e3o, sentido hor\u00e1rio, 16 curvas \u2013 sendo nove \u00e0 direita e sete \u00e0 esquerda \u2013 e tr\u00eas retas principais, a maior com 803 metros, a de largada com 614 metros e a reta oposta com 502 metros.<\/p>\n<p>A curva 1, de alta velocidade, possui 207 metros e inclina\u00e7\u00e3o de 5\u00b0, enquanto a pista mant\u00e9m largura generosa, com 15 metros na largada e 14 metros nos demais trechos, garantindo ultrapassagens emocionantes e disputas acirradas. Com 40 boxes, torre de controle, salas de imprensa, transmiss\u00e3o, camarotes e \u00e1reas VIPs, totalizando 15.592 m\u00b2 de infraestrutura, o complexo poder\u00e1 receber at\u00e9 100 mil pessoas.<\/p>\n<p>A expectativa \u00e9 que o Aut\u00f3dromo se torne um complexo de lazer, para al\u00e9m das corridas profissionais, com programa\u00e7\u00f5es semanais e festivais<\/p>\n<p>Projetada pelo engenheiro Lu\u00eds Ernesto Morales, presidente da Comiss\u00e3o de Homologa\u00e7\u00e3o de Circuitos da CBA, a pista re\u00fane seguran\u00e7a, versatilidade e padr\u00f5es de qualidade europeus, pronta para sediar as principais competi\u00e7\u00f5es automobil\u00edsticas da Am\u00e9rica do Sul, al\u00e9m de provas de motovelocidade, tornando-se um verdadeiro palco para o automobilismo nacional e internacional.<\/p>\n<p>\u201cA pista est\u00e1 preparada para receber competi\u00e7\u00f5es nacionais e internacionais, com padr\u00e3o FIA, garantindo seguran\u00e7a, diversidade de tra\u00e7ados e infraestrutura moderna. Bras\u00edlia voltar\u00e1 ao calend\u00e1rio de corridas em grande estilo, incluindo a Stock Car, F4 e outras categorias\u201d, apontou Paulo Henrique Costa, presidente do Banco de Bras\u00edlia.<\/p>\n<p>A expectativa \u00e9 que o Aut\u00f3dromo se torne um complexo de lazer, para al\u00e9m das corridas profissionais, com programa\u00e7\u00f5es semanais e festivais. Para o CEO da Vicar, empresa que promove a Stock Car, Lincoln Bortoleto, o grande diferencial da capital federal est\u00e1 no f\u00e1cil acesso \u00e0s instala\u00e7\u00f5es: \u201cBras\u00edlia tem algo que \u00e9 diferente dos outros locais. Primeiro \u00e9 pela rede hoteleira que temos \u00e0 disposi\u00e7\u00e3o, que d\u00e1 para chegar aqui a p\u00e9. O segundo \u00e9 que os pilotos adoram o tra\u00e7ado daqui. Ent\u00e3o, teremos, sim, mais uma edi\u00e7\u00e3o da Stock Car. A gente espera uma corrida excepcional, com 31 ve\u00edculos na pista. Ser\u00e1 uma grande festa\u201d, anunciou Lincoln.<\/p>\n<p>Inaugurado em 1974, o Aut\u00f3dromo tem cerca de 727 mil m\u00b2. Ao longo de seus 51 anos, recebeu uma prova extra de F\u00f3rmula 1, vencida por Emerson Fittipaldi, al\u00e9m de corridas de F\u00f3rmula 3 Sul-Americana, Gran Turismo, F\u00f3rmula Truck, Stock Car e Brasileiro de Motociclismo. \u00c9 reconhecido por permitir ampla visualiza\u00e7\u00e3o da pista em toda a sua extens\u00e3o.<\/p>\n<p>A reinaugura\u00e7\u00e3o est\u00e1 marcada para 30 de novembro, com corrida da Stock Car e outras categorias, oferecendo infraestrutura completa, proximidade com hot\u00e9is e aeroporto, e padr\u00f5es internacionais de seguran\u00e7a e homologa\u00e7\u00e3o FIA.<\/p>\n<p><strong>Brasil na F\u00f3rmula 1<\/strong><br \/>\nGabriel Bortoleto iniciou sua carreira no kartismo, destacando-se no Brasil e na Europa, com 3\u00ba lugar no Campeonato Mundial de 2019. Em 2020, estreou na F\u00f3rmula 4 Italiana pela Prema Power Team, conquistando vit\u00f3rias e p\u00f3dios.<br \/>\nEm 2021, avan\u00e7ou para a F\u00f3rmula Regional Europeia (Freca) pela equipe de Fernando Alonso, acumulando experi\u00eancia e p\u00f3dios. Em 2022, competiu pela R-Ace GP, venceu na estreia da F-Regional Asi\u00e1tica e terminou a temporada europeia em 6\u00ba lugar, com duas vit\u00f3rias e uma pole.<\/p>\n<p>Em 2023, disputou a FIA F\u00f3rmula 3, liderou o campeonato desde o in\u00edcio e conquistou o t\u00edtulo com ampla vantagem. O desempenho garantiu sua entrada no programa de jovens talentos da McLaren F1 em 2024, ano em que tamb\u00e9m estreou na FIA F\u00f3rmula 2, conquistando o t\u00edtulo no primeiro ano.<\/p>\n<p>Atualmente, Bortoleto representa o Brasil na F\u00f3rmula 1, competindo pela Sauber (Audi) desde o in\u00edcio da temporada de 2025.<\/p>\n","protected":false},"excerpt":{"rendered":"<p>O governador Ibaneis Rocha anunciou a reabertura do Aut\u00f3dromo de Bras\u00edlia em 30 de novembro, com uma corrida da Stock Car, marcando o retorno da cidade ao calend\u00e1rio automobil\u00edstico. O an\u00fancio foi feito nesta quarta-feira (20), ao lado do piloto brasileiro de F\u00f3rmula 1 Gabriel Bortoleto, e representa uma nova etapa para o esporte na [&hellip;]<\/p>\n","protected":false},"author":2,"featured_media":361712,"comment_status":"closed","ping_status":"closed","sticky":false,"template":"","format":"standard","meta":{"_acf_changed":false,"footnotes":""},"categories":[161],"tags":[],"class_list":["post-361711","post","type-post","status-publish","format-standard","has-post-thumbnail","hentry","category-quadradinho-em-foco"],"acf":[],"_links":{"self":[{"href":"https:\/\/www.notibras.com\/site\/wp-json\/wp\/v2\/posts\/361711","targetHints":{"allow":["GET"]}}],"collection":[{"href":"https:\/\/www.notibras.com\/site\/wp-json\/wp\/v2\/posts"}],"about":[{"href":"https:\/\/www.notibras.com\/site\/wp-json\/wp\/v2\/types\/post"}],"author":[{"embeddable":true,"href":"https:\/\/www.notibras.com\/site\/wp-json\/wp\/v2\/users\/2"}],"replies":[{"embeddable":true,"href":"https:\/\/www.notibras.com\/site\/wp-json\/wp\/v2\/comments?post=361711"}],"version-history":[{"count":1,"href":"https:\/\/www.notibras.com\/site\/wp-json\/wp\/v2\/posts\/361711\/revisions"}],"predecessor-version":[{"id":361713,"href":"https:\/\/www.notibras.com\/site\/wp-json\/wp\/v2\/posts\/361711\/revisions\/361713"}],"wp:featuredmedia":[{"embeddable":true,"href":"https:\/\/www.notibras.com\/site\/wp-json\/wp\/v2\/media\/361712"}],"wp:attachment":[{"href":"https:\/\/www.notibras.com\/site\/wp-json\/wp\/v2\/media?parent=361711"}],"wp:term":[{"taxonomy":"category","embeddable":true,"href":"https:\/\/www.notibras.com\/site\/wp-json\/wp\/v2\/categories?post=361711"},{"taxonomy":"post_tag","embeddable":true,"href":"https:\/\/www.notibras.com\/site\/wp-json\/wp\/v2\/tags?post=361711"}],"curies":[{"name":"wp","href":"https:\/\/api.w.org\/{rel}","templated":true}]}}