{"id":361714,"date":"2025-08-21T00:00:09","date_gmt":"2025-08-21T03:00:09","guid":{"rendered":"https:\/\/www.notibras.com\/site\/?p=361714"},"modified":"2025-08-21T08:05:24","modified_gmt":"2025-08-21T11:05:24","slug":"cagaita-frutifica-para-ser-colhida-no-comeco-das-chuvas","status":"publish","type":"post","link":"https:\/\/www.notibras.com\/site\/cagaita-frutifica-para-ser-colhida-no-comeco-das-chuvas\/","title":{"rendered":"Cagaita frutifica para ser colhida no come\u00e7o das chuvas"},"content":{"rendered":"<p>Pren\u00fancio de chuva ou boas novas, segundo a ci\u00eancia ou o senso comum, a cagaiteira (Eugenia dysenterica), \u00e1rvore nativa do Cerrado, \u00e9 t\u00e3o cobi\u00e7ada quanto os ip\u00eas coloridos do Distrito Federal. Isso porque ela floresce entre os meses de agosto e setembro, com flores brancas parecidas com algod\u00e3o, em aspecto delicado e fotog\u00eanico.<\/p>\n<p>J\u00e1 o fruto vem depois, entre os meses de setembro e outubro, mas, com esses, \u00e9 preciso alguma cautela. A cagaita deve ser saboreada moderadamente, fresca ou retirada do p\u00e9, j\u00e1 que, a partir da fermenta\u00e7\u00e3o, pode apresentar propriedades laxantes.<\/p>\n<p>\u201cMas o fruto \u00e9 tamb\u00e9m rico em vitamina C, antioxidantes e fibras. J\u00e1 a folha tem efeito oposto, adstringente. Ainda, por conta da florada, ela \u00e9 uma \u00e1rvore muito utilizada em paisagismos\u201d, conta o assessor da diretoria de Cidades no Departamento de Parques e Jardins da Companhia Urbanizadora da Nova Capital (Novacap), Matheus Fuente.<\/p>\n<p>O fruto da cagaiteira, pequeno, amarelo e redondo, \u00e9 muito usado na culin\u00e1ria, na produ\u00e7\u00e3o de geleias, sucos e picol\u00e9s. Segundo estudo da Universidade de S\u00e3o Paulo, conduzido pela Faculdade de Ci\u00eancias Farmac\u00eauticas (FCF-USP) e pela Faculdade de Medicina (FMUSP), o suco da cagaita pode reduzir a glicemia em 64% em indiv\u00edduos saud\u00e1veis e 53% em indiv\u00edduos pr\u00e9-diab\u00e9ticos. Isso porque, ainda de acordo com a pesquisa, as frutas s\u00e3o ricas em polifen\u00f3is, capazes de reduzir a\u00e7\u00f5es de enzimas envolvidas na digest\u00e3o de carboidratos, o que ajuda no controle da glicose.<\/p>\n<p>A cagaiteira vive em m\u00e9dia 60 anos, \u00e9 de pequeno e m\u00e9dio porte. Tem a copa densa, troncos tortos, como se estivessem em movimento, e com casca grossa, fissurada. Quando as flores brancas caem, as folhas de tom achocolatado reaparecem. Na frutifica\u00e7\u00e3o, o amarelo dos frutos marca presen\u00e7a.<\/p>\n<p>Para que ela cres\u00e7a saud\u00e1vel e no seu tempo, a Novacap monitora, mas n\u00e3o interv\u00e9m. \u201cA gente tenta deix\u00e1-las o mais natural poss\u00edvel. S\u00f3 fazemos interven\u00e7\u00f5es em casos de morte das \u00e1rvores, para retirada, ou no meio urbano, quando chegam a interferir nas moradias, ou se apresentam uma sa\u00fade ruim. Fazemos sempre uma avalia\u00e7\u00e3o para entender quais ser\u00e3o as interven\u00e7\u00f5es corretas\u201d, explica o assessor.<\/p>\n<p>Para os motoboys Felipe Pereira e Wanderson Sousa, que costumam aguardar entregas e novos pedidos nas proximidades da 207 Norte, a sombra de uma das cagaiteiras da Super Quadra Norte \u00e9 um ganho na rotina deles. \u201cAs \u00e1rvores nessa \u00e9poca do ano d\u00e3o uma sombra legal para a gente, al\u00e9m de serem muito bonitas. N\u00f3s passamos quase o dia todo aqui embaixo dela [cagaiteira] enquanto aguardamos as entregas dos com\u00e9rcios da regi\u00e3o. A gente vai e volta. Ent\u00e3o, temos um motivo a mais para preservar\u201d, comenta Felipe.<\/p>\n<p>J\u00e1 Wanderson fez quest\u00e3o de destacar o quanto \u00e9 importante manter a natureza sempre viva e que o exemplo \u00e9 um grande aliado na preserva\u00e7\u00e3o: \u201c\u00c9 sempre muito bom ver outras pessoas plantando, isso acaba influenciando\u201d.<\/p>\n<p><strong>Colheita e plantio<\/strong><br \/>\nDiariamente, equipes da Novacap coletam sementes por todo o DF para serem tratadas nos viveiros do \u00f3rg\u00e3o. Somente em dezembro de 2024, eles coletaram 1,3 tonelada de sementes de pequizeiros, por exemplo. \u201c\u00c9 um trabalho de formiguinha, desde coletar, beneficiar as sementes, armazenar, catalogar, mandar para a produ\u00e7\u00e3o. Depois, vamos a campo para o plantio, na \u00e9poca das chuvas\u201d, relata Fuente.<\/p>\n<p>O Programa Anual de Arboriza\u00e7\u00e3o 2024\/2025 est\u00e1 em fase de finaliza\u00e7\u00e3o. J\u00e1 foram plantadas 70 mil \u00e1rvores no DF e 30 mil ainda ser\u00e3o conclu\u00eddas com o in\u00edcio das chuvas. A meta para a edi\u00e7\u00e3o 2025\/2026 do programa, segundo a Novacap, \u00e9 promover o plantio de 200 mil \u00e1rvores, simultaneamente, nas 35 regi\u00f5es administrativas.<\/p>\n<p>Os locais escolhidos para os plantios s\u00e3o avaliados em mapas estrat\u00e9gicos, com ajuda de imagens a\u00e9reas, levando em conta os espa\u00e7os, \u00e1reas verdes, quantidade de moradias e outras possibilidades. A popula\u00e7\u00e3o tamb\u00e9m pode entrar em contato por meio do Portal do Cidad\u00e3o, Administra\u00e7\u00e3o Regional Digital 24 horas, para fazer a solicita\u00e7\u00e3o de novos plantios, bem como podas, implanta\u00e7\u00e3o de gramados e jardins.<\/p>\n<p>\u201cA conscientiza\u00e7\u00e3o s\u00f3 \u00e9 efetiva quando \u00e9 participativa. O resultado \u00e9 educa\u00e7\u00e3o ambiental, s\u00e3o as nossas \u00e1rvores nativas crescendo e provendo\u201d, conclui o assessor da Novacap.<br \/>\nPausa para o clique<\/p>\n<p>Para os adeptos \u00e0 fotografia, esta \u00e9 a \u00e9poca ideal de flora\u00e7\u00e3o das \u00e1rvores mais queridas pela popula\u00e7\u00e3o e os turistas do DF. As ruas da capital federal e do Entorno est\u00e3o coloridas pelos tons amarelados e rosados dos ip\u00eas, o lil\u00e1s das Physocalymmas, o roxo dos jacarand\u00e1s, al\u00e9m do branco das cagaiteiras e outras mais.<\/p>\n<p>A dica para as melhores fotos \u00e9 procurar pontos j\u00e1 conhecidos nas regi\u00f5es, outros nem tanto, onde pelo menos uma \u00e1rvore chama a aten\u00e7\u00e3o de quem passa, como: pr\u00f3ximo \u00e0 Universidade de Bras\u00edlia (UnB); na avenida L2; ao longo do Eix\u00e3o; na Esplanada dos Minist\u00e9rios, onde em breve muitas esp\u00e9cies v\u00e3o florescer; na 211 Norte; locais pr\u00f3ximos ao Lago Parano\u00e1 e no Parque das Gar\u00e7as.<\/p>\n","protected":false},"excerpt":{"rendered":"<p>Pren\u00fancio de chuva ou boas novas, segundo a ci\u00eancia ou o senso comum, a cagaiteira (Eugenia dysenterica), \u00e1rvore nativa do Cerrado, \u00e9 t\u00e3o cobi\u00e7ada quanto os ip\u00eas coloridos do Distrito Federal. Isso porque ela floresce entre os meses de agosto e setembro, com flores brancas parecidas com algod\u00e3o, em aspecto delicado e fotog\u00eanico. J\u00e1 o [&hellip;]<\/p>\n","protected":false},"author":2,"featured_media":361715,"comment_status":"closed","ping_status":"closed","sticky":false,"template":"","format":"standard","meta":{"_acf_changed":false,"footnotes":""},"categories":[161],"tags":[],"class_list":["post-361714","post","type-post","status-publish","format-standard","has-post-thumbnail","hentry","category-quadradinho-em-foco"],"acf":[],"_links":{"self":[{"href":"https:\/\/www.notibras.com\/site\/wp-json\/wp\/v2\/posts\/361714","targetHints":{"allow":["GET"]}}],"collection":[{"href":"https:\/\/www.notibras.com\/site\/wp-json\/wp\/v2\/posts"}],"about":[{"href":"https:\/\/www.notibras.com\/site\/wp-json\/wp\/v2\/types\/post"}],"author":[{"embeddable":true,"href":"https:\/\/www.notibras.com\/site\/wp-json\/wp\/v2\/users\/2"}],"replies":[{"embeddable":true,"href":"https:\/\/www.notibras.com\/site\/wp-json\/wp\/v2\/comments?post=361714"}],"version-history":[{"count":1,"href":"https:\/\/www.notibras.com\/site\/wp-json\/wp\/v2\/posts\/361714\/revisions"}],"predecessor-version":[{"id":361716,"href":"https:\/\/www.notibras.com\/site\/wp-json\/wp\/v2\/posts\/361714\/revisions\/361716"}],"wp:featuredmedia":[{"embeddable":true,"href":"https:\/\/www.notibras.com\/site\/wp-json\/wp\/v2\/media\/361715"}],"wp:attachment":[{"href":"https:\/\/www.notibras.com\/site\/wp-json\/wp\/v2\/media?parent=361714"}],"wp:term":[{"taxonomy":"category","embeddable":true,"href":"https:\/\/www.notibras.com\/site\/wp-json\/wp\/v2\/categories?post=361714"},{"taxonomy":"post_tag","embeddable":true,"href":"https:\/\/www.notibras.com\/site\/wp-json\/wp\/v2\/tags?post=361714"}],"curies":[{"name":"wp","href":"https:\/\/api.w.org\/{rel}","templated":true}]}}