{"id":361723,"date":"2025-08-22T02:00:25","date_gmt":"2025-08-22T05:00:25","guid":{"rendered":"https:\/\/www.notibras.com\/site\/?p=361723"},"modified":"2025-08-21T11:18:09","modified_gmt":"2025-08-21T14:18:09","slug":"jaime-o-irmao-que-ninguem-merecia-ter","status":"publish","type":"post","link":"https:\/\/www.notibras.com\/site\/jaime-o-irmao-que-ninguem-merecia-ter\/","title":{"rendered":"Jaime, o irm\u00e3o que ningu\u00e9m merecia ter"},"content":{"rendered":"<p>Eu n\u00e3o sou t\u00e3o jovem. Quer dizer, estou naquela fase quando preferimos evitar imbr\u00f3glios desnecess\u00e1rios, mas que tamb\u00e9m n\u00e3o estamos dispostos a levar desaforo para casa. Melhor engolir alguns sapos para n\u00e3o estragar o humor e, obviamente, o cora\u00e7\u00e3o agradece. O problema \u00e9 que nem sempre consigo me conter diante de algumas situa\u00e7\u00f5es, muitas das quais provocadas por meu querido e t\u00e3o amado irm\u00e3o do meio.<\/p>\n<p>Somos sete. Sim, isso mesmo! Sete parece conta de mentiroso, bem sei disso, mas Jaime, que fica exatamente no meio entre os mais velhos e os mais novos, tem a singular capacidade de me arrancar qualquer resqu\u00edcio de paci\u00eancia com a sua not\u00f3ria aus\u00eancia de sensatez. Um folgado, por assim dizer, ainda mais porque sempre foi o xod\u00f3 da fam\u00edlia, inclu\u00eddos a\u00ed mam\u00e3e, papai e vov\u00f3 Lourdes, que, beirando os cem, ainda paparica o sujeito, como menino fosse.<\/p>\n<p>Aos 40 anos, sou propriet\u00e1rio de um pequeno com\u00e9rcio na Ceil\u00e2ndia, que \u00e9 de onde tiro meu sustento e, gra\u00e7as a Deus, as finan\u00e7as est\u00e3o bem. Por conta disso, vou passar minhas primeiras f\u00e9rias em anos ao lado da esposa na praia. E, na semana passada, comuniquei o fato no almo\u00e7o de domingo na casa dos meus pais, quando a fam\u00edlia se re\u00fane para manter os la\u00e7os firmes.<\/p>\n<p>Enquanto degust\u00e1vamos o delicioso mexido de mam\u00e3e, eis que o sem-no\u00e7\u00e3o do meu irm\u00e3o, sabendo que iria ficar fora por uma semana, se ofereceu para nos levar ao aeroporto com o meu carro. Bobo que n\u00e3o sou, ainda mais conhecendo a peste da fam\u00edlia, tentei desconversar, mas Sandra, a minha mulher, deu corda.<\/p>\n<p>\u2014 Mas, J\u00falio, meu amor, e por que a gente n\u00e3o aceitaria esse favor?<\/p>\n<p>\u2014 T\u00e1, vendo, J\u00falio, at\u00e9 a Sandra sabe que fa\u00e7o isso de cora\u00e7\u00e3o.<\/p>\n<p>\u2014 Ent\u00e3o, amor, aceita, vai!<\/p>\n<p>\u2014 T\u00e1 bom, t\u00e1 bom!<\/p>\n<p>Para mau-entendedor, tudo poderia parecer lindo e perfeito, mas&#8230; Bem, mas o dono da proposta era o Jaime, justamente o maior cara de pau para os lados de c\u00e1. E, n\u00e3o tardou, o cordeiro se revelou o lobo da hist\u00f3ria.<\/p>\n<p>H\u00e1 pouco mais de tr\u00eas horas, Sandra e eu fomos de carro at\u00e9 o apartamento do meu irm\u00e3o, pois ele iria nos levar at\u00e9 o aeroporto. Mal chegamos, ele nos recebeu com aquele sorriso que engana apenas os inocentes, puros e bestas.<\/p>\n<p>\u2014 Fa\u00e7o quest\u00e3o de ir dirigindo. Hoje serei o motorista de voc\u00eas.<\/p>\n<p>\u2014 N\u00e3o precisa, Jaime.<\/p>\n<p>\u2014 Ah, amor, deixa o seu irm\u00e3o nos levar.<\/p>\n<p>\u2014 T\u00e1 bom!<\/p>\n<p>Durante o trajeto, eis que o Jaime me desferiu a primeira facada.<\/p>\n<p>\u2014 J\u00falio, andei pensando.<\/p>\n<p>\u2014 No qu\u00ea?<\/p>\n<p>\u2014 Bem, j\u00e1 que voc\u00eas n\u00e3o v\u00e3o precisar do carro, bem que eu poderia ficar com ele at\u00e9 voc\u00eas voltarem.<\/p>\n<p>\u2014 De jeito nenhum!<\/p>\n<p>\u2014 Ah, amor, o que tem? Vamos, deixe o carro com o seu irm\u00e3o.<\/p>\n<p>Nem respondi, mas, a despeito da minha cara de contrariado, acabei acenando positivamente, apesar de lentamente, com a cabe\u00e7a. Todavia, n\u00e3o pense voc\u00ea que a coisa ficou por a\u00ed. Pois voc\u00ea acredita que o cretino ainda me veio com mais uma? Sim, isso mesmo, a punhalada definitiva!<\/p>\n<p>\u2014 J\u00falio, mas voc\u00ea vai deixar com o tanque cheio, n\u00e9?<\/p>\n<p>Antes que eu pudesse mand\u00e1-lo para aquele lugar, a Sandra pediu para ele parar em um posto logo adiante. Fiquei calado, mas com fuma\u00e7a saindo pelas orelhas. E, para n\u00e3o estragar o dia, saquei meu cart\u00e3o de cr\u00e9dito para pagar pela gasolina.<\/p>\n<p>Seja como for, aqui estamos minha amada e eu no aeroporto de Bras\u00edlia prestes a entrar no avi\u00e3o. A Sandra, que nunca viu praia na vida, parece crian\u00e7a diante de um pote de sorvete. Entretanto, s\u00f3 consigo pensar na volta, quando certamente irei esganar aquele espertalh\u00e3o.<\/p>\n<p>\u2026\u2026\u2026\u2026\u2026\u2026\u2026\u2026<\/p>\n<p><strong>Eduardo Mart\u00ednez \u00e9 autor do livro \u201957 Contos e Cr\u00f4nicas por um Autor Muito Velho\u2019<\/strong><\/p>\n<p><strong>Compre aqui<\/strong>\u00a0<img decoding=\"async\" class=\"emoji\" role=\"img\" draggable=\"false\" src=\"https:\/\/s.w.org\/images\/core\/emoji\/16.0.1\/svg\/1f447-1f3ff.svg\" alt=\"\" \/><\/p>\n<p><a href=\"https:\/\/www.joanineditora.com.br\/57-contos-e-cronicas-por-um-autor-muito-velho\">https:\/\/www.joanineditora.com.br\/57-contos-e-cronicas-por-um-autor-muito-velho<\/a><\/p>\n","protected":false},"excerpt":{"rendered":"<p>Eu n\u00e3o sou t\u00e3o jovem. Quer dizer, estou naquela fase quando preferimos evitar imbr\u00f3glios desnecess\u00e1rios, mas que tamb\u00e9m n\u00e3o estamos dispostos a levar desaforo para casa. Melhor engolir alguns sapos para n\u00e3o estragar o humor e, obviamente, o cora\u00e7\u00e3o agradece. O problema \u00e9 que nem sempre consigo me conter diante de algumas situa\u00e7\u00f5es, muitas das [&hellip;]<\/p>\n","protected":false},"author":21,"featured_media":361724,"comment_status":"closed","ping_status":"closed","sticky":false,"template":"","format":"standard","meta":{"_acf_changed":false,"footnotes":""},"categories":[161],"tags":[],"class_list":["post-361723","post","type-post","status-publish","format-standard","has-post-thumbnail","hentry","category-quadradinho-em-foco"],"acf":[],"_links":{"self":[{"href":"https:\/\/www.notibras.com\/site\/wp-json\/wp\/v2\/posts\/361723","targetHints":{"allow":["GET"]}}],"collection":[{"href":"https:\/\/www.notibras.com\/site\/wp-json\/wp\/v2\/posts"}],"about":[{"href":"https:\/\/www.notibras.com\/site\/wp-json\/wp\/v2\/types\/post"}],"author":[{"embeddable":true,"href":"https:\/\/www.notibras.com\/site\/wp-json\/wp\/v2\/users\/21"}],"replies":[{"embeddable":true,"href":"https:\/\/www.notibras.com\/site\/wp-json\/wp\/v2\/comments?post=361723"}],"version-history":[{"count":2,"href":"https:\/\/www.notibras.com\/site\/wp-json\/wp\/v2\/posts\/361723\/revisions"}],"predecessor-version":[{"id":361726,"href":"https:\/\/www.notibras.com\/site\/wp-json\/wp\/v2\/posts\/361723\/revisions\/361726"}],"wp:featuredmedia":[{"embeddable":true,"href":"https:\/\/www.notibras.com\/site\/wp-json\/wp\/v2\/media\/361724"}],"wp:attachment":[{"href":"https:\/\/www.notibras.com\/site\/wp-json\/wp\/v2\/media?parent=361723"}],"wp:term":[{"taxonomy":"category","embeddable":true,"href":"https:\/\/www.notibras.com\/site\/wp-json\/wp\/v2\/categories?post=361723"},{"taxonomy":"post_tag","embeddable":true,"href":"https:\/\/www.notibras.com\/site\/wp-json\/wp\/v2\/tags?post=361723"}],"curies":[{"name":"wp","href":"https:\/\/api.w.org\/{rel}","templated":true}]}}