{"id":361792,"date":"2025-08-22T00:29:21","date_gmt":"2025-08-22T03:29:21","guid":{"rendered":"https:\/\/www.notibras.com\/site\/?p=361792"},"modified":"2025-08-22T04:33:06","modified_gmt":"2025-08-22T07:33:06","slug":"retomada-da-militarizacao-pelos-eua-e-motivada-por-disputa-com-china","status":"publish","type":"post","link":"https:\/\/www.notibras.com\/site\/retomada-da-militarizacao-pelos-eua-e-motivada-por-disputa-com-china\/","title":{"rendered":"Retomada da militariza\u00e7\u00e3o pelos EUA \u00e9 motivada por disputa com China"},"content":{"rendered":"<p>A recente movimenta\u00e7\u00e3o de tropas norte-americanas em dire\u00e7\u00e3o ao M\u00e9xico e \u00e0 Venezuela, sob o pretexto de combater o narcotr\u00e1fico, reacendeu os alarmes sobre uma poss\u00edvel escalada militar dos Estados Unidos na Am\u00e9rica Latina.<\/p>\n<p>A avalia\u00e7\u00e3o \u00e9 da professora Flavia Loss, especialista em rela\u00e7\u00f5es internacionais pelo Instituto Mau\u00e1 de Tecnologia (IMT), em entrevista ao podcast Mundioka, da Sputnik Brasil.<\/p>\n<p>Segundo a acad\u00eamica, as justificativas do governo norte-americano se apoiam em um discurso antigo e recorrente. \u201cAs mesmas que eles t\u00eam usado desde a d\u00e9cada de 1970\u201d, afirmou. A novidade, agora, \u00e9 o foco no fentanil, droga sint\u00e9tica que tem causado uma crise de sa\u00fade p\u00fablica nos EUA. No entanto, para Loss, a resposta estadunidense permanece superficial: \u201c\u00c9 um debate muito raso, que n\u00e3o fala de outras vari\u00e1veis [\u2026], como o combate ao uso e, principalmente, ao consumo\u201c.<\/p>\n<p>J\u00e1 o cientista pol\u00edtico Thiago Rodrigues, professor da Universidade Federal Fluminense (UFF), a proposta se insere em uma longa tradi\u00e7\u00e3o de interven\u00e7\u00f5es norte-americanas na Am\u00e9rica Latina, sob o pretexto de combater o narcotr\u00e1fico \u2014 mas com objetivos geopol\u00edticos mais amplos.<\/p>\n<p>\u201cA primeira coisa \u00e9 que esse an\u00fancio recente do Trump n\u00e3o \u00e9 propriamente uma novidade na hist\u00f3ria da rela\u00e7\u00e3o dos Estados Unidos com a Am\u00e9rica Latina sobre temas de narcotr\u00e1fico\u201d, afirmou Rodrigues. Ele lembrou que a militariza\u00e7\u00e3o da pol\u00edtica antidrogas remonta aos anos 1970, com o ent\u00e3o presidente Richard Nixon, a quem se atribui a cria\u00e7\u00e3o da \u2018war on drugs\u2019 [guerra \u00e0s drogas], estrat\u00e9gia que usava for\u00e7as armadas no combate ao tr\u00e1fico.<\/p>\n<p>A professora do IMT critica a forma como a pol\u00edtica antidrogas \u00e9 usada como justificativa para demonstra\u00e7\u00f5es de for\u00e7a militar. \u201cO governo Trump opta por n\u00e3o trat\u00e1-la como sa\u00fade p\u00fablica, e sim como um simples problema da Am\u00e9rica Latina, que envia as drogas\u201d, afirmou.<\/p>\n<p>Apesar de n\u00e3o descartar o risco de a\u00e7\u00f5es mais concretas, a especialista acredita que a inten\u00e7\u00e3o imediata de Trump \u00e9 mais simb\u00f3lica do que pr\u00e1tica: \u201cFoi muito mais uma demonstra\u00e7\u00e3o de for\u00e7a do que algo que ser\u00e1 efetivo\u201c. Ela acrescenta que uma a\u00e7\u00e3o militar real enfrentaria forte resist\u00eancia interna nos EUA, inclusive entre eleitores do pr\u00f3prio Trump, que \u201cn\u00e3o querem os Estados Unidos envolvidos em conflitos fora do seu territ\u00f3rio\u201d.<\/p>\n<p>Pa\u00edses como M\u00e9xico e Venezuela reagiram \u00e0s amea\u00e7as com firmeza. A presidente mexicana, Claudia Sheinbaum, deixou claro que \u201cn\u00e3o vai aceitar nada que imponha algum risco \u00e0 soberania mexicana\u201d. J\u00e1 Nicol\u00e1s Maduro respondeu com ironia quando os EUA ofereceram uma recompensa por sua captura.<\/p>\n<p>Essa tens\u00e3o, segundo Flavia, pressiona os pa\u00edses da regi\u00e3o a adotarem pol\u00edticas mais agressivas contra o narcotr\u00e1fico. \u201cIsso acaba pressionando o M\u00e9xico e outros pa\u00edses aqui da regi\u00e3o a se militarizarem mais [\u2026] para deixar essa amea\u00e7a dos Estados Unidos fora do territ\u00f3rio\u201d, observou, alertando para os riscos que essa abordagem representa aos direitos humanos.<br \/>\nPara o professor da UFF, mais do que combater o narcotr\u00e1fico, a ret\u00f3rica de Trump busca reposicionar os Estados Unidos diante da crescente influ\u00eancia da China na Am\u00e9rica Latina.<\/p>\n<p>\u201cEssas amea\u00e7as de militariza\u00e7\u00e3o, essas amea\u00e7as de san\u00e7\u00f5es est\u00e3o ligadas diretamente a essa disputa hegem\u00f4nica entre China e Estados Unidos\u201d, afirmou.<\/p>\n<p>Na avalia\u00e7\u00e3o de Rodrigues, os EUA est\u00e3o tentando recuperar uma hegemonia regional que remonta ao fim do s\u00e9culo XIX, mas que hoje \u00e9 abalada tanto pela presen\u00e7a chinesa quanto por maior autonomia pol\u00edtica e econ\u00f4mica dos pa\u00edses latino-americanos. O especialista compara a atual transi\u00e7\u00e3o \u00e0 substitui\u00e7\u00e3o da hegemonia brit\u00e2nica pela norte-americana no in\u00edcio do s\u00e9culo XX \u2014 com a diferen\u00e7a de que, agora, os pa\u00edses da regi\u00e3o parecem buscar mais protagonismo.<\/p>\n<p><strong>E o Brasil?<\/strong><br \/>\nO presidente Luiz In\u00e1cio Lula da Silva j\u00e1 se manifestou em alerta quanto ao aumento da presen\u00e7a militar dos EUA na regi\u00e3o, como o caso do Paraguai, que permitiu instalar um posto antiterrorista norte-americano na Tr\u00edplice Fronteira. Loss v\u00ea com bons olhos a cautela brasileira: \u201cA posi\u00e7\u00e3o de cautela do Brasil \u00e9 muito importante [\u2026] com muita cautela, porque isso pode crescer e virar um problema\u201d.<\/p>\n<p>Ela avalia que uma resposta firme, neste momento, poderia ser contraproducente, especialmente diante das tens\u00f5es econ\u00f4micas provocadas pelo recente \u201ctarifa\u00e7o\u201d imposto pelos EUA. \u201cAumentar o tom de voz agora n\u00e3o \u00e9 o melhor para o Brasil\u201c, afirmou.<\/p>\n<p>Apesar de o Brasil n\u00e3o estar no centro das recentes declara\u00e7\u00f5es de Trump, Rodrigues alerta que o pa\u00eds pode ser inclu\u00eddo futuramente, sobretudo se continuar a resistir \u00e0s press\u00f5es econ\u00f4micas dos EUA. \u201cN\u00e3o seria de se estranhar que Trump come\u00e7asse a explorar outras formas de minar o Brasil\u201d, disse o professor, citando como exemplo uma eventual tentativa de classificar o Primeiro Comando da Capital (PCC) como grupo terrorista.<\/p>\n<p>Loss rejeita a possibilidade de confronto direto entre os dois pa\u00edses, apesar de considerar o cen\u00e1rio \u201ccatastr\u00f3fico\u201d como algo sempre presente no radar das doutrinas de seguran\u00e7a. \u201cN\u00e3o temos condi\u00e7\u00f5es de enfrentar os Estados Unidos frente \u00e0 frente na quest\u00e3o militar [\u2026], mas tamb\u00e9m n\u00e3o \u00e9 uma pot\u00eancia a se descartar\u201c, alertou.<\/p>\n","protected":false},"excerpt":{"rendered":"<p>A recente movimenta\u00e7\u00e3o de tropas norte-americanas em dire\u00e7\u00e3o ao M\u00e9xico e \u00e0 Venezuela, sob o pretexto de combater o narcotr\u00e1fico, reacendeu os alarmes sobre uma poss\u00edvel escalada militar dos Estados Unidos na Am\u00e9rica Latina. A avalia\u00e7\u00e3o \u00e9 da professora Flavia Loss, especialista em rela\u00e7\u00f5es internacionais pelo Instituto Mau\u00e1 de Tecnologia (IMT), em entrevista ao podcast [&hellip;]<\/p>\n","protected":false},"author":2,"featured_media":361793,"comment_status":"closed","ping_status":"closed","sticky":false,"template":"","format":"standard","meta":{"_acf_changed":false,"footnotes":""},"categories":[159],"tags":[],"class_list":["post-361792","post","type-post","status-publish","format-standard","has-post-thumbnail","hentry","category-apocalipse"],"acf":[],"yoast_head":"<!-- This site is optimized with the Yoast SEO plugin v27.2 - https:\/\/yoast.com\/product\/yoast-seo-wordpress\/ -->\n<title>Retomada da militariza\u00e7\u00e3o pelos EUA \u00e9 motivada por disputa com China - Notibras<\/title>\n<meta name=\"robots\" content=\"index, follow, max-snippet:-1, max-image-preview:large, max-video-preview:-1\" \/>\n<link rel=\"canonical\" href=\"https:\/\/www.notibras.com\/site\/retomada-da-militarizacao-pelos-eua-e-motivada-por-disputa-com-china\/\" \/>\n<meta property=\"og:locale\" content=\"pt_BR\" \/>\n<meta property=\"og:type\" content=\"article\" \/>\n<meta property=\"og:title\" content=\"Retomada da militariza\u00e7\u00e3o pelos EUA \u00e9 motivada por disputa com China - Notibras\" \/>\n<meta property=\"og:description\" content=\"A recente movimenta\u00e7\u00e3o de tropas norte-americanas em dire\u00e7\u00e3o ao M\u00e9xico e \u00e0 Venezuela, sob o pretexto de combater o narcotr\u00e1fico, reacendeu os alarmes sobre uma poss\u00edvel escalada militar dos Estados Unidos na Am\u00e9rica Latina. A avalia\u00e7\u00e3o \u00e9 da professora Flavia Loss, especialista em rela\u00e7\u00f5es internacionais pelo Instituto Mau\u00e1 de Tecnologia (IMT), em entrevista ao podcast [&hellip;]\" \/>\n<meta property=\"og:url\" content=\"https:\/\/www.notibras.com\/site\/retomada-da-militarizacao-pelos-eua-e-motivada-por-disputa-com-china\/\" \/>\n<meta property=\"og:site_name\" content=\"Notibras\" \/>\n<meta property=\"article:publisher\" content=\"https:\/\/www.facebook.com\/notibras\/\" \/>\n<meta property=\"article:published_time\" content=\"2025-08-22T03:29:21+00:00\" \/>\n<meta property=\"article:modified_time\" content=\"2025-08-22T07:33:06+00:00\" \/>\n<meta property=\"og:image\" content=\"https:\/\/www.notibras.com\/site\/wp-content\/uploads\/2025\/08\/a-17-1-696x392-1.webp\" \/>\n\t<meta property=\"og:image:width\" content=\"696\" \/>\n\t<meta property=\"og:image:height\" content=\"392\" \/>\n\t<meta property=\"og:image:type\" content=\"image\/webp\" \/>\n<meta name=\"author\" content=\"Reda\u00e7\u00e3o\" \/>\n<meta name=\"twitter:card\" content=\"summary_large_image\" \/>\n<meta name=\"twitter:creator\" content=\"@Notibras\" \/>\n<meta name=\"twitter:site\" content=\"@Notibras\" \/>\n<meta name=\"twitter:label1\" content=\"Escrito por\" \/>\n\t<meta name=\"twitter:data1\" content=\"Reda\u00e7\u00e3o\" \/>\n\t<meta name=\"twitter:label2\" content=\"Est. tempo de leitura\" \/>\n\t<meta name=\"twitter:data2\" content=\"5 minutos\" \/>\n<script type=\"application\/ld+json\" class=\"yoast-schema-graph\">{\"@context\":\"https:\/\/schema.org\",\"@graph\":[{\"@type\":\"Article\",\"@id\":\"https:\/\/www.notibras.com\/site\/retomada-da-militarizacao-pelos-eua-e-motivada-por-disputa-com-china\/#article\",\"isPartOf\":{\"@id\":\"https:\/\/www.notibras.com\/site\/retomada-da-militarizacao-pelos-eua-e-motivada-por-disputa-com-china\/\"},\"author\":{\"name\":\"Reda\u00e7\u00e3o\",\"@id\":\"https:\/\/www.notibras.com\/site\/#\/schema\/person\/36ab0979449956132d3e5b517ea76ac8\"},\"headline\":\"Retomada da militariza\u00e7\u00e3o pelos EUA \u00e9 motivada por disputa com China\",\"datePublished\":\"2025-08-22T03:29:21+00:00\",\"dateModified\":\"2025-08-22T07:33:06+00:00\",\"mainEntityOfPage\":{\"@id\":\"https:\/\/www.notibras.com\/site\/retomada-da-militarizacao-pelos-eua-e-motivada-por-disputa-com-china\/\"},\"wordCount\":919,\"publisher\":{\"@id\":\"https:\/\/www.notibras.com\/site\/#organization\"},\"image\":{\"@id\":\"https:\/\/www.notibras.com\/site\/retomada-da-militarizacao-pelos-eua-e-motivada-por-disputa-com-china\/#primaryimage\"},\"thumbnailUrl\":\"https:\/\/www.notibras.com\/site\/wp-content\/uploads\/2025\/08\/a-17-1-696x392-1.webp\",\"articleSection\":[\"Apocalipse\"],\"inLanguage\":\"pt-BR\"},{\"@type\":\"WebPage\",\"@id\":\"https:\/\/www.notibras.com\/site\/retomada-da-militarizacao-pelos-eua-e-motivada-por-disputa-com-china\/\",\"url\":\"https:\/\/www.notibras.com\/site\/retomada-da-militarizacao-pelos-eua-e-motivada-por-disputa-com-china\/\",\"name\":\"Retomada da militariza\u00e7\u00e3o pelos EUA \u00e9 motivada por disputa com China - Notibras\",\"isPartOf\":{\"@id\":\"https:\/\/www.notibras.com\/site\/#website\"},\"primaryImageOfPage\":{\"@id\":\"https:\/\/www.notibras.com\/site\/retomada-da-militarizacao-pelos-eua-e-motivada-por-disputa-com-china\/#primaryimage\"},\"image\":{\"@id\":\"https:\/\/www.notibras.com\/site\/retomada-da-militarizacao-pelos-eua-e-motivada-por-disputa-com-china\/#primaryimage\"},\"thumbnailUrl\":\"https:\/\/www.notibras.com\/site\/wp-content\/uploads\/2025\/08\/a-17-1-696x392-1.webp\",\"datePublished\":\"2025-08-22T03:29:21+00:00\",\"dateModified\":\"2025-08-22T07:33:06+00:00\",\"breadcrumb\":{\"@id\":\"https:\/\/www.notibras.com\/site\/retomada-da-militarizacao-pelos-eua-e-motivada-por-disputa-com-china\/#breadcrumb\"},\"inLanguage\":\"pt-BR\",\"potentialAction\":[{\"@type\":\"ReadAction\",\"target\":[\"https:\/\/www.notibras.com\/site\/retomada-da-militarizacao-pelos-eua-e-motivada-por-disputa-com-china\/\"]}]},{\"@type\":\"ImageObject\",\"inLanguage\":\"pt-BR\",\"@id\":\"https:\/\/www.notibras.com\/site\/retomada-da-militarizacao-pelos-eua-e-motivada-por-disputa-com-china\/#primaryimage\",\"url\":\"https:\/\/www.notibras.com\/site\/wp-content\/uploads\/2025\/08\/a-17-1-696x392-1.webp\",\"contentUrl\":\"https:\/\/www.notibras.com\/site\/wp-content\/uploads\/2025\/08\/a-17-1-696x392-1.webp\",\"width\":696,\"height\":392},{\"@type\":\"BreadcrumbList\",\"@id\":\"https:\/\/www.notibras.com\/site\/retomada-da-militarizacao-pelos-eua-e-motivada-por-disputa-com-china\/#breadcrumb\",\"itemListElement\":[{\"@type\":\"ListItem\",\"position\":1,\"name\":\"In\u00edcio\",\"item\":\"https:\/\/www.notibras.com\/site\/\"},{\"@type\":\"ListItem\",\"position\":2,\"name\":\"Retomada da militariza\u00e7\u00e3o pelos EUA \u00e9 motivada por disputa com China\"}]},{\"@type\":\"WebSite\",\"@id\":\"https:\/\/www.notibras.com\/site\/#website\",\"url\":\"https:\/\/www.notibras.com\/site\/\",\"name\":\"Notibras\",\"description\":\"Not\u00edcias de Bras\u00edlia, do Brasil e do Mundo\",\"publisher\":{\"@id\":\"https:\/\/www.notibras.com\/site\/#organization\"},\"potentialAction\":[{\"@type\":\"SearchAction\",\"target\":{\"@type\":\"EntryPoint\",\"urlTemplate\":\"https:\/\/www.notibras.com\/site\/?s={search_term_string}\"},\"query-input\":{\"@type\":\"PropertyValueSpecification\",\"valueRequired\":true,\"valueName\":\"search_term_string\"}}],\"inLanguage\":\"pt-BR\"},{\"@type\":\"Organization\",\"@id\":\"https:\/\/www.notibras.com\/site\/#organization\",\"name\":\"Grupo Notibras de Comunica\u00e7\u00e3o\",\"url\":\"https:\/\/www.notibras.com\/site\/\",\"logo\":{\"@type\":\"ImageObject\",\"inLanguage\":\"pt-BR\",\"@id\":\"https:\/\/www.notibras.com\/site\/#\/schema\/logo\/image\/\",\"url\":\"https:\/\/www.notibras.com\/site\/wp-content\/uploads\/2023\/01\/notibras23.png\",\"contentUrl\":\"https:\/\/www.notibras.com\/site\/wp-content\/uploads\/2023\/01\/notibras23.png\",\"width\":350,\"height\":87,\"caption\":\"Grupo Notibras de Comunica\u00e7\u00e3o\"},\"image\":{\"@id\":\"https:\/\/www.notibras.com\/site\/#\/schema\/logo\/image\/\"},\"sameAs\":[\"https:\/\/www.facebook.com\/notibras\/\",\"https:\/\/x.com\/Notibras\",\"https:\/\/www.instagram.com\/notibras\/\"]},{\"@type\":\"Person\",\"@id\":\"https:\/\/www.notibras.com\/site\/#\/schema\/person\/36ab0979449956132d3e5b517ea76ac8\",\"name\":\"Reda\u00e7\u00e3o\",\"image\":{\"@type\":\"ImageObject\",\"inLanguage\":\"pt-BR\",\"@id\":\"https:\/\/secure.gravatar.com\/avatar\/e0a867bdedb85fd243eadf09663511f96fc81e0720a4a42581f334ad4303aa6b?s=96&d=mm&r=g\",\"url\":\"https:\/\/secure.gravatar.com\/avatar\/e0a867bdedb85fd243eadf09663511f96fc81e0720a4a42581f334ad4303aa6b?s=96&d=mm&r=g\",\"contentUrl\":\"https:\/\/secure.gravatar.com\/avatar\/e0a867bdedb85fd243eadf09663511f96fc81e0720a4a42581f334ad4303aa6b?s=96&d=mm&r=g\",\"caption\":\"Reda\u00e7\u00e3o\"}}]}<\/script>\n<!-- \/ Yoast SEO plugin. -->","yoast_head_json":{"title":"Retomada da militariza\u00e7\u00e3o pelos EUA \u00e9 motivada por disputa com China - Notibras","robots":{"index":"index","follow":"follow","max-snippet":"max-snippet:-1","max-image-preview":"max-image-preview:large","max-video-preview":"max-video-preview:-1"},"canonical":"https:\/\/www.notibras.com\/site\/retomada-da-militarizacao-pelos-eua-e-motivada-por-disputa-com-china\/","og_locale":"pt_BR","og_type":"article","og_title":"Retomada da militariza\u00e7\u00e3o pelos EUA \u00e9 motivada por disputa com China - Notibras","og_description":"A recente movimenta\u00e7\u00e3o de tropas norte-americanas em dire\u00e7\u00e3o ao M\u00e9xico e \u00e0 Venezuela, sob o pretexto de combater o narcotr\u00e1fico, reacendeu os alarmes sobre uma poss\u00edvel escalada militar dos Estados Unidos na Am\u00e9rica Latina. A avalia\u00e7\u00e3o \u00e9 da professora Flavia Loss, especialista em rela\u00e7\u00f5es internacionais pelo Instituto Mau\u00e1 de Tecnologia (IMT), em entrevista ao podcast [&hellip;]","og_url":"https:\/\/www.notibras.com\/site\/retomada-da-militarizacao-pelos-eua-e-motivada-por-disputa-com-china\/","og_site_name":"Notibras","article_publisher":"https:\/\/www.facebook.com\/notibras\/","article_published_time":"2025-08-22T03:29:21+00:00","article_modified_time":"2025-08-22T07:33:06+00:00","og_image":[{"width":696,"height":392,"url":"https:\/\/www.notibras.com\/site\/wp-content\/uploads\/2025\/08\/a-17-1-696x392-1.webp","type":"image\/webp"}],"author":"Reda\u00e7\u00e3o","twitter_card":"summary_large_image","twitter_creator":"@Notibras","twitter_site":"@Notibras","twitter_misc":{"Escrito por":"Reda\u00e7\u00e3o","Est. tempo de leitura":"5 minutos"},"schema":{"@context":"https:\/\/schema.org","@graph":[{"@type":"Article","@id":"https:\/\/www.notibras.com\/site\/retomada-da-militarizacao-pelos-eua-e-motivada-por-disputa-com-china\/#article","isPartOf":{"@id":"https:\/\/www.notibras.com\/site\/retomada-da-militarizacao-pelos-eua-e-motivada-por-disputa-com-china\/"},"author":{"name":"Reda\u00e7\u00e3o","@id":"https:\/\/www.notibras.com\/site\/#\/schema\/person\/36ab0979449956132d3e5b517ea76ac8"},"headline":"Retomada da militariza\u00e7\u00e3o pelos EUA \u00e9 motivada por disputa com China","datePublished":"2025-08-22T03:29:21+00:00","dateModified":"2025-08-22T07:33:06+00:00","mainEntityOfPage":{"@id":"https:\/\/www.notibras.com\/site\/retomada-da-militarizacao-pelos-eua-e-motivada-por-disputa-com-china\/"},"wordCount":919,"publisher":{"@id":"https:\/\/www.notibras.com\/site\/#organization"},"image":{"@id":"https:\/\/www.notibras.com\/site\/retomada-da-militarizacao-pelos-eua-e-motivada-por-disputa-com-china\/#primaryimage"},"thumbnailUrl":"https:\/\/www.notibras.com\/site\/wp-content\/uploads\/2025\/08\/a-17-1-696x392-1.webp","articleSection":["Apocalipse"],"inLanguage":"pt-BR"},{"@type":"WebPage","@id":"https:\/\/www.notibras.com\/site\/retomada-da-militarizacao-pelos-eua-e-motivada-por-disputa-com-china\/","url":"https:\/\/www.notibras.com\/site\/retomada-da-militarizacao-pelos-eua-e-motivada-por-disputa-com-china\/","name":"Retomada da militariza\u00e7\u00e3o pelos EUA \u00e9 motivada por disputa com China - Notibras","isPartOf":{"@id":"https:\/\/www.notibras.com\/site\/#website"},"primaryImageOfPage":{"@id":"https:\/\/www.notibras.com\/site\/retomada-da-militarizacao-pelos-eua-e-motivada-por-disputa-com-china\/#primaryimage"},"image":{"@id":"https:\/\/www.notibras.com\/site\/retomada-da-militarizacao-pelos-eua-e-motivada-por-disputa-com-china\/#primaryimage"},"thumbnailUrl":"https:\/\/www.notibras.com\/site\/wp-content\/uploads\/2025\/08\/a-17-1-696x392-1.webp","datePublished":"2025-08-22T03:29:21+00:00","dateModified":"2025-08-22T07:33:06+00:00","breadcrumb":{"@id":"https:\/\/www.notibras.com\/site\/retomada-da-militarizacao-pelos-eua-e-motivada-por-disputa-com-china\/#breadcrumb"},"inLanguage":"pt-BR","potentialAction":[{"@type":"ReadAction","target":["https:\/\/www.notibras.com\/site\/retomada-da-militarizacao-pelos-eua-e-motivada-por-disputa-com-china\/"]}]},{"@type":"ImageObject","inLanguage":"pt-BR","@id":"https:\/\/www.notibras.com\/site\/retomada-da-militarizacao-pelos-eua-e-motivada-por-disputa-com-china\/#primaryimage","url":"https:\/\/www.notibras.com\/site\/wp-content\/uploads\/2025\/08\/a-17-1-696x392-1.webp","contentUrl":"https:\/\/www.notibras.com\/site\/wp-content\/uploads\/2025\/08\/a-17-1-696x392-1.webp","width":696,"height":392},{"@type":"BreadcrumbList","@id":"https:\/\/www.notibras.com\/site\/retomada-da-militarizacao-pelos-eua-e-motivada-por-disputa-com-china\/#breadcrumb","itemListElement":[{"@type":"ListItem","position":1,"name":"In\u00edcio","item":"https:\/\/www.notibras.com\/site\/"},{"@type":"ListItem","position":2,"name":"Retomada da militariza\u00e7\u00e3o pelos EUA \u00e9 motivada por disputa com China"}]},{"@type":"WebSite","@id":"https:\/\/www.notibras.com\/site\/#website","url":"https:\/\/www.notibras.com\/site\/","name":"Notibras","description":"Not\u00edcias de Bras\u00edlia, do Brasil e do Mundo","publisher":{"@id":"https:\/\/www.notibras.com\/site\/#organization"},"potentialAction":[{"@type":"SearchAction","target":{"@type":"EntryPoint","urlTemplate":"https:\/\/www.notibras.com\/site\/?s={search_term_string}"},"query-input":{"@type":"PropertyValueSpecification","valueRequired":true,"valueName":"search_term_string"}}],"inLanguage":"pt-BR"},{"@type":"Organization","@id":"https:\/\/www.notibras.com\/site\/#organization","name":"Grupo Notibras de Comunica\u00e7\u00e3o","url":"https:\/\/www.notibras.com\/site\/","logo":{"@type":"ImageObject","inLanguage":"pt-BR","@id":"https:\/\/www.notibras.com\/site\/#\/schema\/logo\/image\/","url":"https:\/\/www.notibras.com\/site\/wp-content\/uploads\/2023\/01\/notibras23.png","contentUrl":"https:\/\/www.notibras.com\/site\/wp-content\/uploads\/2023\/01\/notibras23.png","width":350,"height":87,"caption":"Grupo Notibras de Comunica\u00e7\u00e3o"},"image":{"@id":"https:\/\/www.notibras.com\/site\/#\/schema\/logo\/image\/"},"sameAs":["https:\/\/www.facebook.com\/notibras\/","https:\/\/x.com\/Notibras","https:\/\/www.instagram.com\/notibras\/"]},{"@type":"Person","@id":"https:\/\/www.notibras.com\/site\/#\/schema\/person\/36ab0979449956132d3e5b517ea76ac8","name":"Reda\u00e7\u00e3o","image":{"@type":"ImageObject","inLanguage":"pt-BR","@id":"https:\/\/secure.gravatar.com\/avatar\/e0a867bdedb85fd243eadf09663511f96fc81e0720a4a42581f334ad4303aa6b?s=96&d=mm&r=g","url":"https:\/\/secure.gravatar.com\/avatar\/e0a867bdedb85fd243eadf09663511f96fc81e0720a4a42581f334ad4303aa6b?s=96&d=mm&r=g","contentUrl":"https:\/\/secure.gravatar.com\/avatar\/e0a867bdedb85fd243eadf09663511f96fc81e0720a4a42581f334ad4303aa6b?s=96&d=mm&r=g","caption":"Reda\u00e7\u00e3o"}}]}},"amp_enabled":true,"_links":{"self":[{"href":"https:\/\/www.notibras.com\/site\/wp-json\/wp\/v2\/posts\/361792","targetHints":{"allow":["GET"]}}],"collection":[{"href":"https:\/\/www.notibras.com\/site\/wp-json\/wp\/v2\/posts"}],"about":[{"href":"https:\/\/www.notibras.com\/site\/wp-json\/wp\/v2\/types\/post"}],"author":[{"embeddable":true,"href":"https:\/\/www.notibras.com\/site\/wp-json\/wp\/v2\/users\/2"}],"replies":[{"embeddable":true,"href":"https:\/\/www.notibras.com\/site\/wp-json\/wp\/v2\/comments?post=361792"}],"version-history":[{"count":2,"href":"https:\/\/www.notibras.com\/site\/wp-json\/wp\/v2\/posts\/361792\/revisions"}],"predecessor-version":[{"id":361796,"href":"https:\/\/www.notibras.com\/site\/wp-json\/wp\/v2\/posts\/361792\/revisions\/361796"}],"wp:featuredmedia":[{"embeddable":true,"href":"https:\/\/www.notibras.com\/site\/wp-json\/wp\/v2\/media\/361793"}],"wp:attachment":[{"href":"https:\/\/www.notibras.com\/site\/wp-json\/wp\/v2\/media?parent=361792"}],"wp:term":[{"taxonomy":"category","embeddable":true,"href":"https:\/\/www.notibras.com\/site\/wp-json\/wp\/v2\/categories?post=361792"},{"taxonomy":"post_tag","embeddable":true,"href":"https:\/\/www.notibras.com\/site\/wp-json\/wp\/v2\/tags?post=361792"}],"curies":[{"name":"wp","href":"https:\/\/api.w.org\/{rel}","templated":true}]}}