{"id":361854,"date":"2025-08-22T00:00:52","date_gmt":"2025-08-22T03:00:52","guid":{"rendered":"https:\/\/www.notibras.com\/site\/?p=361854"},"modified":"2025-08-22T06:43:29","modified_gmt":"2025-08-22T09:43:29","slug":"agencias-do-trabalhador-tem-710-vagas-disponiveis-em-varias-areas","status":"publish","type":"post","link":"https:\/\/www.notibras.com\/site\/agencias-do-trabalhador-tem-710-vagas-disponiveis-em-varias-areas\/","title":{"rendered":"Ag\u00eancias do trabalhador t\u00eam 710 vagas dispon\u00edveis em v\u00e1rias \u00e1reas"},"content":{"rendered":"<p>Nesta sexta-feira (22), as ag\u00eancias do trabalhador do Distrito Federal oferecem 710 vagas para quem deseja ingressar ou se realocar no mercado de trabalho. Os sal\u00e1rios variam de R$ 1.518 a R$ 3.171,34, com oportunidades para diferentes n\u00edveis de escolaridade.<\/p>\n<p>As vagas com maior remunera\u00e7\u00e3o s\u00e3o para meio oficial de mec\u00e2nico de refrigera\u00e7\u00e3o, com duas oportunidades em \u00c1guas Claras, e para ajustador mec\u00e2nico de manuten\u00e7\u00e3o, com uma vaga tamb\u00e9m em \u00c1guas Claras. Ambas exigem ensino m\u00e9dio completo e experi\u00eancia comprovada na \u00e1rea, t\u00eam sal\u00e1rio de R$ 3,1 mil e s\u00e3o exclusivas para Pessoas com Defici\u00eancia (PCDs).<\/p>\n<p>O sistema tamb\u00e9m oferece outras vagas destinadas a PCDs. H\u00e1 uma oportunidade para vidraceiro, uma para oficial de manuten\u00e7\u00e3o, uma para marceneiro, uma para eletricista, uma para auxiliar t\u00e9cnico de educa\u00e7\u00e3o e cinco para auxiliar de manuten\u00e7\u00e3o predial, distribu\u00eddas em diversas regi\u00f5es do DF.<\/p>\n<p>Para participar dos processos seletivos, basta cadastrar o curr\u00edculo no aplicativo da Carteira de Trabalho Digital (CTPS) ou ir a uma das 15 ag\u00eancias do trabalhador, das 8h \u00e0s 17h, durante a semana. Mesmo que nenhuma das oportunidades do dia seja atraente ao candidato, o cadastro vale para oportunidades futuras, j\u00e1 que o sistema cruza dados dos concorrentes com o perfil que as empresas procuram.<\/p>\n<p>Empregadores e empreendedores que desejem ofertar vagas ou utilizar o espa\u00e7o das ag\u00eancias do trabalhador para as entrevistas podem se cadastrar pessoalmente nas unidades ou pelo e-mail gcv@sedet.df.gov.br. Pode ser utilizado, ainda, o Canal do Empregador, no site da Secretaria de Desenvolvimento Econ\u00f4mico, Trabalho e Renda (Sedet-DF).<\/p>\n","protected":false},"excerpt":{"rendered":"<p>Nesta sexta-feira (22), as ag\u00eancias do trabalhador do Distrito Federal oferecem 710 vagas para quem deseja ingressar ou se realocar no mercado de trabalho. Os sal\u00e1rios variam de R$ 1.518 a R$ 3.171,34, com oportunidades para diferentes n\u00edveis de escolaridade. As vagas com maior remunera\u00e7\u00e3o s\u00e3o para meio oficial de mec\u00e2nico de refrigera\u00e7\u00e3o, com duas [&hellip;]<\/p>\n","protected":false},"author":2,"featured_media":334835,"comment_status":"closed","ping_status":"closed","sticky":false,"template":"","format":"standard","meta":{"_acf_changed":false,"footnotes":""},"categories":[161],"tags":[],"class_list":["post-361854","post","type-post","status-publish","format-standard","has-post-thumbnail","hentry","category-quadradinho-em-foco"],"acf":[],"_links":{"self":[{"href":"https:\/\/www.notibras.com\/site\/wp-json\/wp\/v2\/posts\/361854","targetHints":{"allow":["GET"]}}],"collection":[{"href":"https:\/\/www.notibras.com\/site\/wp-json\/wp\/v2\/posts"}],"about":[{"href":"https:\/\/www.notibras.com\/site\/wp-json\/wp\/v2\/types\/post"}],"author":[{"embeddable":true,"href":"https:\/\/www.notibras.com\/site\/wp-json\/wp\/v2\/users\/2"}],"replies":[{"embeddable":true,"href":"https:\/\/www.notibras.com\/site\/wp-json\/wp\/v2\/comments?post=361854"}],"version-history":[{"count":1,"href":"https:\/\/www.notibras.com\/site\/wp-json\/wp\/v2\/posts\/361854\/revisions"}],"predecessor-version":[{"id":361855,"href":"https:\/\/www.notibras.com\/site\/wp-json\/wp\/v2\/posts\/361854\/revisions\/361855"}],"wp:featuredmedia":[{"embeddable":true,"href":"https:\/\/www.notibras.com\/site\/wp-json\/wp\/v2\/media\/334835"}],"wp:attachment":[{"href":"https:\/\/www.notibras.com\/site\/wp-json\/wp\/v2\/media?parent=361854"}],"wp:term":[{"taxonomy":"category","embeddable":true,"href":"https:\/\/www.notibras.com\/site\/wp-json\/wp\/v2\/categories?post=361854"},{"taxonomy":"post_tag","embeddable":true,"href":"https:\/\/www.notibras.com\/site\/wp-json\/wp\/v2\/tags?post=361854"}],"curies":[{"name":"wp","href":"https:\/\/api.w.org\/{rel}","templated":true}]}}