{"id":361856,"date":"2025-08-22T00:46:35","date_gmt":"2025-08-22T03:46:35","guid":{"rendered":"https:\/\/www.notibras.com\/site\/?p=361856"},"modified":"2025-08-22T06:48:05","modified_gmt":"2025-08-22T09:48:05","slug":"gama-recebe-projeto-cinema-inflavel-com-tela-a-ceu-aberto","status":"publish","type":"post","link":"https:\/\/www.notibras.com\/site\/gama-recebe-projeto-cinema-inflavel-com-tela-a-ceu-aberto\/","title":{"rendered":"Gama recebe projeto Cinema Infl\u00e1vel, com tela a c\u00e9u aberto"},"content":{"rendered":"<p>O projeto Cinema Infl\u00e1vel chega ao Gama nesta sexta-feira (22) com sess\u00f5es gratuitas de cinema ao ar livre. A iniciativa tem apoio institucional do Governo do Distrito Federal (GDF), por meio da Secretaria de Governo (Segov).<\/p>\n<p>A entrada \u00e9 livre e os lugares podem ser ocupados por ordem de chegada, sem necessidade de ingresso. A classifica\u00e7\u00e3o indicativa de todos os filmes exibidos neste fim de semana \u00e9 livre, mas cada obra segue orienta\u00e7\u00e3o espec\u00edfica. O p\u00fablico pode levar lanches, e a organiza\u00e7\u00e3o disponibilizar\u00e1 banheiros no local. Tamb\u00e9m haver\u00e1 distribui\u00e7\u00e3o gratuita de pipoca e refrigerante.<\/p>\n<p>Projeto Cinema Infl\u00e1vel<br \/>\nCriado em 2013, o Cinema Infl\u00e1vel j\u00e1 percorreu diversas regi\u00f5es do pa\u00eds em 14 edi\u00e7\u00f5es. No DF, a iniciativa \u00e9 uma contrapartida do Open Air Brasil, que ocorre no Pont\u00e3o do Lago Sul, em junho. O projeto monta uma tela de 10 x 6 metros em espa\u00e7os p\u00fablicos e oferece ao p\u00fablico filmes consagrados, al\u00e9m de curtas-metragens de artistas locais, oficinas e recrea\u00e7\u00e3o infantil.<\/p>\n<p>O evento ser\u00e1 montado na Pra\u00e7a da Administra\u00e7\u00e3o Regional, com programa\u00e7\u00e3o at\u00e9 domingo (24). Antes, ele j\u00e1 passou por Ceil\u00e2ndia, Vila Telebras\u00edlia, Recanto das Emas, Cidade Estrutural, Santa Maria, Candangol\u00e2ndia, Brazl\u00e2ndia, Parano\u00e1 e S\u00e3o Sebasti\u00e3o, reunindo mais de 7 mil espectadores. Pr\u00f3xima parada ser\u00e1 em Sobradinho, de 29 a 31 de agosto.<\/p>\n<p><strong>Programa\u00e7\u00e3o:<\/strong><br \/>\n18h \u2013 Abertura do espa\u00e7o e recrea\u00e7\u00e3o infantil;<\/p>\n<p>19h \u2013 In\u00edcio da sess\u00e3o;<\/p>\n<p>21h30 \u2013 Encerramento.<\/p>\n<p><strong>Em cartaz:<\/strong><br \/>\nSexta-feira (22) \u2013 Estrelas Al\u00e9m do Tempo (dublado, classifica\u00e7\u00e3o livre): hist\u00f3ria real de tr\u00eas mulheres negras que desafiaram o racismo e o machismo na NASA dos anos 1960, contribuindo para o sucesso da miss\u00e3o que colocou o homem em \u00f3rbita.<\/p>\n<p>S\u00e1bado (23) \u2013 Rob\u00f4 Selvagem (dublado, classifica\u00e7\u00e3o livre): ap\u00f3s naufragar em uma ilha, a rob\u00f4 Roz aprende a sobreviver em meio \u00e0 natureza e cria la\u00e7os com os animais locais.<\/p>\n<p>Domingo (24) \u2013 Saneamento B\u00e1sico (nacional, 12 anos): moradores de uma comunidade no sul do Brasil produzem um \u201cfilme de monstro\u201d para conseguir verba p\u00fablica destinada originalmente \u00e0 cultura, mas que eles precisam aplicar em saneamento.<\/p>\n","protected":false},"excerpt":{"rendered":"<p>O projeto Cinema Infl\u00e1vel chega ao Gama nesta sexta-feira (22) com sess\u00f5es gratuitas de cinema ao ar livre. A iniciativa tem apoio institucional do Governo do Distrito Federal (GDF), por meio da Secretaria de Governo (Segov). A entrada \u00e9 livre e os lugares podem ser ocupados por ordem de chegada, sem necessidade de ingresso. A [&hellip;]<\/p>\n","protected":false},"author":2,"featured_media":361857,"comment_status":"closed","ping_status":"closed","sticky":false,"template":"","format":"standard","meta":{"_acf_changed":false,"footnotes":""},"categories":[161],"tags":[],"class_list":["post-361856","post","type-post","status-publish","format-standard","has-post-thumbnail","hentry","category-quadradinho-em-foco"],"acf":[],"_links":{"self":[{"href":"https:\/\/www.notibras.com\/site\/wp-json\/wp\/v2\/posts\/361856","targetHints":{"allow":["GET"]}}],"collection":[{"href":"https:\/\/www.notibras.com\/site\/wp-json\/wp\/v2\/posts"}],"about":[{"href":"https:\/\/www.notibras.com\/site\/wp-json\/wp\/v2\/types\/post"}],"author":[{"embeddable":true,"href":"https:\/\/www.notibras.com\/site\/wp-json\/wp\/v2\/users\/2"}],"replies":[{"embeddable":true,"href":"https:\/\/www.notibras.com\/site\/wp-json\/wp\/v2\/comments?post=361856"}],"version-history":[{"count":1,"href":"https:\/\/www.notibras.com\/site\/wp-json\/wp\/v2\/posts\/361856\/revisions"}],"predecessor-version":[{"id":361858,"href":"https:\/\/www.notibras.com\/site\/wp-json\/wp\/v2\/posts\/361856\/revisions\/361858"}],"wp:featuredmedia":[{"embeddable":true,"href":"https:\/\/www.notibras.com\/site\/wp-json\/wp\/v2\/media\/361857"}],"wp:attachment":[{"href":"https:\/\/www.notibras.com\/site\/wp-json\/wp\/v2\/media?parent=361856"}],"wp:term":[{"taxonomy":"category","embeddable":true,"href":"https:\/\/www.notibras.com\/site\/wp-json\/wp\/v2\/categories?post=361856"},{"taxonomy":"post_tag","embeddable":true,"href":"https:\/\/www.notibras.com\/site\/wp-json\/wp\/v2\/tags?post=361856"}],"curies":[{"name":"wp","href":"https:\/\/api.w.org\/{rel}","templated":true}]}}