{"id":361859,"date":"2025-08-22T00:00:54","date_gmt":"2025-08-22T03:00:54","guid":{"rendered":"https:\/\/www.notibras.com\/site\/?p=361859"},"modified":"2025-08-22T06:51:59","modified_gmt":"2025-08-22T09:51:59","slug":"vai-de-graca-ganha-novos-horarios-para-atender-mais-passageiros","status":"publish","type":"post","link":"https:\/\/www.notibras.com\/site\/vai-de-graca-ganha-novos-horarios-para-atender-mais-passageiros\/","title":{"rendered":"Vai de Gra\u00e7a ganha novos hor\u00e1rios para atender mais passageiros"},"content":{"rendered":"<p>Os passageiros de Santa Maria, Itapo\u00e3, Parano\u00e1, Gama v\u00e3o ter refor\u00e7o no programa Vai de Gra\u00e7a a partir deste domingo (24). A Secretaria de Transporte e Mobilidade (Semob-DF) vai aumentar o n\u00famero de viagens de tr\u00eas linhas (141.5, 2202 e 2302), ap\u00f3s solicita\u00e7\u00e3o feita pelos pr\u00f3prios usu\u00e1rios. Ao todo, ser\u00e3o 38 novos hor\u00e1rios aos domingos \u2014 com passagens gratuitas.<\/p>\n<p>No Itapo\u00e3 e no Parano\u00e1, os passageiros ter\u00e3o mais op\u00e7\u00f5es de hor\u00e1rios para fazer o deslocamento at\u00e9 a Prainha. A linha 141.5 vai ter a amplia\u00e7\u00e3o de seis sa\u00eddas aos domingos, passando de dez para 16. O servi\u00e7o faz o percurso entre o Itapo\u00e3 Parque e o Parano\u00e1 Parque at\u00e9 o Varj\u00e3o, passando pela Prainha.<\/p>\n<p>J\u00e1 no Gama e em Santa Maria, haver\u00e1 refor\u00e7o de hor\u00e1rios nas linhas do BRT que fazem o trajeto at\u00e9 a Rodovi\u00e1ria do Plano Piloto.<\/p>\n<p>A 2202, que sai da Esta\u00e7\u00e3o de Integra\u00e7\u00e3o do Gama, vai ganhar mais 14 hor\u00e1rios, sendo sete em cada sentido. O n\u00famero de viagens da linha vai passar das atuais 144 para 158. Enquanto a 2302, cuja origem \u00e9 na Esta\u00e7\u00e3o de Integra\u00e7\u00e3o de Santa Maria, ter\u00e1 mais 18 sa\u00eddas, sendo nove em cada sentido. A quantidade de hor\u00e1rios vai passar das atuais 150 para 168.<\/p>\n<p>\u201cNosso objetivo \u00e9 ampliar as op\u00e7\u00f5es de deslocamento da popula\u00e7\u00e3o e dar mais qualidade ao servi\u00e7o. O refor\u00e7o nas linhas do Vai de Gra\u00e7a atende a pedidos dos pr\u00f3prios usu\u00e1rios e garante mais comodidade e agilidade para quem depende do transporte p\u00fablico aos domingos&#8221;, explica o secret\u00e1rio de Transporte e Mobilidade, Zeno Gon\u00e7alves.<br \/>\nAmplia\u00e7\u00e3o da oferta de viagens do Vai de Gra\u00e7a<\/p>\n<p>\u21d2 Linha 141.5 \u2013 Itapo\u00e3 (La Font \u2013 Del Lago) \/ Itapo\u00e3 Parque \/ Parano\u00e1 Parque \/ Parano\u00e1 \/ Varj\u00e3o (Prainha)<\/p>\n<p>\u00b7 Mais seis viagens, passando das atuais 10 para 16<\/p>\n<p>\u00b7 Hor\u00e1rios aos domingos e feriados (saindo da garagem da Coobrataete): 7h35, 10h, 11h, 11h48, 12h12, 12h36, 13h24, 14h12, 15h, 15h48, 16h30, 17h, 17h30, 18h, 18h30 e 19h<\/p>\n<p>\u21d2 Linha 2202 \u2013 Esta\u00e7\u00e3o de Integra\u00e7\u00e3o do Gama\/Rodovi\u00e1ria do Plano Piloto (Paradora \u2013 Eixo Leste\/Oeste)<\/p>\n<p>\u00b7 Mais 14 viagens, sendo sete em cada sentido, passando das atuais 144 para 158 viagens<\/p>\n<p>\u21d2 Linha 2302 \u2013 Esta\u00e7\u00e3o de Integra\u00e7\u00e3o de Santa Maria\/Rodovi\u00e1ria do Plano Piloto (Paradora \u2013 Eixo Leste\/Oeste)<\/p>\n<p>\u00b7 Mais 18 viagens, sendo nove em cada sentido, passando das atuais 150 para 168 viagens<\/p>\n","protected":false},"excerpt":{"rendered":"<p>Os passageiros de Santa Maria, Itapo\u00e3, Parano\u00e1, Gama v\u00e3o ter refor\u00e7o no programa Vai de Gra\u00e7a a partir deste domingo (24). A Secretaria de Transporte e Mobilidade (Semob-DF) vai aumentar o n\u00famero de viagens de tr\u00eas linhas (141.5, 2202 e 2302), ap\u00f3s solicita\u00e7\u00e3o feita pelos pr\u00f3prios usu\u00e1rios. Ao todo, ser\u00e3o 38 novos hor\u00e1rios aos domingos [&hellip;]<\/p>\n","protected":false},"author":2,"featured_media":361860,"comment_status":"closed","ping_status":"closed","sticky":false,"template":"","format":"standard","meta":{"_acf_changed":false,"footnotes":""},"categories":[161],"tags":[],"class_list":["post-361859","post","type-post","status-publish","format-standard","has-post-thumbnail","hentry","category-quadradinho-em-foco"],"acf":[],"_links":{"self":[{"href":"https:\/\/www.notibras.com\/site\/wp-json\/wp\/v2\/posts\/361859","targetHints":{"allow":["GET"]}}],"collection":[{"href":"https:\/\/www.notibras.com\/site\/wp-json\/wp\/v2\/posts"}],"about":[{"href":"https:\/\/www.notibras.com\/site\/wp-json\/wp\/v2\/types\/post"}],"author":[{"embeddable":true,"href":"https:\/\/www.notibras.com\/site\/wp-json\/wp\/v2\/users\/2"}],"replies":[{"embeddable":true,"href":"https:\/\/www.notibras.com\/site\/wp-json\/wp\/v2\/comments?post=361859"}],"version-history":[{"count":1,"href":"https:\/\/www.notibras.com\/site\/wp-json\/wp\/v2\/posts\/361859\/revisions"}],"predecessor-version":[{"id":361861,"href":"https:\/\/www.notibras.com\/site\/wp-json\/wp\/v2\/posts\/361859\/revisions\/361861"}],"wp:featuredmedia":[{"embeddable":true,"href":"https:\/\/www.notibras.com\/site\/wp-json\/wp\/v2\/media\/361860"}],"wp:attachment":[{"href":"https:\/\/www.notibras.com\/site\/wp-json\/wp\/v2\/media?parent=361859"}],"wp:term":[{"taxonomy":"category","embeddable":true,"href":"https:\/\/www.notibras.com\/site\/wp-json\/wp\/v2\/categories?post=361859"},{"taxonomy":"post_tag","embeddable":true,"href":"https:\/\/www.notibras.com\/site\/wp-json\/wp\/v2\/tags?post=361859"}],"curies":[{"name":"wp","href":"https:\/\/api.w.org\/{rel}","templated":true}]}}